{"id":125020,"date":"2025-05-24T17:25:18","date_gmt":"2025-05-24T17:25:18","guid":{"rendered":"https:\/\/www.europesays.com\/fr\/125020\/"},"modified":"2025-05-24T17:25:18","modified_gmt":"2025-05-24T17:25:18","slug":"unieux-la-seule-commune-de-la-metropole-a-baisser-ses-impots-depuis-2021","status":"publish","type":"post","link":"https:\/\/www.europesays.com\/fr\/125020\/","title":{"rendered":"Unieux. La seule commune de la M\u00e9tropole \u00e0 baisser ses imp\u00f4ts depuis 2021"},"content":{"rendered":"<p>Lors de ce conseil de quartier, le maire a rappel\u00e9 que la commune d\u2019Unieux est toujours endett\u00e9e suite aux emprunts effectu\u00e9s en 2007. La dette sera enti\u00e8rement rembours\u00e9e aux alentours de 2029, soit pr\u00e8s de vingt ans plus tard.<\/p>\n<p>En ce qui concerne le budget de fonctionnement, trois objectifs principaux\u00a0: g\u00e9n\u00e9rer une capacit\u00e9 d\u2019autofinancement pour financer les travaux, le maintien des subventions aux associations, et une&#8230;<\/p>\n","protected":false},"excerpt":{"rendered":"Lors de ce conseil de quartier, le maire a rappel\u00e9 que la commune d\u2019Unieux est toujours endett\u00e9e suite&hellip;\n","protected":false},"author":2,"featured_media":125021,"comment_status":"","ping_status":"","sticky":false,"template":"","format":"standard","meta":{"footnotes":""},"categories":[9653],"tags":[1111,11,2430,7539,1777,674,1011,27,12,316,25,4001,14024,14025],"class_list":{"0":"post-125020","1":"post","2":"type-post","3":"status-publish","4":"format-standard","5":"has-post-thumbnail","7":"category-saint-etienne","8":"tag-actu","9":"tag-actualites","10":"tag-auvergne-rhone-alpes","11":"tag-edition-loire-sud","12":"tag-eu","13":"tag-europe","14":"tag-fr","15":"tag-france","16":"tag-news","17":"tag-politique","18":"tag-republique-francaise","19":"tag-saint-etienne","20":"tag-unieux","21":"tag-unieux-bassin"},"share_on_mastodon":{"url":"https:\/\/pubeurope.com\/@fr\/114563981172498492","error":""},"_links":{"self":[{"href":"https:\/\/www.europesays.com\/fr\/wp-json\/wp\/v2\/posts\/125020","targetHints":{"allow":["GET"]}}],"collection":[{"href":"https:\/\/www.europesays.com\/fr\/wp-json\/wp\/v2\/posts"}],"about":[{"href":"https:\/\/www.europesays.com\/fr\/wp-json\/wp\/v2\/types\/post"}],"author":[{"embeddable":true,"href":"https:\/\/www.europesays.com\/fr\/wp-json\/wp\/v2\/users\/2"}],"replies":[{"embeddable":true,"href":"https:\/\/www.europesays.com\/fr\/wp-json\/wp\/v2\/comments?post=125020"}],"version-history":[{"count":0,"href":"https:\/\/www.europesays.com\/fr\/wp-json\/wp\/v2\/posts\/125020\/revisions"}],"wp:featuredmedia":[{"embeddable":true,"href":"https:\/\/www.europesays.com\/fr\/wp-json\/wp\/v2\/media\/125021"}],"wp:attachment":[{"href":"https:\/\/www.europesays.com\/fr\/wp-json\/wp\/v2\/media?parent=125020"}],"wp:term":[{"taxonomy":"category","embeddable":true,"href":"https:\/\/www.europesays.com\/fr\/wp-json\/wp\/v2\/categories?post=125020"},{"taxonomy":"post_tag","embeddable":true,"href":"https:\/\/www.europesays.com\/fr\/wp-json\/wp\/v2\/tags?post=125020"}],"curies":[{"name":"wp","href":"https:\/\/api.w.org\/{rel}","templated":true}]}}