{"id":125022,"date":"2025-05-24T17:26:12","date_gmt":"2025-05-24T17:26:12","guid":{"rendered":"https:\/\/www.europesays.com\/fr\/125022\/"},"modified":"2025-05-24T17:26:12","modified_gmt":"2025-05-24T17:26:12","slug":"pourquoi-les-internes-sont-en-colere","status":"publish","type":"post","link":"https:\/\/www.europesays.com\/fr\/125022\/","title":{"rendered":"pourquoi les internes sont en col\u00e8re"},"content":{"rendered":"<p>Elle s\u2019avoue \u00ab\u00a0d\u00e9gout\u00e9e\u00a0\u00bb. Elle en serait presque malade. \u00ab\u00a0Si au moins cette loi avait du sens&#8230; mais non.\u00a0\u00bb Marie (1), 26 ans, est une future m\u00e9decin. Comme tous les internes, elle n\u2019a pas dig\u00e9r\u00e9 l\u2019adoption de la loi Garot vot\u00e9e, il y a quelques semaines, dans un h\u00e9micycle parsem\u00e9. Une loi propos\u00e9e pour r\u00e9guler l\u2019installation des m\u00e9decins, dont elle d\u00e9nonce l\u2019inefficacit\u00e9 dans un contexte de p\u00e9nurie.<\/p>\n<p>\u00ab\u00a0M\u00eame dans les zones surdot\u00e9es, il n\u2019y a pas assez de m\u00e9decins. C\u2019est n\u2019importe quoi. C\u2019est de la provocation et de la d\u00e9magogie. Dans cette histoire, on a le sentiment d\u2019\u00eatre des \u00e9go\u00efstes, des ingrats. On rappelle sans cesse que nos \u00e9tudes de m\u00e9decine sont financ\u00e9es par la soci\u00e9t\u00e9&#8230;.<\/p>\n","protected":false},"excerpt":{"rendered":"Elle s\u2019avoue \u00ab\u00a0d\u00e9gout\u00e9e\u00a0\u00bb. Elle en serait presque malade. \u00ab\u00a0Si au moins cette loi avait du sens&#8230; mais non.\u00a0\u00bb&hellip;\n","protected":false},"author":2,"featured_media":125023,"comment_status":"","ping_status":"","sticky":false,"template":"","format":"standard","meta":{"footnotes":""},"categories":[9653],"tags":[1111,11,2430,7539,1777,674,1011,27,3367,12,25,4001,7538,71],"class_list":{"0":"post-125022","1":"post","2":"type-post","3":"status-publish","4":"format-standard","5":"has-post-thumbnail","7":"category-saint-etienne","8":"tag-actu","9":"tag-actualites","10":"tag-auvergne-rhone-alpes","11":"tag-edition-loire-sud","12":"tag-eu","13":"tag-europe","14":"tag-fr","15":"tag-france","16":"tag-loire","17":"tag-news","18":"tag-republique-francaise","19":"tag-saint-etienne","20":"tag-saint-etienne-ville","21":"tag-sante"},"share_on_mastodon":{"url":"https:\/\/pubeurope.com\/@fr\/114563985297475574","error":""},"_links":{"self":[{"href":"https:\/\/www.europesays.com\/fr\/wp-json\/wp\/v2\/posts\/125022","targetHints":{"allow":["GET"]}}],"collection":[{"href":"https:\/\/www.europesays.com\/fr\/wp-json\/wp\/v2\/posts"}],"about":[{"href":"https:\/\/www.europesays.com\/fr\/wp-json\/wp\/v2\/types\/post"}],"author":[{"embeddable":true,"href":"https:\/\/www.europesays.com\/fr\/wp-json\/wp\/v2\/users\/2"}],"replies":[{"embeddable":true,"href":"https:\/\/www.europesays.com\/fr\/wp-json\/wp\/v2\/comments?post=125022"}],"version-history":[{"count":0,"href":"https:\/\/www.europesays.com\/fr\/wp-json\/wp\/v2\/posts\/125022\/revisions"}],"wp:featuredmedia":[{"embeddable":true,"href":"https:\/\/www.europesays.com\/fr\/wp-json\/wp\/v2\/media\/125023"}],"wp:attachment":[{"href":"https:\/\/www.europesays.com\/fr\/wp-json\/wp\/v2\/media?parent=125022"}],"wp:term":[{"taxonomy":"category","embeddable":true,"href":"https:\/\/www.europesays.com\/fr\/wp-json\/wp\/v2\/categories?post=125022"},{"taxonomy":"post_tag","embeddable":true,"href":"https:\/\/www.europesays.com\/fr\/wp-json\/wp\/v2\/tags?post=125022"}],"curies":[{"name":"wp","href":"https:\/\/api.w.org\/{rel}","templated":true}]}}