{"id":125024,"date":"2025-05-24T17:27:10","date_gmt":"2025-05-24T17:27:10","guid":{"rendered":"https:\/\/www.europesays.com\/fr\/125024\/"},"modified":"2025-05-24T17:27:10","modified_gmt":"2025-05-24T17:27:10","slug":"nancy-thierry-france-lanord-nous-a-quittes","status":"publish","type":"post","link":"https:\/\/www.europesays.com\/fr\/125024\/","title":{"rendered":"Nancy. Thierry France-Lanord nous a quitt\u00e9s"},"content":{"rendered":"<p>La <a href=\"https:\/\/www.estrepublicain.fr\/p\/place-stanislas\" target=\"_blank\" rel=\"noopener\">Place Stanislas<\/a> a perdu <a href=\"https:\/\/www.estrepublicain.fr\/actualite\/2015\/08\/26\/viens-chez-moi-j-habite-place-stan\" target=\"_blank\" rel=\"noopener\">son embl\u00e9matique r\u00e9sident<\/a>. Fier propri\u00e9taire de son appartement donnant sur le monument nanc\u00e9ien, Thierry France-Lanord est d\u00e9c\u00e9d\u00e9 jeudi, \u00e0 l\u2019\u00e2ge de 73 ans.<\/p>\n<p>Cultiv\u00e9, ayant un humour \u00e0 toute \u00e9preuve, travailleur, g\u00e9n\u00e9reux et engag\u00e9\u2026 L\u2019homme a marqu\u00e9 la cit\u00e9 ducale. Et pour cause. Son nom est indissociable de <a href=\"https:\/\/www.estrepublicain.fr\/meurthe-et-moselle\/2011\/08\/01\/l-histoire-des-france-bien-batie\" target=\"_blank\" rel=\"noopener\">l\u2019entreprise France-Lanord &amp; Bichaton<\/a> , connue pour son savoir-faire dans la restauration des monuments historiques, dont il a \u00e9t\u00e9 le directeur g\u00e9n\u00e9ral jusqu\u2019en 2020.<\/p>\n<p>Le Palais des ducs de Lorraine, la place Stanislas ou encore la <a href=\"https:\/\/www.estrepublicain.fr\/p\/villa-majorelle\" target=\"_blank\" rel=\"noopener\">Villa Majorelle<\/a> \u00e0 Nancy\u2026 Sans oublier le <a href=\"https:\/\/www.estrepublicain.fr\/p\/chateau-de-luneville\" target=\"_blank\" rel=\"noopener\">ch\u00e2teau de Lun\u00e9ville<\/a> et la basilique de Saint-Nicolas-de-Port\u2026 Nombreux sont les monuments et autres chefs-d\u2019\u0153uvre architecturaux \u00e0 avoir b\u00e9n\u00e9fici\u00e9 de l\u2019expertise de FLB, cofond\u00e9e par l\u2019arri\u00e8re-grand-p\u00e8re de Thierry France-Lanord, en 1865. En 2012, pour l\u2019ann\u00e9e Jean-Prouv\u00e9, c\u2019est \u00e0 lui que l\u2019on doit la <a href=\"https:\/\/www.estrepublicain.fr\/meurthe-et-moselle\/2012\/03\/17\/la-chaise-sur-la-place\" target=\"_blank\" rel=\"noopener\">chaise num\u00e9ro\u00a04 g\u00e9ante<\/a> , en bois, haute de 10 m\u00e8tres.<\/p>\n<p>Son d\u00e9c\u00e8s laisse \u00e9galement orpheline la fili\u00e8re bois pour laquelle il a tant fait en occupant, notamment, le poste de vice-pr\u00e9sident au sein du conseil d\u2019administration de Fibois France, l\u2019organisme national de coordination des interprofessions r\u00e9gionales du bois\u2026 Mais aussi celui de pr\u00e9sident de Fibois Grand Est. L\u2019occasion pour Thierry France-Lanord de s\u2019impliquer dans la promotion et le d\u00e9veloppement de l\u2019industrie du bois r\u00e9gionale, en abordant les d\u00e9fis environnementaux et en favorisant la collaboration entre les diverses parties prenantes.<\/p>\n<p>Mais c\u2019est le monde de la culture que sa disparition laisse aujourd\u2019hui sans voix. Pr\u00e9sident de l\u2019 <a href=\"https:\/\/www.estrepublicain.fr\/edition-de-nancy-ville\/2015\/09\/17\/nancy-un-lifting-pour-la-villa-majorelle\" target=\"_blank\" rel=\"noopener\">Association des Amis du mus\u00e9e de l\u2019\u00c9cole de Nancy<\/a> (AAMEN), il \u00e9tait l\u2019un des piliers de Nancy Jazz Pulsations dont il a \u00e9t\u00e9, un temps, le vice-pr\u00e9sident. Avant de reprendre la fonction de tr\u00e9sorier au sein du bureau.<\/p>\n<p>Nos condol\u00e9ances<\/p>\n","protected":false},"excerpt":{"rendered":"La Place Stanislas a perdu son embl\u00e9matique r\u00e9sident. Fier propri\u00e9taire de son appartement donnant sur le monument nanc\u00e9ien,&hellip;\n","protected":false},"author":2,"featured_media":125025,"comment_status":"","ping_status":"","sticky":false,"template":"","format":"standard","meta":{"footnotes":""},"categories":[9635],"tags":[1111,11,9223,1704,1777,674,1011,27,775,1702,1703,1391,12,25,104],"class_list":{"0":"post-125024","1":"post","2":"type-post","3":"status-publish","4":"format-standard","5":"has-post-thumbnail","7":"category-nancy","8":"tag-actu","9":"tag-actualites","10":"tag-carnet-du-jour","11":"tag-edition-nancy-et-agglomeration","12":"tag-eu","13":"tag-europe","14":"tag-fr","15":"tag-france","16":"tag-grand-est","17":"tag-nancy","18":"tag-nancy-ville-54b","19":"tag-necrologie","20":"tag-news","21":"tag-republique-francaise","22":"tag-societe"},"share_on_mastodon":{"url":"https:\/\/pubeurope.com\/@fr\/114563989297108172","error":""},"_links":{"self":[{"href":"https:\/\/www.europesays.com\/fr\/wp-json\/wp\/v2\/posts\/125024","targetHints":{"allow":["GET"]}}],"collection":[{"href":"https:\/\/www.europesays.com\/fr\/wp-json\/wp\/v2\/posts"}],"about":[{"href":"https:\/\/www.europesays.com\/fr\/wp-json\/wp\/v2\/types\/post"}],"author":[{"embeddable":true,"href":"https:\/\/www.europesays.com\/fr\/wp-json\/wp\/v2\/users\/2"}],"replies":[{"embeddable":true,"href":"https:\/\/www.europesays.com\/fr\/wp-json\/wp\/v2\/comments?post=125024"}],"version-history":[{"count":0,"href":"https:\/\/www.europesays.com\/fr\/wp-json\/wp\/v2\/posts\/125024\/revisions"}],"wp:featuredmedia":[{"embeddable":true,"href":"https:\/\/www.europesays.com\/fr\/wp-json\/wp\/v2\/media\/125025"}],"wp:attachment":[{"href":"https:\/\/www.europesays.com\/fr\/wp-json\/wp\/v2\/media?parent=125024"}],"wp:term":[{"taxonomy":"category","embeddable":true,"href":"https:\/\/www.europesays.com\/fr\/wp-json\/wp\/v2\/categories?post=125024"},{"taxonomy":"post_tag","embeddable":true,"href":"https:\/\/www.europesays.com\/fr\/wp-json\/wp\/v2\/tags?post=125024"}],"curies":[{"name":"wp","href":"https:\/\/api.w.org\/{rel}","templated":true}]}}