{"id":125036,"date":"2025-05-24T17:33:18","date_gmt":"2025-05-24T17:33:18","guid":{"rendered":"https:\/\/www.europesays.com\/fr\/125036\/"},"modified":"2025-05-24T17:33:18","modified_gmt":"2025-05-24T17:33:18","slug":"depuis-30-ans-lautobus-offre-des-sourires-une-presence-humaine-aux-sans-abris-de-rouen","status":"publish","type":"post","link":"https:\/\/www.europesays.com\/fr\/125036\/","title":{"rendered":"Depuis 30 ans, l&rsquo;Autobus offre \u00ab\u2009des sourires, une pr\u00e9sence humaine\u2009\u00bb aux sans-abris de Rouen"},"content":{"rendered":"<p>            Par<br \/>\n        <strong><br \/>\n            <a href=\"https:\/\/actu.fr\/auteur\/jessie-leclerc\" title=\"Consulter tous les articles de Jessie Leclerc\" target=\"_blank\" rel=\"noopener\">Jessie Leclerc<\/a><br \/>\n        <\/strong><\/p>\n<p>        Publi\u00e9 le<\/p>\n<p>            24 mai 2025 \u00e0 19h08        <\/p>\n<p>Depuis 1995, <strong>l\u2019Autobus SamuSocial<\/strong> sillonne les rues <a href=\"https:\/\/actu.fr\/normandie\/rouen_76540\" target=\"_blank\" rel=\"noopener\">de Rouen (Seine-Maritime)<\/a> pour venir en aide aux hommes, femmes et familles \u00e0 la rue. Ces derni\u00e8res ann\u00e9es, l\u2019association est plus active que jamais. Retour sur l\u2019histoire de cette aventure humaine.<\/p>\n<p>De l\u2019id\u00e9e \u00e0 la concr\u00e9tisation<\/p>\n<p class=\" wall-content\">C\u2019est en 1993 que <strong>Michel Lehut<\/strong>, directeur d\u2019un centre d\u2019accompagnement pour enfants imagine le projet. Deux ans plus tard, <a href=\"https:\/\/actu.fr\/normandie\/rouen_76540\/l-autobus-de-rouen-n-a-pas-assez-de-benevoles-pour-les-maraudes-un-appel-est-lance_54923605.html\" target=\"_blank\" rel=\"noopener\">l\u2019Autobus<\/a> voit officiellement le jour. Au fil du temps, la structure s\u2019est agrandie. Elle compte, aujourd\u2019hui, 130\u00a0b\u00e9n\u00e9voles, quatre salari\u00e9s, des locaux adapt\u00e9s et, depuis le 16\u00a0mai 2025, un nouveau camion, qui sera mis en service tr\u00e8s prochainement.<\/p>\n<p class=\" wall-content\">Le projet de Michel Lehut devait<strong> r\u00e9pondre \u00e0 l\u2019isolement des personnes sans domicile<\/strong>, et plus g\u00e9n\u00e9ralement, en grande pr\u00e9carit\u00e9. Un concept simple, mais qui n\u2019en est pas pour le moins ambitieux\u2009: aller vers elles, leur tendre la main et cr\u00e9er du lien.<\/p>\n<p class=\" wall-content\">\u00ab\u2009Mais cr\u00e9er du lien, \u00e7a ne se fait pas sans rien, alors ils ont commenc\u00e9 par apporter de la soupe et du caf\u00e9, puis \u00e7a s\u2019est amplifi\u00e9 par la suite\u2009\u00bb, explique \u00c9lodie Meunier, directrice et salari\u00e9e depuis 15\u00a0ans dans l\u2019association.<\/p>\n<p>Une association qui ne prend pas de vacances<\/p>\n<p class=\" wall-content\"><strong>L\u2019Autobus intervient \u00e9t\u00e9 comme hiver<\/strong> \u00e0 Rouen. Chaque soir, de 19 heures \u00e0 parfois plus d\u2019une heure du matin, des b\u00e9n\u00e9voles partent \u00e0 la rencontre de ceux qui sont en grande difficult\u00e9. \u00c0 bord d\u2019un camion, l\u2019\u00e9quipe s\u2019arr\u00eate \u00e0 l\u2019H\u00f4tel de Ville, \u00e0 20 heures, puis \u00e0 la gare, \u00e0 21 heures, pour distribuer\u2009:<\/p>\n<ul class=\" wall-content\">\n<li>sandwichs, fruits, l\u00e9gumes et laitages<\/li>\n<li>produits d\u2019hygi\u00e8ne, chaussettes, couvertures<\/li>\n<li>mais surtout \u00ab\u2009des sourires, une pr\u00e9sence humaine\u2009\u00bb souligne Arnaud. \u00ab\u2009Nous sommes parfois les seuls \u00e0 leur dire bonjour de la journ\u00e9e, leur seul contact\u2009\u00bb, tient \u00e0 pr\u00e9ciser \u00c9lodie.<\/li>\n<\/ul>\n<p class=\" wall-content\">Apr\u00e8s les points fixes, les b\u00e9n\u00e9voles repartent <a href=\"https:\/\/actu.fr\/normandie\/rouen_76540\/rouen-rencontre-avec-les-maraudeurs-de-lautobus-12_279349.html\" target=\"_blank\" rel=\"noopener\">en maraude<\/a> et s\u2019attellent \u00e0 parcourir la ville, pour aller vers ceux qui restent \u00e0 l\u2019\u00e9cart. \u00ab\u2009Il ne faut pas les oublier, ce sont souvent eux qui en ont le plus besoin\u2009\u00bb, rappelle la directrice.<\/p>\n<p>De plus en plus de b\u00e9n\u00e9ficiaires<\/p>\n<p class=\" wall-content\">L\u2019Autobus accueille toute <a href=\"https:\/\/actu.fr\/normandie\/rouen_76540\/rouen-une-application-pour-aider-les-etudiants-qui-ont-faim_60574587.html\" target=\"_blank\" rel=\"noopener\">personne en difficult\u00e9<\/a>. Et depuis quelques ann\u00e9es, il y en a de plus en plus. \u00ab\u2009Alors que l<strong>\u2019on tournait \u00e0 50 b\u00e9n\u00e9ficiaires en une soir\u00e9e,<\/strong> <strong>on est arriv\u00e9 \u00e0 130<\/strong>, avec m\u00eame des pics \u00e0 200 quelques fois\u2009\u00bb, s\u2019\u00e9tonne toujours \u00c9lodie. Elle constate qu\u2019il y a \u00ab\u2009de plus en plus de femmes et de familles\u2009\u00bb.<\/p>\n<p class=\" wall-content\">Lorsque l\u2019Autobus observe un besoin d\u2019h\u00e9bergement urgent, il travaille en lien \u00e9troit avec le 115. Quand il est satur\u00e9, l\u2019association active un r\u00e9seau d\u2019h\u00f4tels partenaires pour y loger les plus fragiles pour la nuit.<\/p>\n<p>Toujours plus d\u2019actions<\/p>\n<p class=\" wall-content\">Depuis trois d\u00e9cennies, l\u2019Autobus de Rouen est plus qu\u2019un camion qui donne une soupe chaude, c\u2019est une main tendue, une association port\u00e9e par l\u2019humain, pour l\u2019humain. Elle innove d\u2019ailleurs pour r\u00e9pondre \u00e0 l\u2019urgence.<\/p>\n<p class=\" wall-content\"><strong>Une bagagerie\u2009:<\/strong> en 2020, <a href=\"https:\/\/actu.fr\/normandie\/rouen_76540\/le-bagautobus-une-nouvelle-bagagerie-solidaire-les-sans-abri-ouvre-rouen_29752042.html\" target=\"_blank\" rel=\"noopener\">l\u2019association d\u00e9veloppait sa bagagerie<\/a>. \u00ab\u2009Chacun peut venir y d\u00e9poser ses sacs les mettre en s\u00e9curit\u00e9 et \u00e9viter la stigmatisation\u2009\u00bb, affirme \u00c9lodie. Pour elle, \u00ab\u2009dans ces sacs, c\u2019est toute leur vie. C\u2019est un gage de confiance qu\u2019ils nous font que de nous confier leurs affaires, ajoute la directrice. Mais \u00e7a leur permet de passer inaper\u00e7u dans la rue\u2009\u00bb.<\/p>\n<p class=\" wall-content\">\u00c0 la bagagerie, les b\u00e9n\u00e9ficiaires peuvent aussi se poser, prendre un caf\u00e9 et utilis\u00e9 le mat\u00e9riel informatique mis \u00e0 leur disposition.<\/p>\n<p class=\" wall-content\"><strong>Des repas chauds\u2009:<\/strong> depuis 2024, un partenariat avec <a href=\"https:\/\/actu.fr\/normandie\/rouen_76540\/le-chu-de-rouen-se-lance-dans-les-podcasts-il-faut-parler-de-la-maladie-ne-pas-avoir-honte_61723831.html\" target=\"_blank\" rel=\"noopener\">le CHU de Rouen<\/a> permet de r\u00e9cup\u00e9rer les surplus de repas hospitaliers. \u00ab\u2009\u00c7a \u00e9vite le gaspillage et garantit des repas chauds et \u00e9quilibr\u00e9s \u00e0 ce qui les re\u00e7oivent\u2009\u00bb se r\u00e9jouit Arnaud Grandmarre, Pr\u00e9sident de l\u2019Autobus.<\/p>\n<p class=\" wall-content\"><strong>Un nouveau camion\u2009:<\/strong> L\u2019Autobus s\u2019est muni d\u2019un nouveau camion. Bient\u00f4t en activit\u00e9, il permettra de servir plus de monde gr\u00e2ce \u00e0 son ouverture lat\u00e9rale. Selon Arnaud, \u00ab\u2009l\u2019ancien \u00e9tait us\u00e9 et plus adapt\u00e9 \u00e0 l\u2019activit\u00e9 actuelle. Quand on a 80\u00a0personnes qui arrivent \u00e0 l\u2019arri\u00e8re du camion, c\u2019est anxiog\u00e8ne. L\u00e0, ce sera plus optimal. Il y aura m\u00eame un micro-ondes.\u2009\u00bb<\/p>\n<p>Des b\u00e9n\u00e9voles soud\u00e9s<\/p>\n<p class=\" wall-content\">Les b\u00e9n\u00e9voles de l\u2019Autobus viennent de tous horizons\u2009: \u00e9tudiants, actifs, retrait\u00e9s\u2026 Certains donnent quelques soir\u00e9es par mois, d\u2019autres jusqu\u2019\u00e0 une par semaine. Tous ont en commun un m\u00eame \u00e9lan de solidarit\u00e9. \u00ab\u2009Quand on entre \u00e0 l\u2019Autobus, on n\u2019en repart jamais vraiment\u2009\u00bb, sourit Arnaud.<\/p>\n<p>    <img   decoding=\"async\" loading=\"lazy\" src=\"https:\/\/www.europesays.com\/fr\/wp-content\/uploads\/2025\/05\/img-4492-960x640.jpeg\" alt=\"B\u00e9n\u00e9voles et b\u00e9n\u00e9ficiaires \u00e9taient r\u00e9unis pour c\u00e9l\u00e9brer cet anniversaire, le 17 mai 2025.\" width=\"960\" height=\"640\"\/><br \/>\n    B\u00e9n\u00e9voles et b\u00e9n\u00e9ficiaires \u00e9taient r\u00e9unis pour c\u00e9l\u00e9brer cet anniversaire, le 17 mai 2025. (\u00a9Document transmis\/l\u2019Autobus)<\/p>\n<p class=\" wall-content\">Le 17\u00a0mai 2025, b\u00e9n\u00e9voles et b\u00e9n\u00e9ficiaires ont <strong>c\u00e9l\u00e9br\u00e9 ensemble les 30\u00a0ans de l\u2019Autobus<\/strong>. Une f\u00eate joyeuse, pleine d\u2019\u00e9changes et de sourires. Elle a rappel\u00e9 pour certains \u00ab\u2009Macadam and Co\u2009\u00bb, un festival solidaire tomb\u00e9 en sommeil.<\/p>\n<p class=\" wall-content\">\u00ab\u2009C\u2019\u00e9tait deux jours de f\u00eate que l\u2019on organisait chaque ann\u00e9e avec concerts, partage de r\u00e9cits, stands avec une vingtaine de structures partenaires\u2026 Et \u00e7a plaisait\u2009\u00bb, se rem\u00e9more \u00c9lodie. Peut-\u00eatre le projet sera-t-il relanc\u00e9 un jour\u2009?<\/p>\n<p>L\u2019Autobus SamuSocial \u2013\u00a033 rue Gaston Veyssi\u00e8re \u00e0 Rouen. Plus d\u2019informations sur <a href=\"https:\/\/www.lautobus.fr\/\" target=\"_blank\" rel=\"noopener\">le site de l\u2019association<\/a> et sur <a href=\"https:\/\/www.facebook.com\/autobus2rouen\/\" target=\"_blank\" rel=\"noopener\">sa page Facebook<\/a>.Suivez l\u2019actualit\u00e9 de Rouen <a href=\"https:\/\/www.whatsapp.com\/channel\/0029VaKfnf99hXF2ddApFB1D\" target=\"_blank\" rel=\"noopener\">sur notre cha\u00eene WhatsApp<\/a> et <a href=\"https:\/\/www.tiktok.com\/@76actu.fr?lang=fr\" target=\"_blank\" rel=\"noopener\">sur notre compte TikTok<\/a><\/p>\n<p class=\" wall-content\">Suivez toute l\u2019actualit\u00e9 de vos villes et m\u00e9dias favoris en vous inscrivant \u00e0 <a href=\"https:\/\/moncompte.actu.fr\" title=\"D\u00e9couvez Mon Actu\" rel=\"nofollow noopener\" data-trk=\"{&quot;cta&quot;:{&quot;action&quot;:&quot;https:\\\/\\\/moncompte.actu.fr&quot;,&quot;category&quot;:&quot;mon compte&quot;,&quot;from&quot;:&quot;article footer&quot;,&quot;name&quot;:&quot;Mon actu&quot;,&quot;type&quot;:&quot;cta&quot;}}\" target=\"_blank\">Mon Actu<\/a>.<\/p>\n<p>                    <script async src=\"\/\/www.tiktok.com\/embed.js\"><\/script><\/p>\n","protected":false},"excerpt":{"rendered":"Par Jessie Leclerc Publi\u00e9 le 24 mai 2025 \u00e0 19h08 Depuis 1995, l\u2019Autobus SamuSocial sillonne les rues de&hellip;\n","protected":false},"author":2,"featured_media":125037,"comment_status":"","ping_status":"","sticky":false,"template":"","format":"standard","meta":{"footnotes":""},"categories":[9587],"tags":[1111,11,1777,674,1011,27,12,5161,25,9590,104,3400],"class_list":{"0":"post-125036","1":"post","2":"type-post","3":"status-publish","4":"format-standard","5":"has-post-thumbnail","7":"category-rouen","8":"tag-actu","9":"tag-actualites","10":"tag-eu","11":"tag-europe","12":"tag-fr","13":"tag-france","14":"tag-news","15":"tag-normandie","16":"tag-republique-francaise","17":"tag-rouen","18":"tag-societe","19":"tag-solidarite"},"share_on_mastodon":{"url":"https:\/\/pubeurope.com\/@fr\/114564012781061772","error":""},"_links":{"self":[{"href":"https:\/\/www.europesays.com\/fr\/wp-json\/wp\/v2\/posts\/125036","targetHints":{"allow":["GET"]}}],"collection":[{"href":"https:\/\/www.europesays.com\/fr\/wp-json\/wp\/v2\/posts"}],"about":[{"href":"https:\/\/www.europesays.com\/fr\/wp-json\/wp\/v2\/types\/post"}],"author":[{"embeddable":true,"href":"https:\/\/www.europesays.com\/fr\/wp-json\/wp\/v2\/users\/2"}],"replies":[{"embeddable":true,"href":"https:\/\/www.europesays.com\/fr\/wp-json\/wp\/v2\/comments?post=125036"}],"version-history":[{"count":0,"href":"https:\/\/www.europesays.com\/fr\/wp-json\/wp\/v2\/posts\/125036\/revisions"}],"wp:featuredmedia":[{"embeddable":true,"href":"https:\/\/www.europesays.com\/fr\/wp-json\/wp\/v2\/media\/125037"}],"wp:attachment":[{"href":"https:\/\/www.europesays.com\/fr\/wp-json\/wp\/v2\/media?parent=125036"}],"wp:term":[{"taxonomy":"category","embeddable":true,"href":"https:\/\/www.europesays.com\/fr\/wp-json\/wp\/v2\/categories?post=125036"},{"taxonomy":"post_tag","embeddable":true,"href":"https:\/\/www.europesays.com\/fr\/wp-json\/wp\/v2\/tags?post=125036"}],"curies":[{"name":"wp","href":"https:\/\/api.w.org\/{rel}","templated":true}]}}