{"id":125040,"date":"2025-05-24T17:35:16","date_gmt":"2025-05-24T17:35:16","guid":{"rendered":"https:\/\/www.europesays.com\/fr\/125040\/"},"modified":"2025-05-24T17:35:16","modified_gmt":"2025-05-24T17:35:16","slug":"le-pont-de-claix-festival-solstice-demandez-le-programme","status":"publish","type":"post","link":"https:\/\/www.europesays.com\/fr\/125040\/","title":{"rendered":"Le Pont-de-Claix. Festival Solstice\u00a0: demandez le programme"},"content":{"rendered":"<p>Le festival Solstice des pratiques amateurs est une entit\u00e9 depuis de tr\u00e8s nombreuses ann\u00e9es. Lors de cette occasion, les associations et les \u00e9coles se produisent sur sc\u00e8ne \u00e0 l\u2019Amphi du 2\u00a0au 18\u00a0juin. Au programme\u00a0:<\/p>\n<p> \u25b6 \u2002 <strong>Lundi 2\u00a0juin<\/strong> \u00e0 15\u00a0h\u00a030 et \u00e0 18\u00a0h\u00a0: danse et th\u00e9\u00e2tre des \u00e9coles \u00e9l\u00e9mentaires Jules-Verne et Jean-Moulin (Bouge sur les 4 \u00e9l\u00e9ments, et Mais qu\u2019est devenue la ch\u00e8vre de M. Seguin\u00a0?)<\/p>\n<p> \u25b6 \u2002 <strong>Mardi 3\u00a0juin<\/strong> \u00e0 20\u00a0h\u00a0: th\u00e9\u00e2tre de la Cie Les Brigands de la Plume Meurtre \u00e0 l\u2019auberge de l\u2019Autruche bleue de Jean-Pierre Decr\u00e8me, mise en sc\u00e8ne de C\u00e9cile Bernard.<\/p>\n<p> \u25b6 \u2002 <strong>Mercredi 4\u00a0juin<\/strong> \u00e0 15\u00a0h\u00a030\u00a0: th\u00e9\u00e2tre, atelier th\u00e9\u00e2tre enfants\/ados de la ville, extrait de pi\u00e8ce et improvisations des CM1-CM2 et ados.<\/p>\n<p> \u25b6 \u2002 <strong>Jeudi 5\u00a0juin<\/strong> \u00e0 15\u00a0h\u00a030 et 19\u00a0h. Th\u00e9\u00e2tre, Se r\u00e9fugier , mise en sc\u00e8ne et jeu d\u2019albums jeunesse, \u00e9cole \u00e9l\u00e9mentaire des \u00celes de Mars.<\/p>\n<p> \u25b6 \u2002 <strong>Vendredi 6\u00a0juin<\/strong> \u00e0 15\u00a0h\u00a0: th\u00e9\u00e2tre Chacun sa ch\u00e8vre, chacun son chemin , \u00e9coles \u00e9l\u00e9mentaires Jules-Verne et Saint-Exup\u00e9ry, coll\u00e8ge Nelson-Mandela.<\/p>\n<p> \u25b6 \u2002 <strong>Vendredi 6\u00a0juin<\/strong> \u00e0 20\u00a0h\u00a030\u00a0: musique du conservatoire intercommunal Jean-Wiener avec l\u2019ensemble Musicocimes.<\/p>\n<p> \u25b6 \u2002 <strong>Mardi 10\u00a0juin <\/strong> \u00e0 14\u00a0h\u00a015 et 19\u00a0h\u00a0: danse hip-hop, musique et chant, R\u00eaver en corps , \u00e9cole \u00e9l\u00e9mentaire des \u00celes de Mars.<\/p>\n<p> \u25b6 \u2002 <strong>Mercredi 11\u00a0juin <\/strong> \u00e0 19\u00a0h\u00a0: th\u00e9\u00e2tre Lucas et les autres, Missions au CDI et jours de gala , atelier th\u00e9\u00e2tre enfants\/ados de la ville, p\u00e9riscolaire de l\u2019\u00e9cole \u00e9l\u00e9mentaire Saint-Exup\u00e9ry.<\/p>\n<p> \u25b6 \u2002 <strong>Jeudi 12\u00a0juin<\/strong> \u00e0 17\u00a0h\u00a015\u00a0: musique, Une goutte, quatre saisons , \u00e9cole maternelle du Coteau.<\/p>\n<p> \u25b6 \u2002 <strong>Vendredi 13\u00a0juin <\/strong> \u00e0 15\u00a0h\u00a030 et 17\u00a0h, danse hip-hop, Technologie et puissance , \u00e9cole \u00e9l\u00e9mentaire Jean-Moulin.<\/p>\n<p> \u25b6 \u2002 <strong>Samedi 14\u00a0juin <\/strong> \u00e0 18\u00a0h\u00a0: danse Bollywood avec la MJC Le Delta.<\/p>\n<p> \u25b6 \u2002 <strong>Dimanche 15\u00a0juin <\/strong> \u00e0 20\u00a0h\u00a0: danse \u00e0 deux et danse en ligne avec Koach\u2019Ing Danse.<\/p>\n<p> \u25b6 \u2002 <strong>Lundi 16\u00a0juin <\/strong> \u00e0 14\u00a0h\u00a0: film de Michel Huet, L\u2019infinie protection , documentaire, Office municipal des sports.<\/p>\n<p> \u25b6 \u2002 <strong>Mardi 17\u00a0juin<\/strong> \u00e0 20\u00a0h\u00a0: danse et chant Notre ann\u00e9e p\u00e9ri , p\u00e9riscolaire de l\u2019\u00e9cole \u00e9l\u00e9mentaire des \u00celes de Mars.<\/p>\n<p> \u25b6 \u2002 <strong>Mercredi 18\u00a0juin<\/strong> \u00e0 15\u00a0h\u00a0: th\u00e9\u00e2tre et forum, spectacle sur le th\u00e8me du lien entre jeunes et les forces de s\u00e9curit\u00e9 int\u00e9rieure de la Compagnie Imp\u2019Acte et CLSPD du Pont-de-Claix (spectacle en ext\u00e9rieur place Michel-Cou\u00ebtoux).<\/p>\n<p> \u25b6 \u2002 <strong>Mercredi 18\u00a0juin<\/strong> \u00e0 17\u00a0h\u00a030\u00a0: danse, spectacle de cl\u00f4ture du festival, Koach\u2019Ing danse, MJC Le Delta (danse jazz et Bollywood), spectacle en ext\u00e9rieur, place Michel-Cou\u00ebtoux.<\/p>\n","protected":false},"excerpt":{"rendered":"Le festival Solstice des pratiques amateurs est une entit\u00e9 depuis de tr\u00e8s nombreuses ann\u00e9es. Lors de cette occasion,&hellip;\n","protected":false},"author":2,"featured_media":125041,"comment_status":"","ping_status":"","sticky":false,"template":"","format":"standard","meta":{"footnotes":""},"categories":[9566],"tags":[1111,11,2430,1687,113,1777,674,1011,27,2731,7000,3294,12,25,3140],"class_list":{"0":"post-125040","1":"post","2":"type-post","3":"status-publish","4":"format-standard","5":"has-post-thumbnail","7":"category-grenoble","8":"tag-actu","9":"tag-actualites","10":"tag-auvergne-rhone-alpes","11":"tag-culture-loisirs","12":"tag-edition-gresivaudan-oisans","13":"tag-eu","14":"tag-europe","15":"tag-fr","16":"tag-france","17":"tag-grenoble","18":"tag-lagglomeration","19":"tag-le-pont-de-claix","20":"tag-news","21":"tag-republique-francaise","22":"tag-spectacle"},"share_on_mastodon":{"url":"https:\/\/pubeurope.com\/@fr\/114564020601723636","error":""},"_links":{"self":[{"href":"https:\/\/www.europesays.com\/fr\/wp-json\/wp\/v2\/posts\/125040","targetHints":{"allow":["GET"]}}],"collection":[{"href":"https:\/\/www.europesays.com\/fr\/wp-json\/wp\/v2\/posts"}],"about":[{"href":"https:\/\/www.europesays.com\/fr\/wp-json\/wp\/v2\/types\/post"}],"author":[{"embeddable":true,"href":"https:\/\/www.europesays.com\/fr\/wp-json\/wp\/v2\/users\/2"}],"replies":[{"embeddable":true,"href":"https:\/\/www.europesays.com\/fr\/wp-json\/wp\/v2\/comments?post=125040"}],"version-history":[{"count":0,"href":"https:\/\/www.europesays.com\/fr\/wp-json\/wp\/v2\/posts\/125040\/revisions"}],"wp:featuredmedia":[{"embeddable":true,"href":"https:\/\/www.europesays.com\/fr\/wp-json\/wp\/v2\/media\/125041"}],"wp:attachment":[{"href":"https:\/\/www.europesays.com\/fr\/wp-json\/wp\/v2\/media?parent=125040"}],"wp:term":[{"taxonomy":"category","embeddable":true,"href":"https:\/\/www.europesays.com\/fr\/wp-json\/wp\/v2\/categories?post=125040"},{"taxonomy":"post_tag","embeddable":true,"href":"https:\/\/www.europesays.com\/fr\/wp-json\/wp\/v2\/tags?post=125040"}],"curies":[{"name":"wp","href":"https:\/\/api.w.org\/{rel}","templated":true}]}}