{"id":125048,"date":"2025-05-24T17:40:10","date_gmt":"2025-05-24T17:40:10","guid":{"rendered":"https:\/\/www.europesays.com\/fr\/125048\/"},"modified":"2025-05-24T17:40:10","modified_gmt":"2025-05-24T17:40:10","slug":"strasbourg-une-accusation-de-viol-vise-une-ex-employee-de-lecole-michael-la-victime-temoigne-quinze-ans-apres","status":"publish","type":"post","link":"https:\/\/www.europesays.com\/fr\/125048\/","title":{"rendered":"Strasbourg. Une accusation de viol vise une ex-employ\u00e9e de l\u2019\u00e9cole Micha\u00ebl, la victime t\u00e9moigne quinze ans apr\u00e8s"},"content":{"rendered":"<p>\u00ab\u00a0Je n\u2019ai plus peur de rien, je veux faire \u00e9clater la v\u00e9rit\u00e9. Ce qui s\u2019est pass\u00e9 dans cette \u00e9cole est le plus gros traumatisme de ma vie\u00a0\u00bb, confie la victime de 19 ans. La jeune femme d\u00e9nonce un viol subi lorsqu\u2019elle avait 4 ans et demi au jardin d\u2019enfants Rudolf-Steiner, rattach\u00e9 \u00e0 l\u2019\u00e9cole Micha\u00ebl, \u00e0 Strasbourg, en novembre\u00a02010. Une des gardiennes, surnomm\u00e9es les \u201cjardini\u00e8res\u201d, lui aurait mis des doigts dans l\u2019anus, pr\u00e9textant chercher des vers, en salle de classe. \u00ab\u00a0J\u2019\u00e9tais hyperactive, je bougeais partout, elle ne le supportait pas.\u00a0\u00bb La victime se voit encore remettre sa culotte. \u00ab\u00a0C\u2019\u00e9tait humiliant. Elle m\u2019a prise par surprise et m\u2019a plaqu\u00e9e contre une table. C\u2019est rest\u00e9 longtemps dans ma t\u00eate.\u00a0\u00bb<\/p>\n<p>L\u2019ancienne \u00e9l\u00e8ve, scolaris\u00e9e pendant cinq ans, explique conserver des souvenirs tr\u00e8s nets de cette \u00e9poque\u00a0: \u00ab\u00a0Cette \u00e9cole, c\u2019est une secte. Il s\u2019y passe des choses \u00e9tranges mais \u00e7a, quand on est enfant, on ne s\u2019en rend pas compte.\u00a0\u00bb Toutefois, la jeune fille raconte que les deux premi\u00e8res&#8230;<\/p>\n","protected":false},"excerpt":{"rendered":"\u00ab\u00a0Je n\u2019ai plus peur de rien, je veux faire \u00e9clater la v\u00e9rit\u00e9. Ce qui s\u2019est pass\u00e9 dans cette&hellip;\n","protected":false},"author":2,"featured_media":125049,"comment_status":"","ping_status":"","sticky":false,"template":"","format":"standard","meta":{"footnotes":""},"categories":[2820],"tags":[1111,11,2389,2649,271,272,2880,1057,1777,674,274,107,1011,27,775,12,25,640,2879],"class_list":{"0":"post-125048","1":"post","2":"type-post","3":"status-publish","4":"format-standard","5":"has-post-thumbnail","7":"category-strasbourg","8":"tag-actu","9":"tag-actualites","10":"tag-alsace","11":"tag-bas-rhin","12":"tag-crime","13":"tag-delit-et-contravention","14":"tag-edition-strasbourg","15":"tag-education","16":"tag-eu","17":"tag-europe","18":"tag-faits-divers-justice","19":"tag-fil-info","20":"tag-fr","21":"tag-france","22":"tag-grand-est","23":"tag-news","24":"tag-republique-francaise","25":"tag-strasbourg","26":"tag-strasbourg-ville"},"share_on_mastodon":{"url":"https:\/\/pubeurope.com\/@fr\/114564040234176689","error":""},"_links":{"self":[{"href":"https:\/\/www.europesays.com\/fr\/wp-json\/wp\/v2\/posts\/125048","targetHints":{"allow":["GET"]}}],"collection":[{"href":"https:\/\/www.europesays.com\/fr\/wp-json\/wp\/v2\/posts"}],"about":[{"href":"https:\/\/www.europesays.com\/fr\/wp-json\/wp\/v2\/types\/post"}],"author":[{"embeddable":true,"href":"https:\/\/www.europesays.com\/fr\/wp-json\/wp\/v2\/users\/2"}],"replies":[{"embeddable":true,"href":"https:\/\/www.europesays.com\/fr\/wp-json\/wp\/v2\/comments?post=125048"}],"version-history":[{"count":0,"href":"https:\/\/www.europesays.com\/fr\/wp-json\/wp\/v2\/posts\/125048\/revisions"}],"wp:featuredmedia":[{"embeddable":true,"href":"https:\/\/www.europesays.com\/fr\/wp-json\/wp\/v2\/media\/125049"}],"wp:attachment":[{"href":"https:\/\/www.europesays.com\/fr\/wp-json\/wp\/v2\/media?parent=125048"}],"wp:term":[{"taxonomy":"category","embeddable":true,"href":"https:\/\/www.europesays.com\/fr\/wp-json\/wp\/v2\/categories?post=125048"},{"taxonomy":"post_tag","embeddable":true,"href":"https:\/\/www.europesays.com\/fr\/wp-json\/wp\/v2\/tags?post=125048"}],"curies":[{"name":"wp","href":"https:\/\/api.w.org\/{rel}","templated":true}]}}