{"id":125050,"date":"2025-05-24T17:41:12","date_gmt":"2025-05-24T17:41:12","guid":{"rendered":"https:\/\/www.europesays.com\/fr\/125050\/"},"modified":"2025-05-24T17:41:12","modified_gmt":"2025-05-24T17:41:12","slug":"cest-quoi-ces-immenses-photos-affichees-a-la-gare-sncf-de-nice","status":"publish","type":"post","link":"https:\/\/www.europesays.com\/fr\/125050\/","title":{"rendered":"C&rsquo;est quoi ces immenses photos affich\u00e9es \u00e0 la gare SNCF de Nice"},"content":{"rendered":"<p>            Par<br \/>\n        <strong><br \/>\n            <a href=\"https:\/\/actu.fr\/auteur\/ugo-maillard\" title=\"Consulter tous les articles de Ugo Maillard\" rel=\"nofollow noopener\" target=\"_blank\">Ugo Maillard<\/a><br \/>\n        <\/strong><\/p>\n<p>        Publi\u00e9 le<\/p>\n<p>            24 mai 2025 \u00e0 7h12        <\/p>\n<p>La ville de Nice poursuit sa mue temporaire en capitale mondiale des Oc\u00e9ans. Du <strong>9 au 13\u00a0juin 2025<\/strong>, la <a href=\"https:\/\/actu.fr\/dossier\/sommet-des-oceans-a-nice-tout-ce-qu-il-faut-savoir-sur-la-conference-de-l-onu_62542007.html\" rel=\"nofollow noopener\" target=\"_blank\">conf\u00e9rence de l\u2019ONU sur les oc\u00e9ans<\/a> se tiendra \u00e0 <a href=\"https:\/\/actu.fr\/nice\/\" rel=\"nofollow noopener\" target=\"_blank\">Nice<\/a>, notamment \u00e0 port.<\/p>\n<p class=\" wall-content\">Si le secteur sera boucl\u00e9 pour la s\u00e9curit\u00e9 des chefs d\u2019\u00c9tats et des congressistes, le reste de la ville va vibrer, et ce, bien amont du sommet. Des <strong>\u0153uvres<\/strong> ont d\u2019ores et d\u00e9j\u00e0 investi les rues de Nice comme sur le <a href=\"https:\/\/actu.fr\/provence-alpes-cote-d-azur\/nice_06088\/nice-c-est-quoi-cette-phrase-gigantesque-affichee-sur-la-promenade-des-anglais_62602374.html\" rel=\"nofollow noopener\" target=\"_blank\">quai des \u00c9tats-Unis<\/a> ou sur <a href=\"https:\/\/actu.fr\/provence-alpes-cote-d-azur\/nice_06088\/nice-c-est-quoi-cette-pieuvre-et-ses-tentacules-geants-sur-la-coulee-verte_62624579.html\" rel=\"nofollow noopener\" target=\"_blank\">la coul\u00e9e verte<\/a>.<\/p>\n<p class=\" wall-content\">Depuis le 15\u00a0mai, une exposition photo a pris place en gare SNCF de Nice.<\/p>\n<p>Une collaboration avec un mus\u00e9e<\/p>\n<p class=\" wall-content\">Les voyageurs en gare de Nice-Ville ont peut-\u00eatre remarqu\u00e9 leur pr\u00e9sence. Le <strong>Mus\u00e9um national d\u2019Histoire naturelle<\/strong> et SNCF Gares &amp; Connexions se sont associ\u00e9s pour pr\u00e9senter une exposition de sensibilisation sur l\u2019oc\u00e9an.<\/p>\n<blockquote class=\"ac-article-quote wall-content\">\n<p>D\u00e9couverte d\u2019esp\u00e8ces stup\u00e9fiantes, beaut\u00e9 \u00e9poustouflante des profondeurs, \u00e9merveillement devant l\u2019infinie diversit\u00e9 des formes, c\u2019est toutes ces dimensions que le Mus\u00e9um partage avec le public \u00e0 travers cette installation en gare de Nice. L\u2019oc\u00e9an devient alors source d\u2019\u00e9motion, et l\u2019\u00e9motion est un pr\u00e9lude \u00e0 l\u2019action en faveur de la protection de ces milieux menac\u00e9s.\n<\/p>\n<p>    <strong>Gilles Bloch<\/strong><br \/>\n        Pr\u00e9sident du Mus\u00e9um national d\u2019Histoire naturelle    <\/p><\/blockquote>\n<p>Vid\u00e9os : en ce moment sur Actu<\/p>\n<p class=\" wall-content\">\u00ab\u2009L\u2019exposition propose de partir \u00e0 la rencontre d\u2019un univers fascinant car invisible \u00e0 l\u2019\u0153il nu\u2009: le monde planctonique microscopique, dont les images soulignent la beaut\u00e9 mais aussi leur r\u00f4le essentiel \u00e0 l\u2019\u00e9chelle de la plan\u00e8te. L\u2019installation offre \u00e9galement une plong\u00e9e dans les milieux insolites comme les grandes profondeurs et les zones polaires\u2009\u00bb, expliquent les \u00e9quipes du mus\u00e9e ni\u00e7ois.<\/p>\n<p class=\" wall-content\">Les photos, <strong>dispos\u00e9es sur les quais et sur la passerelle de la gar<\/strong>e, seront visibles en gare jusqu\u2019au 30\u00a0juin 2025.<\/p>\n<p class=\" wall-content\">Suivez toute l\u2019actualit\u00e9 de vos villes et m\u00e9dias favoris en vous inscrivant \u00e0 <a href=\"https:\/\/moncompte.actu.fr\" title=\"D\u00e9couvez Mon Actu\" rel=\"nofollow noopener\" data-trk=\"{&quot;cta&quot;:{&quot;action&quot;:&quot;https:\\\/\\\/moncompte.actu.fr&quot;,&quot;category&quot;:&quot;mon compte&quot;,&quot;from&quot;:&quot;article footer&quot;,&quot;name&quot;:&quot;Mon actu&quot;,&quot;type&quot;:&quot;cta&quot;}}\" target=\"_blank\">Mon Actu<\/a>.<\/p>\n","protected":false},"excerpt":{"rendered":"Par Ugo Maillard Publi\u00e9 le 24 mai 2025 \u00e0 7h12 La ville de Nice poursuit sa mue temporaire&hellip;\n","protected":false},"author":2,"featured_media":125051,"comment_status":"","ping_status":"","sticky":false,"template":"","format":"standard","meta":{"footnotes":""},"categories":[2819],"tags":[1111,11,1777,674,1011,27,12,2401,882,25,2215,104],"class_list":{"0":"post-125050","1":"post","2":"type-post","3":"status-publish","4":"format-standard","5":"has-post-thumbnail","7":"category-nice","8":"tag-actu","9":"tag-actualites","10":"tag-eu","11":"tag-europe","12":"tag-fr","13":"tag-france","14":"tag-news","15":"tag-nice","16":"tag-provence-alpes-cote-dazur","17":"tag-republique-francaise","18":"tag-sncf","19":"tag-societe"},"share_on_mastodon":{"url":"https:\/\/pubeurope.com\/@fr\/114564044352462495","error":""},"_links":{"self":[{"href":"https:\/\/www.europesays.com\/fr\/wp-json\/wp\/v2\/posts\/125050","targetHints":{"allow":["GET"]}}],"collection":[{"href":"https:\/\/www.europesays.com\/fr\/wp-json\/wp\/v2\/posts"}],"about":[{"href":"https:\/\/www.europesays.com\/fr\/wp-json\/wp\/v2\/types\/post"}],"author":[{"embeddable":true,"href":"https:\/\/www.europesays.com\/fr\/wp-json\/wp\/v2\/users\/2"}],"replies":[{"embeddable":true,"href":"https:\/\/www.europesays.com\/fr\/wp-json\/wp\/v2\/comments?post=125050"}],"version-history":[{"count":0,"href":"https:\/\/www.europesays.com\/fr\/wp-json\/wp\/v2\/posts\/125050\/revisions"}],"wp:featuredmedia":[{"embeddable":true,"href":"https:\/\/www.europesays.com\/fr\/wp-json\/wp\/v2\/media\/125051"}],"wp:attachment":[{"href":"https:\/\/www.europesays.com\/fr\/wp-json\/wp\/v2\/media?parent=125050"}],"wp:term":[{"taxonomy":"category","embeddable":true,"href":"https:\/\/www.europesays.com\/fr\/wp-json\/wp\/v2\/categories?post=125050"},{"taxonomy":"post_tag","embeddable":true,"href":"https:\/\/www.europesays.com\/fr\/wp-json\/wp\/v2\/tags?post=125050"}],"curies":[{"name":"wp","href":"https:\/\/api.w.org\/{rel}","templated":true}]}}