{"id":125052,"date":"2025-05-24T17:42:14","date_gmt":"2025-05-24T17:42:14","guid":{"rendered":"https:\/\/www.europesays.com\/fr\/125052\/"},"modified":"2025-05-24T17:42:14","modified_gmt":"2025-05-24T17:42:14","slug":"panne-geante-delectricite-dans-les-alpes-maritimes-et-a-cannes-ce-quil-se-passe","status":"publish","type":"post","link":"https:\/\/www.europesays.com\/fr\/125052\/","title":{"rendered":"Panne g\u00e9ante d&rsquo;\u00e9lectricit\u00e9 dans les Alpes-Maritimes et \u00e0 Cannes : ce qu&rsquo;il se passe"},"content":{"rendered":"<p>            Par<br \/>\n        <strong><br \/>\n            <a href=\"https:\/\/actu.fr\/auteur\/fabien-binacchi\" title=\"Consulter tous les articles de Fabien Binacchi\" target=\"_blank\" rel=\"noopener\">Fabien Binacchi<\/a><br \/>\n        <\/strong><\/p>\n<p>        Publi\u00e9 le<\/p>\n<p>            24 mai 2025 \u00e0 12h03<br \/>\n        ; mis \u00e0 jour le 24 mai 2025 \u00e0 15h08    <\/p>\n<p>Mise \u00e0 jour le 24 mai 2025 \u00e0 15h08\u2009: Selon des sources concordantes, l\u2019\u00e9lectricit\u00e9 est revenue dans certains secteurs concern\u00e9s par la panne, et notamment du c\u00f4t\u00e9 d\u2019Antibes. \u00c0 Cannes, quelques quartiers sont \u00e9galement r\u00e9aliment\u00e9s, mais pas encore le centre-ville, selon les constatations, sur place, d\u2019actu Nice.<\/p>\n<p class=\" wall-content\">La ville de <a href=\"https:\/\/actu.fr\/provence-alpes-cote-d-azur\/cannes_06029\" target=\"_blank\" rel=\"noopener\">Cannes<\/a> est concern\u00e9e par une <strong>coupure de courant g\u00e9ante<\/strong> ce samedi 24\u00a0mai, alors que <a href=\"https:\/\/actu.fr\/tag\/festival-de-cannes\" target=\"_blank\" rel=\"noopener\">le festival du film<\/a> doit remettre la fameuse Palme d\u2019or dans la soir\u00e9e. Une panne qui concerne plus largement une partie du d\u00e9partement des <a href=\"https:\/\/actu.fr\/provence-alpes-cote-d-azur\/alpes-maritimes_06\" target=\"_blank\" rel=\"noopener\">Alpes-Maritimes<\/a>.<\/p>\n<p class=\" wall-content\">Black-out sur la Croisette <strong>en pleine cl\u00f4ture de la grande messe du 7e art.<\/strong> Depuis 10h, alors que la remise de la fameuse Palme d\u2019or est attendue dans la soir\u00e9e, la ville de Cannes est touch\u00e9e par une coupure d\u2019\u00e9lectricit\u00e9 g\u00e9ante. Les feux de signalisation sont \u00e0 l\u2019arr\u00eat.<\/p>\n<p>    <img   decoding=\"async\" loading=\"lazy\" src=\"https:\/\/www.europesays.com\/fr\/wp-content\/uploads\/2025\/05\/img-5403-960x640.jpeg\" alt=\"La ville de Cannes et son festival sont paralys\u00e9s ce samedi.\" width=\"960\" height=\"640\"\/><br \/>\n    La ville de Cannes (comme ici les feux tricolores \u00e9teints) et son festival sont paralys\u00e9s ce samedi. (\u00a9Fabien Binacchi \/ actu Nice)Deux incidents, peut \u00eatre d\u2019origine criminelle\u2009?<\/p>\n<p class=\" wall-content\">Les projections, \u00e0 l\u2019int\u00e9rieur du Palais des festivals, n\u2019ont pu reprendre que gr\u00e2ce \u00e0 <strong>la mise en service d\u2019un groupe \u00e9lectrog\u00e8ne.<\/strong> En revanche, toutes celles \u00ab\u2009pr\u00e9vues aujourd\u2019hui au Cineum\u2009\u00bb, le cin\u00e9ma de l\u2019ouest de la ville, <strong>\u00ab\u2009sont interrompues jusqu\u2019\u00e0 nouvel ordre\u2009\u00bb,<\/strong> informe l\u2019organisation de l\u2019\u00e9v\u00e9nement.<\/p>\n<p class=\" wall-content\">Deux incidents ont \u00e9t\u00e9 relev\u00e9s par RTE. Le transformateur du Bian\u00e7on, \u00e0 l\u2019extr\u00eame Est de Var, a subi <strong>un incendie en pleine nuit,<\/strong> \u00ab\u2009ce qui a cr\u00e9\u00e9 une premi\u00e8re fragilisation du r\u00e9seau\u2009\u00bb. Il pourrait \u00eatre d\u2019origine criminelle. Et \u00ab\u2009vers 10h, <strong>un pyl\u00f4ne\u2009\u00bb alimentant les Alpes-Maritimes \u00ab\u2009est tomb\u00e9\u2009\u00bb,<\/strong> informe la m\u00eame source au sein de RTE, interrog\u00e9e par actu Nice. \u00ab\u2009Ce qui a provoqu\u00e9 cette mise hors tension. Nos \u00e9quipes se rendent sur place. En attendant, nous cherchons d\u2019autres voies pour acheminer le courant vers les zones impact\u00e9es\u2009\u00bb.<\/p>\n<p>Vid\u00e9os : en ce moment sur Actu160\u2009000 foyers touch\u00e9s<\/p>\n<p class=\" wall-content\">\u00ab\u2009Une importante panne d\u2019\u00e9lectricit\u00e9 touche actuellement <strong>l\u2019ouest des Alpes-Maritimes.<\/strong> Les services de RTE travaillent actuellement au r\u00e9tablissement de la situation. Soyez prudents lors de vos d\u00e9placements\u2009\u00bb, a indiqu\u00e9 la pr\u00e9fecture sur X.<\/p>\n<p class=\" wall-content\">\u00ab\u2009Depuis 10h, une coupure d\u2019\u00e9lectricit\u00e9 touche la commune de Cannes et les communes alentour et prive 160\u2009000 foyers d\u2019alimentation \u00e9lectrique. Les \u00e9quipes RTE et Enedis sont en cours d\u2019intervention pour r\u00e9tablir le courant dans les meilleurs d\u00e9lais. RTE pr\u00e9sente ses excuses pour la g\u00eane occasionn\u00e9e\u2009\u00bb, confirme le r\u00e9seau.<\/p>\n<p class=\" wall-content\">\n<p class=\" wall-content\">\n<p>Les r\u00e9seaux t\u00e9l\u00e9phoniques dans les choux<\/p>\n<p class=\" wall-content\">\u00c9galement concern\u00e9s par la panne, les r\u00e9seaux t\u00e9l\u00e9phoniques mobiles sont tr\u00e8s instables, passant de l\u2019absence totale de signal, la majorit\u00e9 du temps, \u00e0 un signal 3G et \u00e0 quelques tr\u00e8s rares instants de service 5G qui ont permis \u00e0 notre r\u00e9daction la mise en ligne de cet article.<\/p>\n<p class=\" wall-content\">Suivez toute l\u2019actualit\u00e9 de vos villes et m\u00e9dias favoris en vous inscrivant \u00e0 <a href=\"https:\/\/moncompte.actu.fr\" title=\"D\u00e9couvez Mon Actu\" rel=\"nofollow noopener\" data-trk=\"{&quot;cta&quot;:{&quot;action&quot;:&quot;https:\\\/\\\/moncompte.actu.fr&quot;,&quot;category&quot;:&quot;mon compte&quot;,&quot;from&quot;:&quot;article footer&quot;,&quot;name&quot;:&quot;Mon actu&quot;,&quot;type&quot;:&quot;cta&quot;}}\" target=\"_blank\">Mon Actu<\/a>.<\/p>\n","protected":false},"excerpt":{"rendered":"Par Fabien Binacchi Publi\u00e9 le 24 mai 2025 \u00e0 12h03 ; mis \u00e0 jour le 24 mai 2025&hellip;\n","protected":false},"author":2,"featured_media":125053,"comment_status":"","ping_status":"","sticky":false,"template":"","format":"standard","meta":{"footnotes":""},"categories":[2819],"tags":[1111,11,1777,674,5634,1011,27,12,2401,882,25,104],"class_list":{"0":"post-125052","1":"post","2":"type-post","3":"status-publish","4":"format-standard","5":"has-post-thumbnail","7":"category-nice","8":"tag-actu","9":"tag-actualites","10":"tag-eu","11":"tag-europe","12":"tag-festival-de-cannes","13":"tag-fr","14":"tag-france","15":"tag-news","16":"tag-nice","17":"tag-provence-alpes-cote-dazur","18":"tag-republique-francaise","19":"tag-societe"},"share_on_mastodon":{"url":"https:\/\/pubeurope.com\/@fr\/114564048132691551","error":""},"_links":{"self":[{"href":"https:\/\/www.europesays.com\/fr\/wp-json\/wp\/v2\/posts\/125052","targetHints":{"allow":["GET"]}}],"collection":[{"href":"https:\/\/www.europesays.com\/fr\/wp-json\/wp\/v2\/posts"}],"about":[{"href":"https:\/\/www.europesays.com\/fr\/wp-json\/wp\/v2\/types\/post"}],"author":[{"embeddable":true,"href":"https:\/\/www.europesays.com\/fr\/wp-json\/wp\/v2\/users\/2"}],"replies":[{"embeddable":true,"href":"https:\/\/www.europesays.com\/fr\/wp-json\/wp\/v2\/comments?post=125052"}],"version-history":[{"count":0,"href":"https:\/\/www.europesays.com\/fr\/wp-json\/wp\/v2\/posts\/125052\/revisions"}],"wp:featuredmedia":[{"embeddable":true,"href":"https:\/\/www.europesays.com\/fr\/wp-json\/wp\/v2\/media\/125053"}],"wp:attachment":[{"href":"https:\/\/www.europesays.com\/fr\/wp-json\/wp\/v2\/media?parent=125052"}],"wp:term":[{"taxonomy":"category","embeddable":true,"href":"https:\/\/www.europesays.com\/fr\/wp-json\/wp\/v2\/categories?post=125052"},{"taxonomy":"post_tag","embeddable":true,"href":"https:\/\/www.europesays.com\/fr\/wp-json\/wp\/v2\/tags?post=125052"}],"curies":[{"name":"wp","href":"https:\/\/api.w.org\/{rel}","templated":true}]}}