{"id":125054,"date":"2025-05-24T17:43:13","date_gmt":"2025-05-24T17:43:13","guid":{"rendered":"https:\/\/www.europesays.com\/fr\/125054\/"},"modified":"2025-05-24T17:43:13","modified_gmt":"2025-05-24T17:43:13","slug":"ce-salon-de-coiffure-qui-cartonne-sur-les-reseaux-sociaux-va-ouvrir-en-centre-ville","status":"publish","type":"post","link":"https:\/\/www.europesays.com\/fr\/125054\/","title":{"rendered":"ce salon de coiffure qui cartonne sur les r\u00e9seaux sociaux va ouvrir en centre-ville"},"content":{"rendered":"<p>            Par<br \/>\n        <strong><br \/>\n            <a href=\"https:\/\/actu.fr\/auteur\/clemence-pays02-actu-fr\" title=\"Consulter tous les articles de Cl\u00e9mence Pays\" target=\"_blank\" rel=\"noopener\">Cl\u00e9mence Pays<\/a><br \/>\n        <\/strong><\/p>\n<p>        Publi\u00e9 le<\/p>\n<p>            24 mai 2025 \u00e0 18h24        <\/p>\n<p>Avec ses milliers de followers sur les r\u00e9seaux sociaux, le <strong>studio La Belle Boucle<\/strong> remporte un succ\u00e8s fou. Sp\u00e9cialis\u00e9 dans les cheveux ondul\u00e9s, boucl\u00e9s, fris\u00e9s et cr\u00e9pus, ce salon de coiffure \u2013 d\u00e9j\u00e0 implant\u00e9 \u00e0 Lyon, Marseille Paris et <a href=\"https:\/\/actu.fr\/nouvelle-aquitaine\/bordeaux_33063\/populaire-sur-les-reseaux-ce-salon-de-coiffure-pour-decomplexer-des-boucles-debarque-a-bordeaux_61992205.html\" target=\"_blank\" rel=\"noopener\">Bordeaux<\/a> \u2013 va bient\u00f4t<strong> s\u2019installer \u00e0 Nantes.<\/strong> \u00ab\u2009Ce sera <strong>le premier dans le nord ouest<\/strong> de la France\u2009\u00bb, annonce Laureen Schein.<\/p>\n<p class=\" wall-content\">La fondatrice de l\u2019enseigne et son \u00e9quipe ambitionnent d\u2019ouvrir \u00ab\u2009dans toutes les grandes villes de France\u2009\u00bb. Et la cit\u00e9 des ducs de Bretagne s\u2019est impos\u00e9e comme une \u00e9vidence.<br \/>\u00ab\u2009Gr\u00e2ce \u00e0 notre boutique en ligne, on peut voir qu\u2019il y a une <strong>forte communaut\u00e9 \u00e0 Nantes<\/strong> et autour\u2009\u00bb, d\u00e9voile la Lyonnaise d\u2019origine.<\/p>\n<p>Une prestation unique durant 1 heure 30<\/p>\n<p class=\" wall-content\">Le futur studio nantais sera situ\u00e9 en plein centre-ville, <strong>quartier Graslin.<\/strong> L\u2019espace sera divis\u00e9 en deux zones. Une partie d\u00e9di\u00e9e \u00e0 la <strong>boutique.<\/strong> \u00ab\u2009On a <strong>plus de 300 produits<\/strong> pour les cheveux boucl\u00e9s pour pouvoir cr\u00e9er sa routine capillaire\u2009\u00bb, d\u00e9taille Laureen Schein.<\/p>\n<p>    <img   decoding=\"async\" loading=\"lazy\" src=\"https:\/\/www.europesays.com\/fr\/wp-content\/uploads\/2025\/05\/studio-la-belle-boucle-salon-de-coiffure-et-boutique-960x640.jpg\" alt=\"Dans la boutique La Belle Boucle, des centaines de produits sont consacr\u00e9s aux cheveux boucl\u00e9s et cr\u00e9pus. \" width=\"960\" height=\"640\"\/><br \/>\n    Dans la boutique La Belle Boucle, des centaines de produits sont consacr\u00e9s aux cheveux boucl\u00e9s et cr\u00e9pus. (\u00a9La Belle Boucle\/Transmis \u00e0 actu Nantes)<\/p>\n<p class=\" wall-content\">Sur place, une \u00e9quipe sera form\u00e9e \u00e0 la vente pour conseiller les clientes et r\u00e9pondre \u00e0 leurs besoins.<\/p>\n<p class=\" wall-content\">\u00ab\u2009La partie <strong>salon<\/strong> est accessible sur rendez-vous\u2009\u00bb, poursuit la fondatrice de La Belle Boucle.<\/p>\n<blockquote class=\"ac-article-quote wall-content\">\n<p>Les coiffeurs form\u00e9s \u00e9tablissent un diagnostic personnalis\u00e9 pour apprendre \u00e0 la cliente \u00e0 prendre soin de ses cheveux boucl\u00e9s. D&rsquo;une personne \u00e0 l&rsquo;autre, ce ne sont pas les m\u00eames produits qui sont utilis\u00e9s, ni les m\u00eames techniques. <\/p>\n<p>    <strong>Laureen Schein<\/strong><br \/>\n        Fondatrice de La Belle Boucle    <\/p><\/blockquote>\n<p class=\" wall-content\">Entre <strong>le diagnostic, la coupe et les soins,<\/strong> le rendez-vous dure <strong>1 heure 30<\/strong> \u00ab\u2009et c\u2019est le <strong>m\u00eame prix<\/strong> pour tout le monde\u2009\u00bb.<\/p>\n<p>Une ouverture pr\u00e9vue avant l\u2019\u00e9t\u00e9<\/p>\n<p class=\" wall-content\">En cette fin de mois de mai, les travaux du studio se terminent. \u00ab\u2009Les \u00e9quipes vont \u00eatre form\u00e9es durant deux semaines\u2009\u00bb, pr\u00e9cise Laureen Schein, qui donne rendez-vous aux Nantaises <strong>mercredi 4\u00a0juin 2025<\/strong> pour l\u2019ouverture de La Belle Boucle.<\/p>\n<p class=\" wall-content\">\u00ab\u2009Les ouvertures de salon, ce sont toujours de tr\u00e8s beaux moments\u2009\u00bb, sourit la fondatrice de la marque, qui glisse que les clientes auront le droit \u00e0 des <strong>cadeaux.<\/strong><\/p>\n<p class=\" wall-content\"><a href=\"https:\/\/www.instagram.com\/p\/C_a33mjC96Y\/embed\" title=\"Ouvrir le lien sur Instagram\" target=\"_blank\" rel=\"noopener\">Visualiser le contenu sur Instagram<\/a><\/p>\n<p class=\" wall-content\">\u00ab\u2009Mon livre D\u00e9complex\u00e9e de la boucle, qui regroupe tous les conseils que je donne sera aussi distribu\u00e9.\u2009\u00bb<\/p>\n<p>Mettre fin aux complexes des cheveux boucl\u00e9s<\/p>\n<p class=\" wall-content\">Ces conseils, tout comme la naissance de la marque, sont le r\u00e9sultat d\u2019un <strong>long parcours<\/strong> et du v\u00e9cu de Laureen Schein.<\/p>\n<blockquote class=\"ac-article-quote wall-content\">\n<p>Je suis ma premi\u00e8re cliente. J&rsquo;ai cr\u00e9\u00e9 ce que j&rsquo;aurai r\u00eav\u00e9 d&rsquo;avoir plus jeune.<\/p>\n<p>    <strong>Laureen Schein<\/strong><br \/>\n        Fondatrice de La Belle Boucle    <\/p><\/blockquote>\n<p class=\" wall-content\">Comme beaucoup de personnes aux cheveux boucl\u00e9s, la jeune femme a souvent us\u00e9 de lisseurs et de produits qui n\u2019\u00e9taient pas adapt\u00e9s \u00e0 la nature de ses cheveux. Un comportement adopt\u00e9 face aux <strong>diktats de la mode<\/strong> du cheveu sans frisotis et aux moqueries parfois subies.<\/p>\n<p class=\" wall-content\">\u00ab\u2009\u00c0 20\u00a0ans, je me suis rendu compte que <strong>je bousillais mes cheveux.\u2009\u00bb<\/strong> Mais Laureen Schein ne trouve pas chaussure \u00e0 son pied. \u00ab\u2009Personne ne proposait de solution pour prendre soin de ses cheveux boucl\u00e9s avec des produits naturels\u2009\u00bb, regrette la Lyonnaise.<\/p>\n<p class=\" wall-content\">En 2017, elle d\u00e9cide alors de <strong>se lancer sur les r\u00e9seaux sociaux<\/strong> \u00ab\u2009pour raconter [ses] techniques et astuces\u2009\u00bb. Et le succ\u00e8s est au rendez-vous. Sur Instagram, Laureen Schein compte plus de <a href=\"https:\/\/www.instagram.com\/labelleboucle\/\" target=\"_blank\" rel=\"noopener\">277\u2009000 abonn\u00e9s<\/a>.<\/p>\n<p>\u00ab\u2009Un r\u00e9seau national\u2009\u00bb<\/p>\n<p class=\" wall-content\">Encourag\u00e9e par ce succ\u00e8s, elle lance une <strong>boutique en ligne en 2019.<\/strong> \u00ab\u2009Je voulais avoir le plus de produits possibles pour r\u00e9pondre au plus de besoins.\u2009\u00bb<\/p>\n<p class=\" wall-content\">Au total, une <strong>quarantaine de marques<\/strong> sont propos\u00e9es sur l\u2019e-shop, \u00ab\u2009surtout fran\u00e7aises et naturelles\u2009\u00bb.<\/p>\n<p>    <img   decoding=\"async\" loading=\"lazy\" src=\"https:\/\/www.europesays.com\/fr\/wp-content\/uploads\/2025\/05\/salon-de-coiffure-la-belle-boucle-960x640.jpg\" alt=\"Le salon de coiffure propose une prestation unique d'1 heure 30, pour avoir un soin personnalis\u00e9.\" width=\"960\" height=\"640\"\/><br \/>\n    Le salon de coiffure propose une prestation unique d\u20191 heure 30, pour avoir un soin personnalis\u00e9. (\u00a9La Belle Boucle\/Transmis \u00e0 actu Nantes)<\/p>\n<p class=\" wall-content\">En 2021, Laureen Schein ouvre son <strong>premier studio \u00e0 Lyon,<\/strong> avec son conjoint, et d\u00e9veloppe sa propre marque \u00ab\u2009issue de [leur] expertise\u2009\u00bb. Et les clientes sont au rendez-vous. <strong>Quatre nouveaux studios<\/strong> ouvrent entre\u00a02023 et\u00a02024. En 2025, c\u2019est donc au tour de <a href=\"https:\/\/actu.fr\/nantes\/\" target=\"_blank\" rel=\"noopener\">Nantes<\/a> de voir arriver La Belle Boucle, qui s\u2019installe \u00e9galement \u00e0 Toulouse.<\/p>\n<p class=\" wall-content\">\u00ab\u2009On d\u00e9veloppe un <strong>r\u00e9seau national,<\/strong> avec bient\u00f4t une centaine de personnes dans l\u2019\u00e9quipe\u2009\u00bb, note Laureen Schein. \u00ab\u2009On le fait pour nos clientes, mais aussi pour la profession, cela permet de <strong>revaloriser le m\u00e9tier\u2009\u00bb,<\/strong> conclut la fondatrice de La Belle Boucle.<\/p>\n<p><strong>Infos pratiques\u2009:<\/strong><br \/>La Belle Boucle studio, 12 rue Jean-Jacques-Rousseau, \u00e0 Nantes.<br \/>Ouverture pr\u00e9vue le 4\u00a0juin 2025.<br \/>Boutique ouverte sans rendez-vous, du lundi au samedi, de 10\u2009h \u00e0 19\u2009h.<br \/>La prise de rendez-vous au salon de coiffure se fera via l\u2019application Planity. Prestation unique de 95\u00a0euros.<\/p>\n<p class=\" wall-content\">Suivez toute l\u2019actualit\u00e9 de vos villes et m\u00e9dias favoris en vous inscrivant \u00e0 <a href=\"https:\/\/moncompte.actu.fr\" title=\"D\u00e9couvez Mon Actu\" rel=\"nofollow noopener\" data-trk=\"{&quot;cta&quot;:{&quot;action&quot;:&quot;https:\\\/\\\/moncompte.actu.fr&quot;,&quot;category&quot;:&quot;mon compte&quot;,&quot;from&quot;:&quot;article footer&quot;,&quot;name&quot;:&quot;Mon actu&quot;,&quot;type&quot;:&quot;cta&quot;}}\" target=\"_blank\">Mon Actu<\/a>.<\/p>\n<p>                    <script async src=\"\/\/www.instagram.com\/embed.js\"><\/script><\/p>\n","protected":false},"excerpt":{"rendered":"Par Cl\u00e9mence Pays Publi\u00e9 le 24 mai 2025 \u00e0 18h24 Avec ses milliers de followers sur les r\u00e9seaux&hellip;\n","protected":false},"author":2,"featured_media":125055,"comment_status":"","ping_status":"","sticky":false,"template":"","format":"standard","meta":{"footnotes":""},"categories":[2818],"tags":[1111,11,4983,215,33,1777,674,1011,27,766,12,3147,2636,25],"class_list":{"0":"post-125054","1":"post","2":"type-post","3":"status-publish","4":"format-standard","5":"has-post-thumbnail","7":"category-nantes","8":"tag-actu","9":"tag-actualites","10":"tag-bien-etre","11":"tag-commerce","12":"tag-economie","13":"tag-eu","14":"tag-europe","15":"tag-fr","16":"tag-france","17":"tag-nantes","18":"tag-news","19":"tag-nouveaux-commerces","20":"tag-pays-de-la-loire","21":"tag-republique-francaise"},"share_on_mastodon":{"url":"https:\/\/pubeurope.com\/@fr\/114564052084079054","error":""},"_links":{"self":[{"href":"https:\/\/www.europesays.com\/fr\/wp-json\/wp\/v2\/posts\/125054","targetHints":{"allow":["GET"]}}],"collection":[{"href":"https:\/\/www.europesays.com\/fr\/wp-json\/wp\/v2\/posts"}],"about":[{"href":"https:\/\/www.europesays.com\/fr\/wp-json\/wp\/v2\/types\/post"}],"author":[{"embeddable":true,"href":"https:\/\/www.europesays.com\/fr\/wp-json\/wp\/v2\/users\/2"}],"replies":[{"embeddable":true,"href":"https:\/\/www.europesays.com\/fr\/wp-json\/wp\/v2\/comments?post=125054"}],"version-history":[{"count":0,"href":"https:\/\/www.europesays.com\/fr\/wp-json\/wp\/v2\/posts\/125054\/revisions"}],"wp:featuredmedia":[{"embeddable":true,"href":"https:\/\/www.europesays.com\/fr\/wp-json\/wp\/v2\/media\/125055"}],"wp:attachment":[{"href":"https:\/\/www.europesays.com\/fr\/wp-json\/wp\/v2\/media?parent=125054"}],"wp:term":[{"taxonomy":"category","embeddable":true,"href":"https:\/\/www.europesays.com\/fr\/wp-json\/wp\/v2\/categories?post=125054"},{"taxonomy":"post_tag","embeddable":true,"href":"https:\/\/www.europesays.com\/fr\/wp-json\/wp\/v2\/tags?post=125054"}],"curies":[{"name":"wp","href":"https:\/\/api.w.org\/{rel}","templated":true}]}}