{"id":125056,"date":"2025-05-24T17:44:24","date_gmt":"2025-05-24T17:44:24","guid":{"rendered":"https:\/\/www.europesays.com\/fr\/125056\/"},"modified":"2025-05-24T17:44:24","modified_gmt":"2025-05-24T17:44:24","slug":"vers-un-contrat-longue-duree-pour-lepenant-a-nantes","status":"publish","type":"post","link":"https:\/\/www.europesays.com\/fr\/125056\/","title":{"rendered":"vers un contrat longue dur\u00e9e pour Lepenant \u00e0 Nantes ?"},"content":{"rendered":"<p>                            <img width=\"770\" height=\"433\" src=\"https:\/\/www.europesays.com\/fr\/wp-content\/uploads\/2025\/05\/AFP__20241223__DPPI_40024087_068__v1__HighRes__FootballFrenchChampParisSgVNantes-e1748094104929-770x.jpeg\" class=\"attachment-article size-article wp-post-image\" alt=\"Johann Lepenant avec Nantes.\" decoding=\"async\" fetchpriority=\"high\"  \/><\/p>\n<p>Johann Lepenant avec Nantes. Photo Matthieu Mirville \/ DPPI <\/p>\n<p>Pr\u00eat\u00e9 par l&rsquo;OL au FC Nantes, Johann Lepenant devrait s&rsquo;engager d\u00e9finitivement avec les Canaris cet \u00e9t\u00e9. Ils lui proposeraient quatre ann\u00e9es de contrat.<\/p>\n<p>Ce devrait \u00eatre quelques millions de plus pour l&rsquo;OL, mais il en faudra sans doute un peu plus pour rassurer <a href=\"https:\/\/www.olympique-et-lyonnais.com\/ol-la-dncg-previent-il-pourrait-y-avoir-une-ou-plusieurs-retrogradations-administratives,362733.html\" rel=\"nofollow noopener\" target=\"_blank\">la DNCG<\/a>. N\u00e9anmoins, assez rapidement, le club rhodanien pourrait annoncer le transfert d\u00e9finitif de Johann <strong>Lepenant<\/strong>. Selon L&rsquo;\u00c9quipe, le FC Nantes va conserver le milieu de terrain, pr\u00eat\u00e9 par l&rsquo;OL. Pour cela, il l\u00e8verait l&rsquo;option d&rsquo;achat qui s&rsquo;\u00e9l\u00e8ve \u00e0 2,5 millions d&rsquo;euros. <\/p>\n<p>Arriv\u00e9 en<a href=\"https:\/\/www.olympique-et-lyonnais.com\/mercato-l-ol-officialise-le-pret-de-lepenant-a-nantes,337167.html\" rel=\"nofollow noopener\" target=\"_blank\"> ao\u00fbt 2024<\/a> sur les bords de Loire, l&rsquo;international Espoirs (il disputera l&rsquo;Euro en juin) a su s&rsquo;imposer dans ce groupe vert et jaune. Il a pris part \u00e0 29 rencontres de Ligue 1, dont 23 dans la peau d&rsquo;un titulaire. Un bilan agr\u00e9ment\u00e9 de deux buts et d&rsquo;une passe d\u00e9cisive. <\/p>\n<p>L&rsquo;OL avait mis\u00e9 4,25 millions d&rsquo;euros sur lui<\/p>\n<p>L&rsquo;Olympique lyonnais devrait donc voir partir l&rsquo;ancien Caennais, qu&rsquo;il avait recrut\u00e9 pour 4,35 millions d&rsquo;euros \u00e0 l&rsquo;\u00e9t\u00e9 2022. Le m\u00e9dia sportif \u00e9voque ensuite la signature d&rsquo;un contrat de quatre ans pour Lepenant du c\u00f4t\u00e9 de la Joneli\u00e8re. Une mani\u00e8re de montrer que le club nantais souhaite en faire le visage d&rsquo;un nouvel \u00e9lan, d&rsquo;autant plus apr\u00e8s la fin de parcours avec Antoine <strong>Kombouar\u00e9 <\/strong>? <\/p>\n<p>Pour cela, il faudrait qu&rsquo;il reste en Loire-Atlantique au-del\u00e0 de l&rsquo;\u00e9t\u00e9. Car les m\u00e9dias italiens font \u00e9tat d&rsquo;int\u00e9r\u00eats de plusieurs formations de Serie A \u00e0 son sujet. L&rsquo;occasion d&rsquo;une plus-value financi\u00e8re ? L\u00e0 aussi, les prochaines semaines, voire mois, en dirons davantage. <\/p>\n<p>Un an de plus pour Lopes ?<\/p>\n<p>Ajoutons qu&rsquo;Anthony <strong>Lopes <\/strong>est lui aussi parti pour prolonger un an de plus, avec une option pour une saison suppl\u00e9mentaire. Il garde les cages de l&rsquo;\u00e9quipe lig\u00e9rienne <a href=\"https:\/\/www.olympique-et-lyonnais.com\/mercato-apres-son-depart-de-lol-lopes-rejoint-le-fc-nantes,347485.html\" rel=\"nofollow noopener\" target=\"_blank\">depuis l&rsquo;hiver dernier<\/a>. <\/p>\n","protected":false},"excerpt":{"rendered":"Johann Lepenant avec Nantes. Photo Matthieu Mirville \/ DPPI Pr\u00eat\u00e9 par l&rsquo;OL au FC Nantes, Johann Lepenant devrait&hellip;\n","protected":false},"author":2,"featured_media":125057,"comment_status":"","ping_status":"","sticky":false,"template":"","format":"standard","meta":{"footnotes":""},"categories":[2818],"tags":[1111,11,1777,674,1011,27,24808,1434,766,12,241,2636,25],"class_list":{"0":"post-125056","1":"post","2":"type-post","3":"status-publish","4":"format-standard","5":"has-post-thumbnail","7":"category-nantes","8":"tag-actu","9":"tag-actualites","10":"tag-eu","11":"tag-europe","12":"tag-fr","13":"tag-france","14":"tag-lepenant","15":"tag-mercato","16":"tag-nantes","17":"tag-news","18":"tag-ol","19":"tag-pays-de-la-loire","20":"tag-republique-francaise"},"share_on_mastodon":{"url":"https:\/\/pubeurope.com\/@fr\/114564055973989869","error":""},"_links":{"self":[{"href":"https:\/\/www.europesays.com\/fr\/wp-json\/wp\/v2\/posts\/125056","targetHints":{"allow":["GET"]}}],"collection":[{"href":"https:\/\/www.europesays.com\/fr\/wp-json\/wp\/v2\/posts"}],"about":[{"href":"https:\/\/www.europesays.com\/fr\/wp-json\/wp\/v2\/types\/post"}],"author":[{"embeddable":true,"href":"https:\/\/www.europesays.com\/fr\/wp-json\/wp\/v2\/users\/2"}],"replies":[{"embeddable":true,"href":"https:\/\/www.europesays.com\/fr\/wp-json\/wp\/v2\/comments?post=125056"}],"version-history":[{"count":0,"href":"https:\/\/www.europesays.com\/fr\/wp-json\/wp\/v2\/posts\/125056\/revisions"}],"wp:featuredmedia":[{"embeddable":true,"href":"https:\/\/www.europesays.com\/fr\/wp-json\/wp\/v2\/media\/125057"}],"wp:attachment":[{"href":"https:\/\/www.europesays.com\/fr\/wp-json\/wp\/v2\/media?parent=125056"}],"wp:term":[{"taxonomy":"category","embeddable":true,"href":"https:\/\/www.europesays.com\/fr\/wp-json\/wp\/v2\/categories?post=125056"},{"taxonomy":"post_tag","embeddable":true,"href":"https:\/\/www.europesays.com\/fr\/wp-json\/wp\/v2\/tags?post=125056"}],"curies":[{"name":"wp","href":"https:\/\/api.w.org\/{rel}","templated":true}]}}