{"id":125058,"date":"2025-05-24T17:45:17","date_gmt":"2025-05-24T17:45:17","guid":{"rendered":"https:\/\/www.europesays.com\/fr\/125058\/"},"modified":"2025-05-24T17:45:17","modified_gmt":"2025-05-24T17:45:17","slug":"bordeaux-le-festival-ocean-days-revient-promenade-sainte-catherine","status":"publish","type":"post","link":"https:\/\/www.europesays.com\/fr\/125058\/","title":{"rendered":"Bordeaux : le festival Ocean Days revient Promenade Sainte-Catherine"},"content":{"rendered":"<p><img decoding=\"async\" class=\"\" style=\"width:100%\" src=\"https:\/\/www.europesays.com\/fr\/wp-content\/uploads\/2025\/05\/_40mathieumaxime1747902002421.jpeg\" alt=\"Le festival Ocean Days aura lieu du 4 au 9 juin \u00e0 Bordeaux\"\/><\/p>\n<p>Le festival Ocean Days aura lieu du 4 au 9 juin \u00e0 Bordeaux<\/p>\n<p>Cr\u00e9dit : Mathieu Maxime<\/p>\n<p>C&rsquo;est un rendez-vous engag\u00e9 pour faire passer le messagede l&rsquo;importance de la pr\u00e9servation des oc\u00e9ans.<a href=\"https:\/\/oceandays.fr\" rel=\"noopener\" target=\"_blank\"> Le festival Oceans Days<\/a> \u00e0 Bordeaux revient pour la cinqui\u00e8me ann\u00e9e au coeur de la Promenade Sainte-Catherine du 4 au 9 juin 2025. Avec comme ces derni\u00e8res \u00e9ditions une programmation vari\u00e9e et pour la majorit\u00e9 gratuite : cin\u00e9ma, collecte de d\u00e9chets ou encore concerts et conf\u00e9rences.<\/p>\n<p>Le mercredi 4 juin pour l&rsquo;ouverture de cette 5eme \u00e9dition se tiendra une table ronde \u00e0 partir de 17hsur le th\u00e8me \u00ab\u00a0Comment s\u2019engager, chacun \u00e0 son \u00e9chelle, pour prot\u00e9ger l\u2019Oc\u00e9an ? \u00bbAnim\u00e9e par Th\u00e9o Robache, des invit\u00e9s en provenance d&rsquo;univers vari\u00e9s seront pr\u00e9sents pour \u00e9changer sur ce sujet et partager leurs points de vue\u00a0:\u00a0Johanne Defay \u2013 Surfeuse m\u00e9daill\u00e9e olympique fran\u00e7aise,\u00a0Greg Lecoeur \u2013 Photographe animalier et naturaliste engag\u00e9 dans la conservation de l\u2019environnement et de la biodiversit\u00e9,\u00a0Ad\u00e9la\u00efde Charlier &#8211; Militante pour la justice climatique et sociale,\u00a0Victoria Guillomon \u2013 Conf\u00e9renci\u00e8re, autrice et animatrice du podcast Nouvel \u0152il qui vise \u00e0 \u00e9veiller les consciences sur l\u2019\u00e9cologie int\u00e9rieure<\/p>\n<p>Cet \u00e9v\u00e9nement est gratuit mais il est conseill\u00e9 de r\u00e9server sur <a href=\"https:\/\/my.weezevent.com\/inauguration-ocean-days-2025\" target=\"_blank\" rel=\"noopener\">https:\/\/my.weezevent.com\/inauguration-ocean-days-2025<\/a><\/p>\n<p>Le jeudi 5 juin, place \u00e0 une soir\u00e9e cin\u00e9 plein air. Avec l&rsquo;International Ocean Film Tour qui \u00e0 partir de 20h proposera pas moins de cinq films sur la th\u00e9matique de l&rsquo;oc\u00e9an.<\/p>\n<p>Le vendredi 6 juin, la musique sera au coeur de la Promenade Sainte-Catherine avec plusieurs concerts entre 21h et minuit. Il faudra r\u00e9server sa place directement <a href=\"https:\/\/my.weezevent.com\/CONCERT~OCEAN~DAYS~2025\" rel=\"noopener\" target=\"_blank\">ici<\/a>. Autre rendez vous ce jour l\u00e0, une collecte de m\u00e9gots dans tout Bordeaux sera organis\u00e9e entre 14h et 17h30.\u00a0<\/p>\n<p>\u00a0<\/p>\n<p>\u00a0<\/p>\n<p>\u00a0<\/p>\n","protected":false},"excerpt":{"rendered":"Le festival Ocean Days aura lieu du 4 au 9 juin \u00e0 Bordeaux Cr\u00e9dit : Mathieu Maxime C&rsquo;est&hellip;\n","protected":false},"author":2,"featured_media":125059,"comment_status":"","ping_status":"","sticky":false,"template":"","format":"standard","meta":{"footnotes":""},"categories":[2817],"tags":[1111,11,1997,2904,1697,1292,1777,674,1011,27,2905,12,2219,12517,24811,24809,25,24810,24812],"class_list":{"0":"post-125058","1":"post","2":"type-post","3":"status-publish","4":"format-standard","5":"has-post-thumbnail","7":"category-bordeaux","8":"tag-actu","9":"tag-actualites","10":"tag-bordeaux","11":"tag-bordeaux-metropole","12":"tag-concert","13":"tag-debat","14":"tag-eu","15":"tag-europe","16":"tag-fr","17":"tag-france","18":"tag-gironde","19":"tag-news","20":"tag-nouvelle-aquitaine","21":"tag-ocean","22":"tag-ocean-days","23":"tag-promenade-sainte-catherine","24":"tag-republique-francaise","25":"tag-rue-sainte-catherine","26":"tag-table-ronde"},"share_on_mastodon":{"url":"https:\/\/pubeurope.com\/@fr\/114564059848500495","error":""},"_links":{"self":[{"href":"https:\/\/www.europesays.com\/fr\/wp-json\/wp\/v2\/posts\/125058","targetHints":{"allow":["GET"]}}],"collection":[{"href":"https:\/\/www.europesays.com\/fr\/wp-json\/wp\/v2\/posts"}],"about":[{"href":"https:\/\/www.europesays.com\/fr\/wp-json\/wp\/v2\/types\/post"}],"author":[{"embeddable":true,"href":"https:\/\/www.europesays.com\/fr\/wp-json\/wp\/v2\/users\/2"}],"replies":[{"embeddable":true,"href":"https:\/\/www.europesays.com\/fr\/wp-json\/wp\/v2\/comments?post=125058"}],"version-history":[{"count":0,"href":"https:\/\/www.europesays.com\/fr\/wp-json\/wp\/v2\/posts\/125058\/revisions"}],"wp:featuredmedia":[{"embeddable":true,"href":"https:\/\/www.europesays.com\/fr\/wp-json\/wp\/v2\/media\/125059"}],"wp:attachment":[{"href":"https:\/\/www.europesays.com\/fr\/wp-json\/wp\/v2\/media?parent=125058"}],"wp:term":[{"taxonomy":"category","embeddable":true,"href":"https:\/\/www.europesays.com\/fr\/wp-json\/wp\/v2\/categories?post=125058"},{"taxonomy":"post_tag","embeddable":true,"href":"https:\/\/www.europesays.com\/fr\/wp-json\/wp\/v2\/tags?post=125058"}],"curies":[{"name":"wp","href":"https:\/\/api.w.org\/{rel}","templated":true}]}}