{"id":125064,"date":"2025-05-24T17:48:08","date_gmt":"2025-05-24T17:48:08","guid":{"rendered":"https:\/\/www.europesays.com\/fr\/125064\/"},"modified":"2025-05-24T17:48:08","modified_gmt":"2025-05-24T17:48:08","slug":"pres-de-toulouse-cette-plage-surveillee-rouvre-cet-ete-decouvrez-quand","status":"publish","type":"post","link":"https:\/\/www.europesays.com\/fr\/125064\/","title":{"rendered":"Pr\u00e8s de Toulouse. Cette plage surveill\u00e9e rouvre cet \u00e9t\u00e9 : d\u00e9couvrez quand"},"content":{"rendered":"<p>            Par<br \/>\n        <strong><br \/>\n            <a href=\"https:\/\/actu.fr\/auteur\/lea-afonso\" title=\"Consulter tous les articles de L\u00e9a Afonso\" rel=\"nofollow noopener\" target=\"_blank\">L\u00e9a Afonso<\/a><br \/>\n        <\/strong><\/p>\n<p>        Publi\u00e9 le<\/p>\n<p>            24 mai 2025 \u00e0 19h18        <\/p>\n<p>Sable fin, serviette sur le sable et baignade dans le lac\u2009: c\u2019est parti pour une nouvelle saison de la <strong>plage de la Ram\u00e9e.<\/strong> Elle se situe \u00e0 <a href=\"https:\/\/actu.fr\/occitanie\/tournefeuille_31557\" rel=\"nofollow noopener\" target=\"_blank\">Tournefeuille<\/a>, tout proche de <a href=\"https:\/\/actu.fr\/toulouse\/\" rel=\"nofollow noopener\" target=\"_blank\">Toulouse<\/a> et attire chaque ann\u00e9e des centaines de Toulousains en qu\u00eate de vacances.<\/p>\n<p>Rendez-vous en juillet<\/p>\n<p class=\" wall-content\">La plage se situe en bord de lac, elle est donc accessible toute l\u2019ann\u00e9e. Mais durant la <strong>p\u00e9riode estivale,<\/strong> la mairie de Toulouse met en place un syst\u00e8me de surveillance, avec des <strong>ma\u00eetres nageurs,<\/strong> qui <strong>encadrent la baignade<\/strong>. L\u2019objectif\u2009: se pr\u00e9lasser dans l\u2019eau en toute s\u00e9curit\u00e9.<\/p>\n<p class=\" wall-content\">Cette ann\u00e9e, la p\u00e9riode de surveillance d\u00e9bute<strong> le samedi 5\u00a0juillet e<\/strong>t se termine le <strong>dimanche 31\u00a0ao\u00fbt.<\/strong><\/p>\n<p>De nouveaux horaires<\/p>\n<p class=\" wall-content\">Pour cette nouvelle saison, les horaires classiques restent inchang\u00e9s vis-\u00e0-vis des autres \u00e9ditions de la Ram\u00e9e plage. <strong>La baignade sera surveill\u00e9e de 10\u2009h \u00e0 19\u2009h, tous les jours<\/strong> de la semaine. Mais une nouveaut\u00e9 est tout de m\u00eame \u00e0 relever. <strong>L\u2019extension jusqu\u2019\u00e0 20\u2009h<\/strong> de cette surveillance <strong>en cas d\u2019alerte canicule orange<\/strong>. Un plan pr\u00e9vu en cas de forte chaleur qui s\u2019applique aussi aux piscines municipales de la ville de Toulouse.<\/p>\n<p class=\" wall-content\">Rappelons que d\u2019autres lieux pour se rafra\u00eechir cet \u00e9t\u00e9 existent \u00e0 Toulouse et dans les environs\u2009:<\/p>\n<p>Vid\u00e9os : en ce moment sur Actu<\/p>\n<ul class=\" wall-content\">\n<li><strong>le centre de loisirs et d\u2019accueil du Petit Capitole<\/strong>\u2009: +\u00a0de 3\u2009000\u00a0enfants accueillis\u2009: structures gonflables aqua ludique et 70 rafra\u00eechisseurs d\u2019air mobiles pour 20 \u00e9tablissements<\/li>\n<li><strong>la prairie des Filtres<\/strong> pendant Toulouse Plage<\/li>\n<li><strong>la base nautique de la Reynerie<\/strong> (inaugur\u00e9e en juillet\u00a02023)<\/li>\n<\/ul>\n<p class=\" wall-content\">Suivez toute l\u2019actualit\u00e9 de vos villes et m\u00e9dias favoris en vous inscrivant \u00e0 <a href=\"https:\/\/moncompte.actu.fr\" title=\"D\u00e9couvez Mon Actu\" rel=\"nofollow noopener\" data-trk=\"{&quot;cta&quot;:{&quot;action&quot;:&quot;https:\\\/\\\/moncompte.actu.fr&quot;,&quot;category&quot;:&quot;mon compte&quot;,&quot;from&quot;:&quot;article footer&quot;,&quot;name&quot;:&quot;Mon actu&quot;,&quot;type&quot;:&quot;cta&quot;}}\" target=\"_blank\">Mon Actu<\/a>.<\/p>\n","protected":false},"excerpt":{"rendered":"Par L\u00e9a Afonso Publi\u00e9 le 24 mai 2025 \u00e0 19h18 Sable fin, serviette sur le sable et baignade&hellip;\n","protected":false},"author":2,"featured_media":125065,"comment_status":"","ping_status":"","sticky":false,"template":"","format":"standard","meta":{"footnotes":""},"categories":[2816],"tags":[1111,11,1777,674,1011,27,1652,12,2680,25,1341,2312],"class_list":{"0":"post-125064","1":"post","2":"type-post","3":"status-publish","4":"format-standard","5":"has-post-thumbnail","7":"category-toulouse","8":"tag-actu","9":"tag-actualites","10":"tag-eu","11":"tag-europe","12":"tag-fr","13":"tag-france","14":"tag-loisirs-culture","15":"tag-news","16":"tag-occitanie","17":"tag-republique-francaise","18":"tag-sortir-a-toulouse","19":"tag-toulouse"},"share_on_mastodon":{"url":"https:\/\/pubeurope.com\/@fr\/114564071722274915","error":""},"_links":{"self":[{"href":"https:\/\/www.europesays.com\/fr\/wp-json\/wp\/v2\/posts\/125064","targetHints":{"allow":["GET"]}}],"collection":[{"href":"https:\/\/www.europesays.com\/fr\/wp-json\/wp\/v2\/posts"}],"about":[{"href":"https:\/\/www.europesays.com\/fr\/wp-json\/wp\/v2\/types\/post"}],"author":[{"embeddable":true,"href":"https:\/\/www.europesays.com\/fr\/wp-json\/wp\/v2\/users\/2"}],"replies":[{"embeddable":true,"href":"https:\/\/www.europesays.com\/fr\/wp-json\/wp\/v2\/comments?post=125064"}],"version-history":[{"count":0,"href":"https:\/\/www.europesays.com\/fr\/wp-json\/wp\/v2\/posts\/125064\/revisions"}],"wp:featuredmedia":[{"embeddable":true,"href":"https:\/\/www.europesays.com\/fr\/wp-json\/wp\/v2\/media\/125065"}],"wp:attachment":[{"href":"https:\/\/www.europesays.com\/fr\/wp-json\/wp\/v2\/media?parent=125064"}],"wp:term":[{"taxonomy":"category","embeddable":true,"href":"https:\/\/www.europesays.com\/fr\/wp-json\/wp\/v2\/categories?post=125064"},{"taxonomy":"post_tag","embeddable":true,"href":"https:\/\/www.europesays.com\/fr\/wp-json\/wp\/v2\/tags?post=125064"}],"curies":[{"name":"wp","href":"https:\/\/api.w.org\/{rel}","templated":true}]}}