{"id":125066,"date":"2025-05-24T17:49:08","date_gmt":"2025-05-24T17:49:08","guid":{"rendered":"https:\/\/www.europesays.com\/fr\/125066\/"},"modified":"2025-05-24T17:49:08","modified_gmt":"2025-05-24T17:49:08","slug":"un-homme-de-25-ans-juge","status":"publish","type":"post","link":"https:\/\/www.europesays.com\/fr\/125066\/","title":{"rendered":"un homme de 25 ans jug\u00e9"},"content":{"rendered":"<p>            Par<br \/>\n        <strong><br \/>\n            <a href=\"https:\/\/actu.fr\/auteur\/margot-nicodeme\" title=\"Consulter tous les articles de Margot Nicod\u00e8me\" rel=\"nofollow noopener\" target=\"_blank\">Margot Nicod\u00e8me<\/a><br \/>\n        <\/strong><\/p>\n<p>        Publi\u00e9 le<\/p>\n<p>            24 mai 2025 \u00e0 18h42        <\/p>\n<p>L\u2019homme, du haut de ses 25 ans, a un sang-froid sans pareil. En mai 2025, il s\u2019est rendu <b>coupable de deux d\u00e9lits s\u00e9rieux<\/b> dans la m\u00e9tropole de <a href=\"https:\/\/actu.fr\/hauts-de-france\/lille_59350\" rel=\"nofollow noopener\" target=\"_blank\">Lille<\/a> (Nord), \u00e0 6 jours d\u2019intervalle, alors qu\u2019<b>il avait entre temps \u00e9t\u00e9 plac\u00e9 sous contr\u00f4le judiciaire<\/b>. Un<b> <a href=\"https:\/\/actu.fr\/hauts-de-france\/lille_59350\/lille-vu-en-train-de-consommer-du-protoxyde-il-se-lance-dans-un-rocambolesque-refus-dobtemperer_62498753.html\" rel=\"nofollow noopener\" target=\"_blank\">refus d\u2019obtemp\u00e9rer<\/a><\/b> sur le p\u00e9riph\u00e9rique au niveau de <a href=\"https:\/\/actu.fr\/hauts-de-france\/roubaix_59512\" rel=\"nofollow noopener\" target=\"_blank\">Roubaix<\/a>, avec les circonstances aggravantes suivantes : la voiture qu\u2019il conduisait, un <a href=\"https:\/\/actu.fr\/societe\/nord-vols-en-serie-de-peugeot-3008-et-5008-la-reponse-de-stellantis-proprietaire-de-la-marque_61124679.html\" rel=\"nofollow noopener\" target=\"_blank\">Peugeot 3008<\/a>, <b>\u00e9tait vol\u00e9e en plus d\u2019avoir une fausse plaque, <\/b>et il n\u2019\u00e9tait <b>pas en possession du permis de conduire<\/b>. C\u2019\u00e9tait le 14 mai. D\u00e8s le 20 mai, il se faisait attraper dans un <a href=\"https:\/\/actu.fr\/hauts-de-france\/lille_59350\/lille-une-jeune-femme-de-21-ans-violemment-frappee-chez-elle-lors-dun-cambriolage_62572841.html\" rel=\"nofollow noopener\" target=\"_blank\">cambriolage<\/a> \u00e0 <a href=\"https:\/\/actu.fr\/hauts-de-france\/tourcoing_59599\" rel=\"nofollow noopener\" target=\"_blank\">Tourcoing<\/a>, o\u00f9 il avait d\u00e9rob\u00e9 plusieurs objets de tr\u00e8s grande valeur au domicile d\u2019un jeune homme. De la maroquinerie de luxe et des <a href=\"https:\/\/actu.fr\/hauts-de-france\/lille_59350\/lille-il-vole-une-montre-rolex-a-25-000-euros-en-menacant-sa-victime-avec-un-couteau_61140263.html\" rel=\"nofollow noopener\" target=\"_blank\">Rolex<\/a>, notamment. Devant le tribunal, le pr\u00e9venu se contente de reconna\u00eetre les faits, et ne s\u2019\u00e9panche pas sur les d\u00e9tails. <b>\u00ab\u00a0Je n\u2019ai pas envie d\u2019en parler, de \u00e7a\u00a0\u00bb<\/b>, r\u00e9pond-il inlassablement. R\u00e9cit.<\/p>\n<p>Un refus d\u2019obtemp\u00e9rer \u00e0 bord d\u2019un v\u00e9hicule vol\u00e9 et un cambriolage en moins d\u2019une semaine<\/p>\n<p class=\" wall-content\">\u00c9tant donn\u00e9 la chronologie, les deux dossiers sont joints et le pr\u00e9venu est jug\u00e9, le 21 mai, pour l\u2019ensemble des faits. \u00c2g\u00e9 de 25 ans, il n\u2019affiche aucune \u00e9motion lors du r\u00e9cit des \u00e9v\u00e9nements, pourtant graves, et semble tout aussi impassible quant \u00e0 la peine qu\u2019il encourt. Il faut dire qu\u2019il a d\u00e9j\u00e0 <b>un casier judiciaire charg\u00e9, depuis ses 15 ans<\/b> : vols aggrav\u00e9s, conduite sans permis, refus d\u2019obtemp\u00e9rer\u2026 Pour tout cela, il a d\u00e9j\u00e0 \u00e9t\u00e9 condamn\u00e9 par le pass\u00e9. Les deux faits de mai viennent alourdir un peu plus la liste.\u00a0<\/p>\n<p class=\" wall-content\">La pr\u00e9sidente du tribunal revient d\u2019abord sur le refus d\u2019obtemp\u00e9rer, en date du 14 mai. Les policiers en patrouille remarquent un Peugeot 3008 circulant \u00ab\u00a0\u00e0 tr\u00e8s vive allure\u00a0\u00bb sur le p\u00e9riph\u00e9rique lillois, vers 2h. Ils actionnent leurs avertisseurs sonores et lumineux pour proc\u00e9der au contr\u00f4le, mais le conducteur acc\u00e9l\u00e8re et se lance dans <b>un refus d\u2019obtemp\u00e9rer sur environ 10 km<\/b>. Il finit par emprunter la sortie vers Roubaix. Dans la ville, il abandonne le SUV et prend la fuite \u00e0 pied.\u00a0<\/p>\n<p class=\" wall-content\">Il se r\u00e9fugie dans un parc, pensant \u00eatre \u00e0 l\u2019abri des regards. Mais c\u2019est sans compter sur l\u2019exp\u00e9rience des policiers, dont ceux de la brigade anticriminalit\u00e9 (BAC), qui le retrouvent rapidement sur un banc. Le pr\u00e9venu roulait ainsi avec de fausses plaques, et n\u2019\u00e9tait pas en possession du permis de conduire. <b>Le Peugeot avait \u00e9t\u00e9 vol\u00e9 \u00e0 Douai le 10 mai<\/b>, mais le jeune homme n\u2019est pas accus\u00e9 du larcin, il est seulement poursuivi pour recel de vol.<\/p>\n<p class=\" wall-content\">\u00ab\u00a0Comment l\u2019avez-vous eu en main, ce v\u00e9hicule ?\u00a0\u00bb, l\u2019interroge la pr\u00e9sidente. <b>\u00ab\u00a0Je n\u2019ai pas envie de parler de \u00e7a\u00a0\u00bb<\/b>, r\u00e9pond-il froidement. \u00c0 la suite, il part en garde \u00e0 vue et est laiss\u00e9 libre, apr\u00e8s avoir \u00e9t\u00e9 plac\u00e9 sous contr\u00f4le judiciaire. Une sanction qui ne l\u2019impressionne pas, loin s\u2019en faut, puisque que quelques jours apr\u00e8s, il op\u00e8rera un cambriolage \u00e0 Tourcoing avec un complice.\u00a0<\/p>\n<p>Parce qu\u2019il est sous contr\u00f4le judiciaire, il donne un faux nom aux policiers<\/p>\n<p class=\" wall-content\">C\u2019est donc le 20 mai suivant qu\u2019<b>il p\u00e9n\u00e8tre par effraction<\/b>, en cassant une baie vitr\u00e9e, dans un domicile tourquennois. Le propri\u00e9taire des lieux, un jeune homme, est alors en vacances \u00e0 Marseille. Il re\u00e7oit, au beau milieu de la nuit, des notifications\u00a0 sur son t\u00e9l\u00e9phone : <b>son syst\u00e8me Verisure a capt\u00e9 l\u2019intrusion<\/b> et en a automatiquement fait part \u00e0 la police. Les cam\u00e9ras montrent bien deux hommes chez lui, dont les visages sont dissimul\u00e9s derri\u00e8re des masques chirurgicaux.<\/p>\n<p class=\" wall-content\">Les fonctionnaires de police arrivent sur place et interceptent un seul cambrioleur, l\u2019autre \u00e9tant parvenu \u00e0 prendre la fuite. C\u2019est bien le pr\u00e9venu de 25 ans qui s\u2019est fait pincer. Le bilan du vol est lourd : de la maroquinerie de luxe, des montres de marques Rolex, des surv\u00eatements de marque, des bijoux\u2026 Certains de ces objets ne seront jamais retrouv\u00e9s. \u00c0 nouveau plac\u00e9 en garde \u00e0 vue, l\u2019individu donne un faux nom.<\/p>\n<p class=\" wall-content\">L\u00e0 encore, au tribunal de Lille, il ne s\u2019exprime pas, si ce n\u2019est pour \u00ab\u00a0reconna\u00eetre les faits\u00a0\u00bb. Le faux nom, c\u2019est \u00ab\u00a0parce qu'[il] \u00e9tai[t] sous contr\u00f4le judiciaire\u00a0\u00bb, justement, depuis le 15 mai. Sa conviction d\u2019\u00eatre au-dessus des lois exasp\u00e8re la procureure, qui rappelle qu\u2019il a \u00e9cop\u00e9 de \u00ab\u00a0sept condamnations avec du sursis simple\u00a0\u00bb. Elle requiert cette fois une peine ferme : 16 mois de prison dont huit avec sursis. Pour les infractions commises dans le cadre du refus d\u2019obtemp\u00e9rer, elle demande 600 \u20ac d\u2019amende.<\/p>\n<p class=\" wall-content\">Le tribunal se montrera finalement plus s\u00e9v\u00e8re. Le pr\u00e9venu est condamn\u00e9 \u00e0<b> une peine de 20 mois de prison<\/b>, dont 12 mois avec sursis pendant 2 ans, auxquels s\u2019additionnent 4 mois. Une audience fix\u00e9e \u00e0 f\u00e9vrier 2026 permettra de d\u00e9terminer les dommages et int\u00e9r\u00eats au b\u00e9n\u00e9fice du jeune homme victime du cambriolage.<\/p>\n<p class=\" wall-content\">Suivez toute l\u2019actualit\u00e9 de vos villes et m\u00e9dias favoris en vous inscrivant \u00e0 <a href=\"https:\/\/moncompte.actu.fr\" title=\"D\u00e9couvez Mon Actu\" rel=\"nofollow noopener\" data-trk=\"{&quot;cta&quot;:{&quot;action&quot;:&quot;https:\\\/\\\/moncompte.actu.fr&quot;,&quot;category&quot;:&quot;mon compte&quot;,&quot;from&quot;:&quot;article footer&quot;,&quot;name&quot;:&quot;Mon actu&quot;,&quot;type&quot;:&quot;cta&quot;}}\" target=\"_blank\">Mon Actu<\/a>.<\/p>\n","protected":false},"excerpt":{"rendered":"Par Margot Nicod\u00e8me Publi\u00e9 le 24 mai 2025 \u00e0 18h42 L\u2019homme, du haut de ses 25 ans, a&hellip;\n","protected":false},"author":2,"featured_media":125067,"comment_status":"","ping_status":"","sticky":false,"template":"","format":"standard","meta":{"footnotes":""},"categories":[2815],"tags":[1111,11,1174,1777,674,118,1011,27,811,303,1307,12,2852,25],"class_list":{"0":"post-125066","1":"post","2":"type-post","3":"status-publish","4":"format-standard","5":"has-post-thumbnail","7":"category-lille","8":"tag-actu","9":"tag-actualites","10":"tag-cambriolage","11":"tag-eu","12":"tag-europe","13":"tag-faits-divers","14":"tag-fr","15":"tag-france","16":"tag-hauts-de-france","17":"tag-justice","18":"tag-lille","19":"tag-news","20":"tag-refus-dobtemperer","21":"tag-republique-francaise"},"share_on_mastodon":{"url":"https:\/\/pubeurope.com\/@fr\/114564075568199800","error":""},"_links":{"self":[{"href":"https:\/\/www.europesays.com\/fr\/wp-json\/wp\/v2\/posts\/125066","targetHints":{"allow":["GET"]}}],"collection":[{"href":"https:\/\/www.europesays.com\/fr\/wp-json\/wp\/v2\/posts"}],"about":[{"href":"https:\/\/www.europesays.com\/fr\/wp-json\/wp\/v2\/types\/post"}],"author":[{"embeddable":true,"href":"https:\/\/www.europesays.com\/fr\/wp-json\/wp\/v2\/users\/2"}],"replies":[{"embeddable":true,"href":"https:\/\/www.europesays.com\/fr\/wp-json\/wp\/v2\/comments?post=125066"}],"version-history":[{"count":0,"href":"https:\/\/www.europesays.com\/fr\/wp-json\/wp\/v2\/posts\/125066\/revisions"}],"wp:featuredmedia":[{"embeddable":true,"href":"https:\/\/www.europesays.com\/fr\/wp-json\/wp\/v2\/media\/125067"}],"wp:attachment":[{"href":"https:\/\/www.europesays.com\/fr\/wp-json\/wp\/v2\/media?parent=125066"}],"wp:term":[{"taxonomy":"category","embeddable":true,"href":"https:\/\/www.europesays.com\/fr\/wp-json\/wp\/v2\/categories?post=125066"},{"taxonomy":"post_tag","embeddable":true,"href":"https:\/\/www.europesays.com\/fr\/wp-json\/wp\/v2\/tags?post=125066"}],"curies":[{"name":"wp","href":"https:\/\/api.w.org\/{rel}","templated":true}]}}