{"id":125070,"date":"2025-05-24T17:51:12","date_gmt":"2025-05-24T17:51:12","guid":{"rendered":"https:\/\/www.europesays.com\/fr\/125070\/"},"modified":"2025-05-24T17:51:12","modified_gmt":"2025-05-24T17:51:12","slug":"michel-caire-journaliste-humaniste-et-fondateur-de-destimed-sen-est-alle","status":"publish","type":"post","link":"https:\/\/www.europesays.com\/fr\/125070\/","title":{"rendered":"Michel Caire, journaliste humaniste et fondateur de Destimed s\u2019en est all\u00e9"},"content":{"rendered":"<p>C\u2019est en toute discr\u00e9tion, comme il agissait que Michel Caire, \u00e9minent journaliste marseillais s\u2019en est all\u00e9. Les hommages, ce matin, le prouvent. Le d\u00e9part du fondateur de Destimed \u00e0 la plume pertinente laisse un go\u00fbt amer.<\/p>\n<p>Michel \u00e9tait un homme riche intellectuellement, dot\u00e9 d\u2019une vision g\u00e9opolitique exceptionnelle, tant sur le plan local qu\u2019international, qu\u2019il partageait avec humanisme. Ce regard sur l\u2019actualit\u00e9, il avait d\u00e9cid\u00e9 de le partager avec sa tendre \u00e9pouse Patricia, en fondant Destimed. Michel Caire \u00e9tait visionnaire.<\/p>\n<p>Mais dans la nuit du jeudi 22\u00a0mai au vendredi 23\u00a0mai 2025 \u00e0 1h15, il s\u2019est \u00e9teint brutalement. Son c\u0153ur \u00ab\u00a0si g\u00e9n\u00e9reux, mais \u00e9puis\u00e9, a l\u00e2ch\u00e9 prise sans que l\u2019on puisse le ranimer. G\u00e9n\u00e9reux, bienveillant, humain profond\u00e9ment humain, Michel \u00e9tait celui qui apportait de la lumi\u00e8re l\u00e0 o\u00f9 tout \u00e9tait sombre\u00a0\u00bb, soulignent d\u2019une m\u00eame voix ses confr\u00e8res ce matin.<\/p>\n<p>En cr\u00e9ant, Destimed et en choisissant la voie de l\u2019ind\u00e9pendance, Michel pr\u00f4nait un journalisme qui travaille sur toutes les proximit\u00e9s, du pas de la porte \u00e0 l\u2019international. Il avait le choix de papiers de fond, souvent longs, pour apporter nombre d\u2019\u00e9clairages tout en refusant de s\u2019inscrire dans le pr\u00eat-\u00e0-penser.<\/p>\n<p>Michel Caire \u00e9tait aussi un artiste. Sous le nom de CAM sa peinture \u00e9tait pour lui le prolongement des mots.<\/p>\n<p>\u00c0 Patricia, ses proches et \u00e0 toutes les personnes qu\u2019il a form\u00e9es, la r\u00e9daction de <a href=\"https:\/\/www.laprovence.com\/\" target=\"_blank\" rel=\"noopener\">La Provence<\/a> adresse ses condol\u00e9ances.<\/p>\n","protected":false},"excerpt":{"rendered":"C\u2019est en toute discr\u00e9tion, comme il agissait que Michel Caire, \u00e9minent journaliste marseillais s\u2019en est all\u00e9. Les hommages,&hellip;\n","protected":false},"author":2,"featured_media":125071,"comment_status":"","ping_status":"","sticky":false,"template":"","format":"standard","meta":{"footnotes":""},"categories":[2814],"tags":[17,1111,11,24813,24816,33,1777,674,24815,1011,27,24814,2957,884,3103,12,882,25,24236],"class_list":{"0":"post-125070","1":"post","2":"type-post","3":"status-publish","4":"format-standard","5":"has-post-thumbnail","7":"category-marseille","8":"tag-17","9":"tag-actu","10":"tag-actualites","11":"tag-caire","12":"tag-destimed","13":"tag-economie","14":"tag-eu","15":"tag-europe","16":"tag-fondateur","17":"tag-fr","18":"tag-france","19":"tag-humaniste","20":"tag-journaliste","21":"tag-marseille","22":"tag-michel","23":"tag-news","24":"tag-provence-alpes-cote-dazur","25":"tag-republique-francaise","26":"tag-sen"},"share_on_mastodon":{"url":"https:\/\/pubeurope.com\/@fr\/114564083459243391","error":""},"_links":{"self":[{"href":"https:\/\/www.europesays.com\/fr\/wp-json\/wp\/v2\/posts\/125070","targetHints":{"allow":["GET"]}}],"collection":[{"href":"https:\/\/www.europesays.com\/fr\/wp-json\/wp\/v2\/posts"}],"about":[{"href":"https:\/\/www.europesays.com\/fr\/wp-json\/wp\/v2\/types\/post"}],"author":[{"embeddable":true,"href":"https:\/\/www.europesays.com\/fr\/wp-json\/wp\/v2\/users\/2"}],"replies":[{"embeddable":true,"href":"https:\/\/www.europesays.com\/fr\/wp-json\/wp\/v2\/comments?post=125070"}],"version-history":[{"count":0,"href":"https:\/\/www.europesays.com\/fr\/wp-json\/wp\/v2\/posts\/125070\/revisions"}],"wp:featuredmedia":[{"embeddable":true,"href":"https:\/\/www.europesays.com\/fr\/wp-json\/wp\/v2\/media\/125071"}],"wp:attachment":[{"href":"https:\/\/www.europesays.com\/fr\/wp-json\/wp\/v2\/media?parent=125070"}],"wp:term":[{"taxonomy":"category","embeddable":true,"href":"https:\/\/www.europesays.com\/fr\/wp-json\/wp\/v2\/categories?post=125070"},{"taxonomy":"post_tag","embeddable":true,"href":"https:\/\/www.europesays.com\/fr\/wp-json\/wp\/v2\/tags?post=125070"}],"curies":[{"name":"wp","href":"https:\/\/api.w.org\/{rel}","templated":true}]}}