{"id":125074,"date":"2025-05-24T17:53:14","date_gmt":"2025-05-24T17:53:14","guid":{"rendered":"https:\/\/www.europesays.com\/fr\/125074\/"},"modified":"2025-05-24T17:53:14","modified_gmt":"2025-05-24T17:53:14","slug":"devant-le-pont-marechal-juin-une-partie-du-quai-est-bloquee-aux-automobilistes","status":"publish","type":"post","link":"https:\/\/www.europesays.com\/fr\/125074\/","title":{"rendered":"devant le pont Mar\u00e9chal-Juin, une partie du quai est bloqu\u00e9e aux automobilistes"},"content":{"rendered":"<p>Pour contourner les embouteillages devant le palais de Justice, quai Romain-Rolland, dans le 5e arrondissement, des automobilistes avaient trouv\u00e9 un acc\u00e8s plus fluide. Ils passaient par la portion haute du quai, perpendiculaire au pont Mar\u00e9chal-Juin, avant de se reconnecter quelques m\u00e8tres plus loin \u00e0 la portion basse du quai. Mauvaise surprise pour eux en cette fin de semaine de mai\u00a0: impossible de continuer sur le quai, il est bloqu\u00e9 aux automobilistes au niveau du pont, par des blocs b\u00e9ton et un marquage en z\u00e9bra.<\/p>\n<p>Ils sont oblig\u00e9s de tourner \u00e0 droite, d\u2019emprunter le pont et d\u2019aller jusqu\u2019au <a href=\"https:\/\/www.leprogres.fr\/economie\/2025\/04\/02\/un-nouveau-chantier-quai-saint-antoine\" target=\"_blank\" rel=\"noopener\">quai Saint-Antoine<\/a>. \u00ab\u00a0Un quai qui va donc accueillir davantage de v\u00e9hicules alors qu\u2019il y a d\u00e9j\u00e0&#8230;<\/p>\n","protected":false},"excerpt":{"rendered":"Pour contourner les embouteillages devant le palais de Justice, quai Romain-Rolland, dans le 5e arrondissement, des automobilistes avaient&hellip;\n","protected":false},"author":2,"featured_media":125075,"comment_status":"","ping_status":"","sticky":false,"template":"","format":"standard","meta":{"footnotes":""},"categories":[1889],"tags":[1111,11,2430,2757,436,1777,674,1011,27,2428,15658,15657,12,25,2429],"class_list":{"0":"post-125074","1":"post","2":"type-post","3":"status-publish","4":"format-standard","5":"has-post-thumbnail","7":"category-lyon","8":"tag-actu","9":"tag-actualites","10":"tag-auvergne-rhone-alpes","11":"tag-edition-lyon-villeurbanne","12":"tag-environnement","13":"tag-eu","14":"tag-europe","15":"tag-fr","16":"tag-france","17":"tag-lyon","18":"tag-lyon-5e","19":"tag-lyon-5e-arrondissement","20":"tag-news","21":"tag-republique-francaise","22":"tag-rhone"},"share_on_mastodon":{"url":"https:\/\/pubeurope.com\/@fr\/114564091303756382","error":""},"_links":{"self":[{"href":"https:\/\/www.europesays.com\/fr\/wp-json\/wp\/v2\/posts\/125074","targetHints":{"allow":["GET"]}}],"collection":[{"href":"https:\/\/www.europesays.com\/fr\/wp-json\/wp\/v2\/posts"}],"about":[{"href":"https:\/\/www.europesays.com\/fr\/wp-json\/wp\/v2\/types\/post"}],"author":[{"embeddable":true,"href":"https:\/\/www.europesays.com\/fr\/wp-json\/wp\/v2\/users\/2"}],"replies":[{"embeddable":true,"href":"https:\/\/www.europesays.com\/fr\/wp-json\/wp\/v2\/comments?post=125074"}],"version-history":[{"count":0,"href":"https:\/\/www.europesays.com\/fr\/wp-json\/wp\/v2\/posts\/125074\/revisions"}],"wp:featuredmedia":[{"embeddable":true,"href":"https:\/\/www.europesays.com\/fr\/wp-json\/wp\/v2\/media\/125075"}],"wp:attachment":[{"href":"https:\/\/www.europesays.com\/fr\/wp-json\/wp\/v2\/media?parent=125074"}],"wp:term":[{"taxonomy":"category","embeddable":true,"href":"https:\/\/www.europesays.com\/fr\/wp-json\/wp\/v2\/categories?post=125074"},{"taxonomy":"post_tag","embeddable":true,"href":"https:\/\/www.europesays.com\/fr\/wp-json\/wp\/v2\/tags?post=125074"}],"curies":[{"name":"wp","href":"https:\/\/api.w.org\/{rel}","templated":true}]}}