{"id":125076,"date":"2025-05-24T17:54:18","date_gmt":"2025-05-24T17:54:18","guid":{"rendered":"https:\/\/www.europesays.com\/fr\/125076\/"},"modified":"2025-05-24T17:54:18","modified_gmt":"2025-05-24T17:54:18","slug":"exposition-lyon-ville-revee-une-declaration-damour-picturale","status":"publish","type":"post","link":"https:\/\/www.europesays.com\/fr\/125076\/","title":{"rendered":"Exposition. Lyon ville r\u00eav\u00e9e , une d\u00e9claration d\u2019amour picturale"},"content":{"rendered":"<p>La nouvelle exposition du mus\u00e9e Jean-Couty Lyon ville r\u00eav\u00e9e rassemble une centaine d\u2019\u0153uvres issues des collections Paul Dini, Tomaselli, Laurent Colin, Bernard Gouttenoire et de pr\u00eateurs qui ont tenu \u00e0 rester anonymes.<\/p>\n<p>Lyon ville des lumi\u00e8res et de la couleur<\/p>\n<p>Une cinquantaine d\u2019artistes tels qu\u2019Eug\u00e8ne Brouillard, Pierre Combet-Descombes, Adrien bas, Jean Couty, Evaristo, mais aussi Jacques Truph\u00e9mus, Jean Fusaro du groupe des Sanzistes, les contemporains Patrice Giorda, Alain Chevrette, Jacques Lescouli\u00e9 et d\u2019autres moins connus, mettent en lumi\u00e8re l\u2019\u00e9volution de la peinture artistique et d\u00e9corative depuis l\u2019\u00e9cole&#8230;<\/p>\n","protected":false},"excerpt":{"rendered":"La nouvelle exposition du mus\u00e9e Jean-Couty Lyon ville r\u00eav\u00e9e rassemble une centaine d\u2019\u0153uvres issues des collections Paul Dini,&hellip;\n","protected":false},"author":2,"featured_media":125077,"comment_status":"","ping_status":"","sticky":false,"template":"","format":"standard","meta":{"footnotes":""},"categories":[1889],"tags":[1111,11,2430,1687,2757,1777,674,2271,1011,27,2428,24818,24817,12,25],"class_list":{"0":"post-125076","1":"post","2":"type-post","3":"status-publish","4":"format-standard","5":"has-post-thumbnail","7":"category-lyon","8":"tag-actu","9":"tag-actualites","10":"tag-auvergne-rhone-alpes","11":"tag-culture-loisirs","12":"tag-edition-lyon-villeurbanne","13":"tag-eu","14":"tag-europe","15":"tag-exposition-arts-plastiques","16":"tag-fr","17":"tag-france","18":"tag-lyon","19":"tag-lyon-9e","20":"tag-lyon-9e-arrondissement","21":"tag-news","22":"tag-republique-francaise"},"share_on_mastodon":{"url":"https:\/\/pubeurope.com\/@fr\/114564095254641507","error":""},"_links":{"self":[{"href":"https:\/\/www.europesays.com\/fr\/wp-json\/wp\/v2\/posts\/125076","targetHints":{"allow":["GET"]}}],"collection":[{"href":"https:\/\/www.europesays.com\/fr\/wp-json\/wp\/v2\/posts"}],"about":[{"href":"https:\/\/www.europesays.com\/fr\/wp-json\/wp\/v2\/types\/post"}],"author":[{"embeddable":true,"href":"https:\/\/www.europesays.com\/fr\/wp-json\/wp\/v2\/users\/2"}],"replies":[{"embeddable":true,"href":"https:\/\/www.europesays.com\/fr\/wp-json\/wp\/v2\/comments?post=125076"}],"version-history":[{"count":0,"href":"https:\/\/www.europesays.com\/fr\/wp-json\/wp\/v2\/posts\/125076\/revisions"}],"wp:featuredmedia":[{"embeddable":true,"href":"https:\/\/www.europesays.com\/fr\/wp-json\/wp\/v2\/media\/125077"}],"wp:attachment":[{"href":"https:\/\/www.europesays.com\/fr\/wp-json\/wp\/v2\/media?parent=125076"}],"wp:term":[{"taxonomy":"category","embeddable":true,"href":"https:\/\/www.europesays.com\/fr\/wp-json\/wp\/v2\/categories?post=125076"},{"taxonomy":"post_tag","embeddable":true,"href":"https:\/\/www.europesays.com\/fr\/wp-json\/wp\/v2\/tags?post=125076"}],"curies":[{"name":"wp","href":"https:\/\/api.w.org\/{rel}","templated":true}]}}