{"id":125089,"date":"2025-05-24T18:03:11","date_gmt":"2025-05-24T18:03:11","guid":{"rendered":"https:\/\/www.europesays.com\/fr\/125089\/"},"modified":"2025-05-24T18:03:11","modified_gmt":"2025-05-24T18:03:11","slug":"trump-se-targue-davoir-libere-larmee-des-theories-sur-le-genre-et-la-race","status":"publish","type":"post","link":"https:\/\/www.europesays.com\/fr\/125089\/","title":{"rendered":"Trump se targue d&rsquo;avoir \u00ablib\u00e9r\u00e9\u00bb l&rsquo;arm\u00e9e des th\u00e9ories sur le genre et la \u00abrace\u00bb"},"content":{"rendered":"<p>\u00abLe m\u00e9tier des forces arm\u00e9es am\u00e9ricaines n\u2019est ni d\u2019organiser des drag shows ni de propager la d\u00e9mocratie par la force des armes\u00bb, a d\u00e9clar\u00e9 le pr\u00e9sident am\u00e9ricain ce samedi.<\/p>\n<p class=\"fig-paragraph\">Le pr\u00e9sident am\u00e9ricain\u00a0<a href=\"http:\/\/www.lefigaro.fr\/conjoncture\/donald-trump-menace-l-union-europeenne-de-50-de-droits-de-douane-a-partir-du-1er-juin-20250523\" data-fig-type=\"NewsFlash\" data-gtm-custom-categorie=\"navigation\" data-gtm-custom-action=\"crossclick\" data-gtm-custom-label=\"Contextuel\" data-gtm-event=\"customEventSPE\" data-fig-domain=\"LEFIGARO\" rel=\"nofollow noopener\" target=\"_blank\">Donald Trump<\/a>\u00a0s&rsquo;est f\u00e9licit\u00e9 ce samedi d&rsquo;avoir \u00ablib\u00e9r\u00e9\u00bb les forces arm\u00e9es de l&rsquo;influence des th\u00e9ories sur le genre ou les in\u00e9galit\u00e9s raciales, les qualifiant de \u00abdiversions\u00bb par rapport \u00e0 leur \u00abmission essentielle d&rsquo;an\u00e9antir les ennemis de l&rsquo;Am\u00e9rique\u00bb.<\/p>\n<p class=\"fig-paragraph\">Depuis son retour \u00e0 la\u00a0<a href=\"http:\/\/www.lefigaro.fr\/international\/dossier\/sur-la-route-de-la-maison-blanche-retrouvez-tous-les-episodes\" data-fig-type=\"Topic\" data-gtm-custom-categorie=\"navigation\" data-gtm-custom-action=\"crossclick\" data-gtm-custom-label=\"Contextuel\" data-gtm-event=\"customEventSPE\" data-fig-domain=\"LEFIGARO\" rel=\"nofollow noopener\" target=\"_blank\">Maison Blanche<\/a>\u00a0en janvier, Donald Trump a notamment sign\u00e9 un d\u00e9cret pr\u00e9sidentiel d\u00e9clarant \u00abill\u00e9gaux\u00bb les programmes et politiques de \u00abDEI\u00bb (Diversit\u00e9, \u00e9quit\u00e9, inclusion), promouvant l&rsquo;\u00e9galit\u00e9 des chances, ainsi qu&rsquo;un autre excluant les personnes\u00a0<a href=\"http:\/\/www.lefigaro.fr\/international\/etats-unis-le-pentagone-annonce-la-fin-des-soins-de-sante-pour-les-militaires-transgenres-20250513\" data-fig-type=\"NewsFlash\" data-gtm-custom-categorie=\"navigation\" data-gtm-custom-action=\"crossclick\" data-gtm-custom-label=\"Contextuel\" data-gtm-event=\"customEventSPE\" data-fig-domain=\"LEFIGARO\" rel=\"nofollow noopener\" target=\"_blank\">transgenres\u00a0<\/a>des forces arm\u00e9es.<\/p>\n<p class=\"fig-paragraph\">\u00abNous supprimons les diversions et nous recentrons nos forces arm\u00e9es sur leur mission essentielle d&rsquo;an\u00e9antir les ennemis de l&rsquo;Am\u00e9rique\u00bb, a-t-il d\u00e9clar\u00e9 lors de la c\u00e9r\u00e9monie de remise de dipl\u00f4mes de la prestigieuse acad\u00e9mie militaire de West Point, pr\u00e8s de New York. \u00abLe m\u00e9tier des forces arm\u00e9es am\u00e9ricaines n&rsquo;est ni d&rsquo;organiser\u00a0<a href=\"http:\/\/www.lefigaro.fr\/flash-actu\/ridicule-dangereux-la-maison-blanche-fustige-l-interdiction-de-representations-de-drag-queens-dans-le-tennessee-20230303\" target=\"_blank\" data-fig-type=\"NewsFlash\" rel=\"noopener nofollow\" data-gtm-custom-categorie=\"navigation\" data-gtm-custom-action=\"crossclick\" data-gtm-custom-label=\"Contextuel\" data-gtm-event=\"customEventSPE\" data-fig-domain=\"LEFIGARO\">des drag shows<\/a> \u00a0ni de propager la d\u00e9mocratie par la force des armes\u00bb, a-t-il poursuivi.<\/p>\n<blockquote class=\"fig-quote&#10;    \">\n<p class=\"fig-quote__text\">La th\u00e9orie critique de la race ou du \u00ab transgenre pour tous\u00a0\u00bb ne seront plus impos\u00e9s \u00e0 nos courageux hommes et femmes sous l\u2019uniforme<\/p>\n<p>            Donald Trump\n    <\/p><\/blockquote>\n<p class=\"fig-paragraph\">Il critiquait ainsi les administrations pr\u00e9c\u00e9dentes, r\u00e9publicaines comme d\u00e9mocrates, des vingt derni\u00e8res ann\u00e9es, notamment pour les interventions militaires en Afghanistan et en Irak. \u00abLe m\u00e9tier des forces arm\u00e9es est d&rsquo;annihiler toute menace envers l&rsquo;Am\u00e9rique, o\u00f9 que ce soit, \u00e0 tout moment\u00bb, a insist\u00e9 le pr\u00e9sident r\u00e9publicain, coiff\u00e9 d&rsquo;une casquette rouge libell\u00e9e de son slogan \u00ab<a href=\"http:\/\/www.lefigaro.fr\/international\/la-californie-prete-a-mener-a-nouveau-la-resistance-face-a-la-reaction-maga-make-america-great-again-20241212\" data-fig-type=\"Article\" data-gtm-custom-categorie=\"navigation\" data-gtm-custom-action=\"crossclick\" data-gtm-custom-label=\"Contextuel\" data-gtm-event=\"customEventSPE\" data-fig-domain=\"LEFIGARO\" rel=\"nofollow noopener\" target=\"_blank\">Make America Great Again<\/a> \u00bb (\u00abRendre sa grandeur \u00e0 l&rsquo;Am\u00e9rique\u00bb).<\/p>\n<p class=\"fig-paragraph\">\u00abNous avons lib\u00e9r\u00e9 nos troupes d&rsquo;enseignements politiques d\u00e9gradants et qui divisent\u00bb, s&rsquo;est f\u00e9licit\u00e9 Donald Trump. \u00abLa th\u00e9orie critique de la race ou du \u201ctransgenre pour tous\u201d ne seront plus impos\u00e9s \u00e0 nos courageux hommes et femmes sous l&rsquo;uniforme. Ni d&rsquo;ailleurs \u00e0 qui que ce soit d&rsquo;autre dans ce pays\u00bb, a-t-il affirm\u00e9.<\/p>\n<p class=\"fig-paragraph\">La th\u00e9orie critique de la race est la discipline qui \u00e9tudie l&rsquo;impact des in\u00e9galit\u00e9s raciales dans le fonctionnement des institutions am\u00e9ricaines. La Cour supr\u00eame \u00e0 majorit\u00e9 conservatrice a provisoirement autoris\u00e9 l&rsquo;administration Trump \u00e0 exclure les personnes transgenres de l&rsquo;arm\u00e9e, en attendant une d\u00e9cision ult\u00e9rieure sur le fond. Donald Trump s&rsquo;exprimait \u00e0 trois semaines du d\u00e9fil\u00e9 militaire qu&rsquo;il a ordonn\u00e9 pour c\u00e9l\u00e9brer les 250 ans des forces am\u00e9ricaines, le 14 juin, date de son 79e anniversaire.<\/p>\n","protected":false},"excerpt":{"rendered":"\u00abLe m\u00e9tier des forces arm\u00e9es am\u00e9ricaines n\u2019est ni d\u2019organiser des drag shows ni de propager la d\u00e9mocratie par&hellip;\n","protected":false},"author":2,"featured_media":125090,"comment_status":"","ping_status":"","sticky":false,"template":"","format":"standard","meta":{"footnotes":""},"categories":[1589],"tags":[259,11,260,75,73,1866,14,261,12,262,10162,24819,1864,1865,1863,308],"class_list":{"0":"post-125089","1":"post","2":"type-post","3":"status-publish","4":"format-standard","5":"has-post-thumbnail","7":"category-etats-unis","8":"tag-actualite-internationale","9":"tag-actualites","10":"tag-affaires-etrangeres","11":"tag-donald-trump","12":"tag-etats-unis","13":"tag-etats-unis-damerique","14":"tag-international","15":"tag-ministere-des-affaires-etrangeres","16":"tag-news","17":"tag-politique-etrangere","18":"tag-racisme","19":"tag-theorie-du-genre","20":"tag-united-states","21":"tag-united-states-of-america","22":"tag-us","23":"tag-usa"},"share_on_mastodon":{"url":"https:\/\/pubeurope.com\/@fr\/114564130634165976","error":""},"_links":{"self":[{"href":"https:\/\/www.europesays.com\/fr\/wp-json\/wp\/v2\/posts\/125089","targetHints":{"allow":["GET"]}}],"collection":[{"href":"https:\/\/www.europesays.com\/fr\/wp-json\/wp\/v2\/posts"}],"about":[{"href":"https:\/\/www.europesays.com\/fr\/wp-json\/wp\/v2\/types\/post"}],"author":[{"embeddable":true,"href":"https:\/\/www.europesays.com\/fr\/wp-json\/wp\/v2\/users\/2"}],"replies":[{"embeddable":true,"href":"https:\/\/www.europesays.com\/fr\/wp-json\/wp\/v2\/comments?post=125089"}],"version-history":[{"count":0,"href":"https:\/\/www.europesays.com\/fr\/wp-json\/wp\/v2\/posts\/125089\/revisions"}],"wp:featuredmedia":[{"embeddable":true,"href":"https:\/\/www.europesays.com\/fr\/wp-json\/wp\/v2\/media\/125090"}],"wp:attachment":[{"href":"https:\/\/www.europesays.com\/fr\/wp-json\/wp\/v2\/media?parent=125089"}],"wp:term":[{"taxonomy":"category","embeddable":true,"href":"https:\/\/www.europesays.com\/fr\/wp-json\/wp\/v2\/categories?post=125089"},{"taxonomy":"post_tag","embeddable":true,"href":"https:\/\/www.europesays.com\/fr\/wp-json\/wp\/v2\/tags?post=125089"}],"curies":[{"name":"wp","href":"https:\/\/api.w.org\/{rel}","templated":true}]}}