{"id":125091,"date":"2025-05-24T18:04:18","date_gmt":"2025-05-24T18:04:18","guid":{"rendered":"https:\/\/www.europesays.com\/fr\/125091\/"},"modified":"2025-05-24T18:04:18","modified_gmt":"2025-05-24T18:04:18","slug":"nous-navons-jamais-ferme-la-porte-estime-nathalie-loiseau-2","status":"publish","type":"post","link":"https:\/\/www.europesays.com\/fr\/125091\/","title":{"rendered":"\u00ab Nous n\u2019avons jamais ferm\u00e9 la porte \u00bb, estime Nathalie Loiseau"},"content":{"rendered":"<p>Le 20\u00a0mai 2025, l\u2019Union europ\u00e9enne et le Royaume-Uni ont sign\u00e9 <a href=\"https:\/\/www.parismatch.com\/actu\/international\/une-nouvelle-ere-lue-et-le-royaume-uni-resserrent-leurs-liens-cinq-ans-apres-le-brexit-251593\" rel=\"nofollow noopener\" target=\"_blank\" data-ylk=\"slk:un nouveau partenariat strat\u00e9gique couvrant la d\u00e9fense, la s\u00e9curit\u00e9, le commerce et la p\u00eache;elm:context_link;itc:0;sec:content-canvas\" class=\"link \">un nouveau partenariat strat\u00e9gique couvrant la d\u00e9fense, la s\u00e9curit\u00e9, le commerce et la p\u00eache<\/a>. Un accord qui marque un tournant apr\u00e8s cinq ann\u00e9es de relations post-Brexit tendues. <a href=\"https:\/\/www.parismatch.com\/Actu\/Politique\/Le-jardin-secret-de-Nathalie-Loiseau-1615214\" rel=\"nofollow noopener\" target=\"_blank\" data-ylk=\"slk:Nathalie Loiseau;elm:context_link;itc:0;sec:content-canvas\" class=\"link \">Nathalie Loiseau<\/a>, eurod\u00e9put\u00e9e Renew et ancienne ministre charg\u00e9e des Affaires europ\u00e9ennes, revient sur les implications de ce rapprochement.<\/p>\n<p><strong>Paris Match\u00a0: La signature du nouveau partenariat strat\u00e9gique entre l\u2019Union europ\u00e9enne et le Royaume-Uni pr\u00e9figure-t-elle un retour progressif de Londres dans l\u2019orbite europ\u00e9enne\u00a0?<\/strong><\/p>\n<p><strong>Nathalie Loiseau\u00a0:<\/strong> La signature de cet accord est une bonne nouvelle. Parce que les temps que nous vivons ne sont pas propices \u00e0 la division. Le Royaume-Uni s\u2019est retrouv\u00e9 isol\u00e9 avec une guerre d\u2019agression russe en Ukraine et avec un alli\u00e9 am\u00e9ricain qui est devenu moins pr\u00e9visible et moins fiable. L\u2019Union europ\u00e9enne, elle, n\u2019a pas adopt\u00e9 une attitude punitive qui aurait consist\u00e9 \u00e0 dire\u00a0: \u00ab\u00a0Vous avez choisi le Brexit, soyez punis\u00a0\u00bb. Chacun y trouve son int\u00e9r\u00eat. Mais ce rapprochement ne signifie pas un retour dans l\u2019Union. Ce n\u2019est pas ce que <a href=\"https:\/\/www.parismatch.com\/actu\/international\/royaume-uni-keir-starmer-futur-premier-ministre-apres-la-victoire-des-travaillistes-aux-legislatives-239298\" rel=\"nofollow noopener\" target=\"_blank\" data-ylk=\"slk:Keir Starmer;elm:context_link;itc:0;sec:content-canvas\" class=\"link \">Keir Starmer<\/a> a annonc\u00e9, ce n\u2019est pas l\u00e0-dessus qu\u2019il a \u00e9t\u00e9 \u00e9lu. Apr\u00e8s une d\u00e9cision aussi lourde et grave que quitter l\u2019Union, il faudra sans doute une g\u00e9n\u00e9ration pour que les Britanniques reconsid\u00e8rent leur choix.<\/p>\n<p><strong>La bonne entente entre Emmanuel Macron et Keir Starmer, notamment sur l\u2019Ukraine, peut-elle favoriser un retour du Royaume-Uni dans l\u2019UE\u00a0?<\/strong><\/p>\n<p>C\u2019est aux Britanniques d\u2019en d\u00e9&#8230;<\/p>\n<p><a href=\"https:\/\/www.parismatch.com\/actu\/politique\/retour-du-royaume-uni-dans-lue-nous-navons-jamais-ferme-la-porte-estime-nathalie-loiseau-251843?at_medium=affiliate&amp;at_campaign=Yahoo\" rel=\"nofollow noopener\" target=\"_blank\" data-ylk=\"slk:Lire la suite sur ParisMatch;elm:context_link;itc:0;sec:content-canvas\" class=\"link \">Lire la suite sur ParisMatch<\/a><\/p>\n","protected":false},"excerpt":{"rendered":"Le 20\u00a0mai 2025, l\u2019Union europ\u00e9enne et le Royaume-Uni ont sign\u00e9 un nouveau partenariat strat\u00e9gique couvrant la d\u00e9fense, la&hellip;\n","protected":false},"author":2,"featured_media":125092,"comment_status":"","ping_status":"","sticky":false,"template":"","format":"standard","meta":{"footnotes":""},"categories":[1588],"tags":[11,1777,674,2581,7738,1877,24820,12,473,1853,1851,1850,1852],"class_list":{"0":"post-125091","1":"post","2":"type-post","3":"status-publish","4":"format-standard","5":"has-post-thumbnail","7":"category-royaume-uni","8":"tag-actualites","9":"tag-eu","10":"tag-europe","11":"tag-keir-starmer","12":"tag-lunion-europeenne","13":"tag-la-defense","14":"tag-nathalie-loiseau","15":"tag-news","16":"tag-royaume-uni","17":"tag-royaume-uni-de-grande-bretagne-et-dirlande-du-nord","18":"tag-uk","19":"tag-united-kingdom","20":"tag-united-kingdom-of-great-britain-and-northern-ireland"},"share_on_mastodon":{"url":"https:\/\/pubeurope.com\/@fr\/114564134615011004","error":""},"_links":{"self":[{"href":"https:\/\/www.europesays.com\/fr\/wp-json\/wp\/v2\/posts\/125091","targetHints":{"allow":["GET"]}}],"collection":[{"href":"https:\/\/www.europesays.com\/fr\/wp-json\/wp\/v2\/posts"}],"about":[{"href":"https:\/\/www.europesays.com\/fr\/wp-json\/wp\/v2\/types\/post"}],"author":[{"embeddable":true,"href":"https:\/\/www.europesays.com\/fr\/wp-json\/wp\/v2\/users\/2"}],"replies":[{"embeddable":true,"href":"https:\/\/www.europesays.com\/fr\/wp-json\/wp\/v2\/comments?post=125091"}],"version-history":[{"count":0,"href":"https:\/\/www.europesays.com\/fr\/wp-json\/wp\/v2\/posts\/125091\/revisions"}],"wp:featuredmedia":[{"embeddable":true,"href":"https:\/\/www.europesays.com\/fr\/wp-json\/wp\/v2\/media\/125092"}],"wp:attachment":[{"href":"https:\/\/www.europesays.com\/fr\/wp-json\/wp\/v2\/media?parent=125091"}],"wp:term":[{"taxonomy":"category","embeddable":true,"href":"https:\/\/www.europesays.com\/fr\/wp-json\/wp\/v2\/categories?post=125091"},{"taxonomy":"post_tag","embeddable":true,"href":"https:\/\/www.europesays.com\/fr\/wp-json\/wp\/v2\/tags?post=125091"}],"curies":[{"name":"wp","href":"https:\/\/api.w.org\/{rel}","templated":true}]}}