{"id":125097,"date":"2025-05-24T18:07:09","date_gmt":"2025-05-24T18:07:09","guid":{"rendered":"https:\/\/www.europesays.com\/fr\/125097\/"},"modified":"2025-05-24T18:07:09","modified_gmt":"2025-05-24T18:07:09","slug":"jai-toujours-eu-beaucoup-denergie-chantal-goya-se-confie-sur-lci-avant-une-tournee-celebrant-ses-50-ans-de-carriere","status":"publish","type":"post","link":"https:\/\/www.europesays.com\/fr\/125097\/","title":{"rendered":"\u00ab\u00a0J&rsquo;ai toujours eu beaucoup d&rsquo;\u00e9nergie\u00a0\u00bb : Chantal Goya se confie sur LCI avant une tourn\u00e9e c\u00e9l\u00e9brant ses 50 ans de carri\u00e8re"},"content":{"rendered":"<p>Ic\u00f4ne de plusieurs g\u00e9n\u00e9rations d&rsquo;enfants, Chantal Goya \u00e9tait l&rsquo;invit\u00e9e de LCI ce samedi 24 mai.\u00c0 82 ans, la chanteuse entame une nouvelle tourn\u00e9e pour c\u00e9l\u00e9brer ses 50 ans de carri\u00e8re, baptis\u00e9e \u00ab\u00a050 ans d&rsquo;amour\u00a0\u00bb.Sur notre antenne, elle s&rsquo;est confi\u00e9e sur sa longue carri\u00e8re.<\/p>\n<p data-module=\"article-paragraph\" class=\"jsx-362436225 Paragraph\">Chantal Goya est de retour. Ic\u00f4ne de plusieurs g\u00e9n\u00e9rations d&rsquo;enfants, la chanteuse entame une tourn\u00e9e exceptionnelle pour c\u00e9l\u00e9brer ses 50 ans de carri\u00e8re. Elle se produira dimanche, \u00e0 deux reprises, \u00e0 guichet ferm\u00e9, devant 7000 fans r\u00e9unis au Palais des Congr\u00e8s de Paris. Pour l&rsquo;occasion, elle s&rsquo;est confi\u00e9e ce samedi sur LCI, revenant sur sa longue carri\u00e8re.\u00a0<\/p>\n<p data-module=\"article-paragraph\" class=\"jsx-362436225 Paragraph Paragraph__End\">\u00ab\u00a0Rien n&rsquo;avait \u00e9t\u00e9 pr\u00e9vu au d\u00e9part pour moi\u00a0\u00bb, assure celle qui se destinait, au d\u00e9part, \u00e0 devenir journaliste. Au fil des rencontres, dont celle, d\u00e9cisive, avec son mari Jean-Jacques Debout, l&rsquo;ont pouss\u00e9e vers un autre destin : celle qui chante pour les enfants. \u00ab\u00a0Tu vois Chantal, tous les petits qui sont l\u00e0, qui crient, chantent avec toi, un jour ce seront des adultes, ils seront parents. Et tu deviendras une institution parce qu&rsquo;ils seront toujours l\u00e0\u00a0\u00bb, lui\u00a0pr\u00e9disait la chanteuse Barbara.\u00a0<\/p>\n<p data-module=\"article-paragraph\" class=\"jsx-362436225 Paragraph Paragraph__End\">A 82 ans, Chantal Goya d\u00e9borde toujours de passion. Son secret ? \u00ab\u00a0J&rsquo;ai toujours eu beaucoup d&rsquo;\u00e9nergie. Je voulais tout conna\u00eetre, je voulais tout savoir\u00a0\u00bb, raconte cette native de Sa\u00efgon (H\u00f4 Chi Minh-Ville), au Vietnam. \u00ab\u00a0Ma m\u00e8re m&rsquo;a toujours entra\u00een\u00e9e vers du positif. C&rsquo;est peut-\u00eatre \u00e7a aussi, c&rsquo;est en moi, c&rsquo;est dans mes g\u00e8nes.\u00a0\u00bb<\/p>\n<p data-module=\"article-paragraph\" class=\"jsx-362436225 Paragraph Paragraph__End\"><strong>Retrouvez l&rsquo;int\u00e9gralit\u00e9 de son interview dans la vid\u00e9o en t\u00eate de cet article.\u00a0<\/strong><\/p>\n<p>V.M<\/p>\n","protected":false},"excerpt":{"rendered":"Ic\u00f4ne de plusieurs g\u00e9n\u00e9rations d&rsquo;enfants, Chantal Goya \u00e9tait l&rsquo;invit\u00e9e de LCI ce samedi 24 mai.\u00c0 82 ans, la&hellip;\n","protected":false},"author":2,"featured_media":125098,"comment_status":"","ping_status":"","sticky":false,"template":"","format":"standard","meta":{"footnotes":""},"categories":[1586],"tags":[1111,11,1921,1777,674,1779,1011,27,1922,2041,873,12,25,1778,364,133,2040],"class_list":{"0":"post-125097","1":"post","2":"type-post","3":"status-publish","4":"format-standard","5":"has-post-thumbnail","7":"category-europe","8":"tag-actu","9":"tag-actualites","10":"tag-article-video","11":"tag-eu","12":"tag-europe","13":"tag-european-union","14":"tag-fr","15":"tag-france","16":"tag-info","17":"tag-medias-et-divertissement","18":"tag-musique","19":"tag-news","20":"tag-republique-francaise","21":"tag-ue","22":"tag-union-europeenne","23":"tag-video","24":"tag-video-culture"},"share_on_mastodon":{"url":"https:\/\/pubeurope.com\/@fr\/114564146339275427","error":""},"_links":{"self":[{"href":"https:\/\/www.europesays.com\/fr\/wp-json\/wp\/v2\/posts\/125097","targetHints":{"allow":["GET"]}}],"collection":[{"href":"https:\/\/www.europesays.com\/fr\/wp-json\/wp\/v2\/posts"}],"about":[{"href":"https:\/\/www.europesays.com\/fr\/wp-json\/wp\/v2\/types\/post"}],"author":[{"embeddable":true,"href":"https:\/\/www.europesays.com\/fr\/wp-json\/wp\/v2\/users\/2"}],"replies":[{"embeddable":true,"href":"https:\/\/www.europesays.com\/fr\/wp-json\/wp\/v2\/comments?post=125097"}],"version-history":[{"count":0,"href":"https:\/\/www.europesays.com\/fr\/wp-json\/wp\/v2\/posts\/125097\/revisions"}],"wp:featuredmedia":[{"embeddable":true,"href":"https:\/\/www.europesays.com\/fr\/wp-json\/wp\/v2\/media\/125098"}],"wp:attachment":[{"href":"https:\/\/www.europesays.com\/fr\/wp-json\/wp\/v2\/media?parent=125097"}],"wp:term":[{"taxonomy":"category","embeddable":true,"href":"https:\/\/www.europesays.com\/fr\/wp-json\/wp\/v2\/categories?post=125097"},{"taxonomy":"post_tag","embeddable":true,"href":"https:\/\/www.europesays.com\/fr\/wp-json\/wp\/v2\/tags?post=125097"}],"curies":[{"name":"wp","href":"https:\/\/api.w.org\/{rel}","templated":true}]}}