{"id":125107,"date":"2025-05-24T18:12:06","date_gmt":"2025-05-24T18:12:06","guid":{"rendered":"https:\/\/www.europesays.com\/fr\/125107\/"},"modified":"2025-05-24T18:12:06","modified_gmt":"2025-05-24T18:12:06","slug":"menee-deux-manches-a-rien-lequipe-de-france-simpose-face-a-la-bulgarie-en-match-de-preparation-a-la-ligue-des-nations-lequipe","status":"publish","type":"post","link":"https:\/\/www.europesays.com\/fr\/125107\/","title":{"rendered":"Men\u00e9e deux manches \u00e0 rien, l&#039;\u00e9quipe de France s&#039;impose face \u00e0 la Bulgarie en match de pr\u00e9paration \u00e0 la Ligue des nations &#8211; L&#039;\u00c9quipe"},"content":{"rendered":"<ol>\n<li><a href=\"https:\/\/news.google.com\/rss\/articles\/CBMi_gFBVV95cUxPbzZzSy1BVE1Sbkp2bHhFcm5ha0NhdXlETXl1RkxWc0t2c0RCX3c1Zl9PQTZMVklHbmwwQzY1azNNbHk5Yzcyb0t0b3pUeGRhcmFyMHQzcHFYLXZ4UmlLNGtkeWN2NTJ1R0hORTlBb1hqTkdHWndqYUpyQlJjUHN0dWwyZFFyU2pfRmJrejgwZVRiMks1T2VjRmkxZmowWDcyNHFzYzJ4UjNrX2R3R01qRmRkTEFVYk9hdHpXNGlsRmFvaVMwUnNleXVsMXRjazdOYXdXck1TU2N4LU9LY2Fjd1cyZHNUYks3SENSTElrdE5EMGJVdUNtSk9iSDRPZw?oc=5\" target=\"_blank\" rel=\"nofollow noopener\">Men\u00e9e deux manches \u00e0 rien, l&rsquo;\u00e9quipe de France s&rsquo;impose face \u00e0 la Bulgarie en match de pr\u00e9paration \u00e0 la Ligue des nations<\/a>&nbsp;&nbsp;L&rsquo;\u00c9quipe<\/li>\n<li><a href=\"https:\/\/news.google.com\/rss\/articles\/CBMi1wFBVV95cUxQdEZtMW1mUlk0b2w5blZ6RGRvV0RFSjhlWHd2X3I5b1FTUWxTTFk2cmdLUFg2NGIwRVlDeVc3YVRIMXU4SExCck9pUXY5V2syM1ZkZTl0Y0FUUVBTLTlvSFhHZmN1RGZrcXQzRV9SOG52MWFRS3V2d2hSMDF0bVl1aXFtNTdCU2wtZG1Vc0FjQ2QzU0gwQjNZQUJPV01uZzNLTVFRYzNLSF9LdE90cXJGZ3YtZG95QnltS04ya1BwLWVBRFdNazVHMkFSYUtlSUFFSXVqalRZbw?oc=5\" target=\"_blank\" rel=\"nofollow noopener\">Les Bleues dominent la Su\u00e8de en match de pr\u00e9paration \u00e0 la Ligue des nations<\/a>&nbsp;&nbsp;MSN<\/li>\n<li><a href=\"https:\/\/news.google.com\/rss\/articles\/CBMingFBVV95cUxPQ0p0VkxYUGdIUDVNN0VDRWVmVEhTNkRhOGtVVmhfNXljUjNOcmY0TFJBYkRwUnRPak1zVVUzMjR1QVlWN3Y0WF9OU1YybWt3UWNPcHFaVWZZLVpWX2hVcENOZXdNQ2prclpKRURLTmFCaXJRd1hDdU9WSHFSUk4yQXJ2dUFpNXhxdGJadXNKTXNKNjMxeGtZT3ZvSER2dw?oc=5\" target=\"_blank\" rel=\"nofollow noopener\">VOLLEY BALL : Equipe de France F\u00e9minine, la f\u00eate mais la d\u00e9faite<\/a>&nbsp;&nbsp;Presse Agence Sport<\/li>\n<li><a href=\"https:\/\/news.google.com\/rss\/articles\/CBMiggJBVV95cUxQcDY2MW90bVdDYnpKRkVvNkVrcTVNYzU0czBnTEFrRGdPcUtuSFVYWFBLOC1ZTEEwMW1Ga3dkanlUbUtVN1hSTW1tOVZVUl9aUFFKS1dmcERkb21KdFRrSmR5ZjNJYXpxVDVwTy03V0dHNU1OOUVkN1RIcW1qaWFuaFpJa0J5Q3dfQ2s1WFQtN295aXVza3Bwbk1MZ3dvcERWcHNuZGlzTEpudWxTTk9iZGhyRGhmS0Jya1ZBR2pyZFVLQ1FOaENzUk9mUTZqT2Q5bEhrYmo1QTJyMF9tbDhxalRSVVkycTBpYnN1ZldQd1JoLVd3d3hTdmRmUHhhNUZYNmc?oc=5\" target=\"_blank\" rel=\"nofollow noopener\">France &#8211; Slov\u00e9nie. \u00c0 quelle heure et sur quelle cha\u00eene TV voir le match amical des volleyeuses ?<\/a>&nbsp;&nbsp;Ouest-France<\/li>\n<li><a href=\"https:\/\/news.google.com\/rss\/articles\/CBMi6gFBVV95cUxQNS1vMFpUYWRwa3JIZUM0Z0JaeEZvc1BXZmtXaGtiOS0xUEdjemRfVDNYT1pZQTl3cHhSUTlmcElpWnJtZXNJR05ucGZVVzB2Mk45dmQ5OE00XzJnMmp6T1BjYUtsMDVscjJYOGlPNVo4NmNVeTFwTVQ4RW01aTJ5c2tiWDFBTnRSM05faXZiWFVwSmQweF9BZmh3b3VRc3U1ekVycFpybEtfNnJkazI3T290N1I4dERDVlV1S1k1SFBmZ2h3dUtQbF9UV2ZSVDhTVDN1SkRJMU00YXdaMklJR2FpSEo5UDE1VkE?oc=5\" target=\"_blank\" rel=\"nofollow noopener\">Volley. Les Bleues s\u00e8chement battues par la Slov\u00e9nie pour la premi\u00e8re de l\u2019\u00e8re C\u00e9sar Hernandez<\/a>&nbsp;&nbsp;MaVille.com &#8211; Rennes<\/li>\n<\/ol>\n","protected":false},"excerpt":{"rendered":"Men\u00e9e deux manches \u00e0 rien, l&rsquo;\u00e9quipe de France s&rsquo;impose face \u00e0 la Bulgarie en match de pr\u00e9paration \u00e0&hellip;\n","protected":false},"author":2,"featured_media":1445,"comment_status":"","ping_status":"","sticky":false,"template":"","format":"standard","meta":{"footnotes":""},"categories":[1417],"tags":[1011,27,60,1470,1469],"class_list":{"0":"post-125107","1":"post","2":"type-post","3":"status-publish","4":"format-standard","5":"has-post-thumbnail","7":"category-volley","8":"tag-fr","9":"tag-france","10":"tag-sports","11":"tag-volley","12":"tag-volleyball"},"share_on_mastodon":{"url":"https:\/\/pubeurope.com\/@fr\/114564166085804050","error":""},"_links":{"self":[{"href":"https:\/\/www.europesays.com\/fr\/wp-json\/wp\/v2\/posts\/125107","targetHints":{"allow":["GET"]}}],"collection":[{"href":"https:\/\/www.europesays.com\/fr\/wp-json\/wp\/v2\/posts"}],"about":[{"href":"https:\/\/www.europesays.com\/fr\/wp-json\/wp\/v2\/types\/post"}],"author":[{"embeddable":true,"href":"https:\/\/www.europesays.com\/fr\/wp-json\/wp\/v2\/users\/2"}],"replies":[{"embeddable":true,"href":"https:\/\/www.europesays.com\/fr\/wp-json\/wp\/v2\/comments?post=125107"}],"version-history":[{"count":0,"href":"https:\/\/www.europesays.com\/fr\/wp-json\/wp\/v2\/posts\/125107\/revisions"}],"wp:featuredmedia":[{"embeddable":true,"href":"https:\/\/www.europesays.com\/fr\/wp-json\/wp\/v2\/media\/1445"}],"wp:attachment":[{"href":"https:\/\/www.europesays.com\/fr\/wp-json\/wp\/v2\/media?parent=125107"}],"wp:term":[{"taxonomy":"category","embeddable":true,"href":"https:\/\/www.europesays.com\/fr\/wp-json\/wp\/v2\/categories?post=125107"},{"taxonomy":"post_tag","embeddable":true,"href":"https:\/\/www.europesays.com\/fr\/wp-json\/wp\/v2\/tags?post=125107"}],"curies":[{"name":"wp","href":"https:\/\/api.w.org\/{rel}","templated":true}]}}