{"id":125122,"date":"2025-05-24T18:21:14","date_gmt":"2025-05-24T18:21:14","guid":{"rendered":"https:\/\/www.europesays.com\/fr\/125122\/"},"modified":"2025-05-24T18:21:14","modified_gmt":"2025-05-24T18:21:14","slug":"un-photographe-original-et-son-chien-se-font-remarquer-sur-les-reseaux-sociaux-en-seine-maritime","status":"publish","type":"post","link":"https:\/\/www.europesays.com\/fr\/125122\/","title":{"rendered":"Un photographe original et son chien se font remarquer sur les r\u00e9seaux sociaux en Seine-Maritime"},"content":{"rendered":"<p>            Par<br \/>\n        <strong><br \/>\n            <a href=\"https:\/\/actu.fr\/auteur\/chloe-bachellet\" title=\"Consulter tous les articles de Chloe Bachelet\" rel=\"nofollow noopener\" target=\"_blank\">Chloe Bachelet<\/a><br \/>\n        <\/strong><\/p>\n<p>        Publi\u00e9 le<\/p>\n<p>            24 mai 2025 \u00e0 16h38        <\/p>\n<p>Sur les <b>groupes Facebook<\/b> en lien avec la commune de <a href=\"https:\/\/actu.fr\/normandie\/saint-saens_76648\" rel=\"nofollow noopener\" target=\"_blank\">Saint-Sa\u00ebns<\/a>, en <b>Seine-Maritime<\/b>, on peut voir r\u00e9guli\u00e8rement passer des photos de <b>commer\u00e7ants<\/b>, d\u2019associations, de paysages ou anciennes.<\/p>\n<p class=\" wall-content\">Mais certaines sortent de l\u2019ordinaire. Notamment celles prises par un <b>photographe peu commun<\/b>\u00a0qui sillonne les chemins de la r\u00e9gion \u00e0 quatre pattes depuis plus de deux ans.<\/p>\n<p>Un chien, son ma\u00eetre, et des photos<\/p>\n<p class=\" wall-content\">En effet, <b>Sidney,<\/b> un Cairn Terrier de 4\u00a0ans, accompagne son ma\u00eetre Christophe Martin lors de <b>ses promenades \u00e0 la d\u00e9couverte de la nature Brayonne<\/b> dont les photos prises lors de ces excursions sont partag\u00e9es sur les <a href=\"https:\/\/actu.fr\/tag\/reseaux-sociaux\" rel=\"nofollow noopener\" target=\"_blank\">r\u00e9seaux sociaux<\/a>.<\/p>\n<p class=\" wall-content\">Pour rendre l\u2019initiative plus rigolote et insolite, Christophe Martin a choisi de pr\u00e9ciser que<b> les photos sont prises par son fid\u00e8le compagnon.<\/b><\/p>\n<p>Mettre le territoire en valeur<\/p>\n<p class=\" wall-content\">\u00ab\u2009Nous avons commenc\u00e9 \u00e0 faire \u00e7a il y a deux ans, avec une <b>photo de Sidney qui marche le long de la Varenne<\/b>, explique Christophe Martin. Comme \u00e7a a plu alors j\u2019ai continu\u00e9.\u2009\u00bb<\/p>\n<p>Vid\u00e9os : en ce moment sur Actu<\/p>\n<p class=\" wall-content\">Car au d\u00e9part, c\u2019est <b>la randonn\u00e9e \u00e0 la d\u00e9couverte de la nature<\/b> que l\u2019ancien proven\u00e7al appr\u00e9cie. Et puis, \u00ab\u2009si \u00e7a s\u2019y pr\u00eate\u2009\u00bb, il en profite pour faire des photos, qu\u2019il postera, ou non, sur Facebook.<\/p>\n<p>    <img   decoding=\"async\" loading=\"lazy\" class=\"size-large\" src=\"https:\/\/www.europesays.com\/fr\/wp-content\/uploads\/2025\/05\/cf3cb85557286644cb8555728684cbv-960x640.jpeg\" alt=\"Le chien photographe Sidney et Christophe sillonnent les chemins brayons et partagent les photos des paysages sur Facebook.\" width=\"960\" height=\"640\"\/><br \/>\n    Le chien photographe Sidney et Christophe sillonnent les chemins brayons et partagent les photos des paysages sur Facebook. \u00a9C.B\/ Le R\u00e9veil<\/p>\n<p class=\" wall-content\">Arriv\u00e9s \u00e0 Saint-Sa\u00ebns en 2021, Christophe et sa compagne ont eu <b>un coup de c\u0153ur pour la commune et ses alentours<\/b>. Alors l\u2019amateur de promenade et de photo a trouv\u00e9 un moyen de <b>mettre en avant la beaut\u00e9 des paysages en y ajoutant sa touche d\u2019humour.<\/b><\/p>\n<p>Passionn\u00e9 par les gens<\/p>\n<p class=\" wall-content\">Mais ce n\u2019est pas tant par la photo que par ce qu\u2019elle repr\u00e9sente qu\u2019est passionn\u00e9 Christophe Martin. \u00ab<b>\u2009Je suis passionn\u00e9 par les gens, j\u2019adore les prendre en photo<\/b> et voir ce qu\u2019il en ressort\u00a0\u00bb fait-il savoir. \u00ab\u00a0J\u2019aime observer les gestuelles, les expressions ainsi que le travail des photos par la suite.\u00a0\u00bb<\/p>\n<p class=\" wall-content\">Il a d\u2019ailleurs appris seul \u00e0 utiliser ses logiciels de montage. Il \u00e9change aussi avec les membres de l\u2019atelier photographique Saint-Sa\u00ebnnais <a href=\"https:\/\/www.facebook.com\/people\/Atelier-photographique-Claque-P%C3%A9pins\/100087324787163\/\" rel=\"nofollow noopener\" target=\"_blank\">Claque P\u00e9pins<\/a> dont il fait partie.<\/p>\n<blockquote class=\"ac-article-quote wall-content\">\n<p>Pour tous les amateurs de photo c\u2019est vraiment l\u2019endroit parfait.<\/p>\n<p>Christophe Martin<\/p><\/blockquote>\n<p class=\" wall-content\">Mais, m\u00eame s\u2019il poss\u00e8de depuis toujours des appareils performants, lors de ses promenades avec Sidney, c\u2019est souvent avec son t\u00e9l\u00e9phone qu\u2019il prend quelques clich\u00e9s.<\/p>\n<p>    <img   decoding=\"async\" loading=\"lazy\" class=\"size-large\" src=\"https:\/\/www.europesays.com\/fr\/wp-content\/uploads\/2025\/05\/7ce6e438bd286b0f6e438bd28c4f6ev-768x640.jpg\" alt=\"Une des clich\u00e9s (montage) du photographe.\" width=\"768\" height=\"640\"\/><br \/>\n    Une des clich\u00e9s (montage) du photographe. \u00a9Christophe Martin<\/p>\n<p class=\" wall-content\">\u00ab\u2009C\u2019est quand m\u00eame fatiguant la randonn\u00e9e, il y a des c\u00f4tes tr\u00e8s raides, alors quand il faut prendre de l\u2019eau en plus et un appareil photo, \u00e7a commence \u00e0 faire beaucoup\u2009\u00bb, plaisante le photographe.<\/p>\n<p>Sidney devenu c\u00e9l\u00e8bre \u00e0 Saint-Sa\u00ebns<\/p>\n<p class=\" wall-content\">Mais la <a href=\"https:\/\/actu.fr\/tag\/photographie\" rel=\"nofollow noopener\" target=\"_blank\">photographie<\/a> et les ballades ne sont pas ses seuls centres d\u2019int\u00e9r\u00eat. Il finalise actuellement <b>son site internet d\u00e9di\u00e9 \u00e0 l\u2019art contemporain<\/b>, <a href=\"https:\/\/nsf3a.com\/\" rel=\"nofollow noopener\" target=\"_blank\">nsf3a.com<\/a>, des initiales des noms de ses trois enfants, Nathan, Sarah et Fran\u00e7ois.<\/p>\n<p class=\" wall-content\">Pour autant, ses photos re\u00e7oivent un bel accueil sur Facebook. Qu\u2019il s\u2019agisse d\u2019amoureux des chiens, de paysages ou de photos, son initiative fait sourire et donne envie de s\u2019\u00e9vader.<\/p>\n<p class=\" wall-content\">Il lui arrive m\u00eame, lorsqu\u2019il se prom\u00e8ne avec Sidney, que des gens l\u2019arr\u00eatent pour lui demander s\u2019il s\u2019agit bien du <b>\u00ab\u2009chien photographe\u2009\u00bb<\/b>. Un d\u00e9but de carri\u00e8re prometteur pour ce photographe peu commun.<\/p>\n<p class=\" wall-content\">Suivez toute l\u2019actualit\u00e9 de vos villes et m\u00e9dias favoris en vous inscrivant \u00e0 <a href=\"https:\/\/moncompte.actu.fr\" title=\"D\u00e9couvez Mon Actu\" rel=\"nofollow noopener\" data-trk=\"{&quot;cta&quot;:{&quot;action&quot;:&quot;https:\\\/\\\/moncompte.actu.fr&quot;,&quot;category&quot;:&quot;mon compte&quot;,&quot;from&quot;:&quot;article footer&quot;,&quot;name&quot;:&quot;Mon actu&quot;,&quot;type&quot;:&quot;cta&quot;}}\" target=\"_blank\">Mon Actu<\/a>.<\/p>\n","protected":false},"excerpt":{"rendered":"Par Chloe Bachelet Publi\u00e9 le 24 mai 2025 \u00e0 16h38 Sur les groupes Facebook en lien avec la&hellip;\n","protected":false},"author":2,"featured_media":125123,"comment_status":"","ping_status":"","sticky":false,"template":"","format":"standard","meta":{"footnotes":""},"categories":[1358],"tags":[1867,1348,1384,1385,1386,58,59,1011,27,10175,1756,104],"class_list":{"0":"post-125122","1":"post","2":"type-post","3":"status-publish","4":"format-standard","5":"has-post-thumbnail","7":"category-arts-et-design","8":"tag-animaux","9":"tag-arts","10":"tag-arts-and-design","11":"tag-arts-et-design","12":"tag-design","13":"tag-divertissement","14":"tag-entertainment","15":"tag-fr","16":"tag-france","17":"tag-pays-de-bray","18":"tag-photographie","19":"tag-societe"},"share_on_mastodon":{"url":"https:\/\/pubeurope.com\/@fr\/114564201462831800","error":""},"_links":{"self":[{"href":"https:\/\/www.europesays.com\/fr\/wp-json\/wp\/v2\/posts\/125122","targetHints":{"allow":["GET"]}}],"collection":[{"href":"https:\/\/www.europesays.com\/fr\/wp-json\/wp\/v2\/posts"}],"about":[{"href":"https:\/\/www.europesays.com\/fr\/wp-json\/wp\/v2\/types\/post"}],"author":[{"embeddable":true,"href":"https:\/\/www.europesays.com\/fr\/wp-json\/wp\/v2\/users\/2"}],"replies":[{"embeddable":true,"href":"https:\/\/www.europesays.com\/fr\/wp-json\/wp\/v2\/comments?post=125122"}],"version-history":[{"count":0,"href":"https:\/\/www.europesays.com\/fr\/wp-json\/wp\/v2\/posts\/125122\/revisions"}],"wp:featuredmedia":[{"embeddable":true,"href":"https:\/\/www.europesays.com\/fr\/wp-json\/wp\/v2\/media\/125123"}],"wp:attachment":[{"href":"https:\/\/www.europesays.com\/fr\/wp-json\/wp\/v2\/media?parent=125122"}],"wp:term":[{"taxonomy":"category","embeddable":true,"href":"https:\/\/www.europesays.com\/fr\/wp-json\/wp\/v2\/categories?post=125122"},{"taxonomy":"post_tag","embeddable":true,"href":"https:\/\/www.europesays.com\/fr\/wp-json\/wp\/v2\/tags?post=125122"}],"curies":[{"name":"wp","href":"https:\/\/api.w.org\/{rel}","templated":true}]}}