{"id":125124,"date":"2025-05-24T18:22:16","date_gmt":"2025-05-24T18:22:16","guid":{"rendered":"https:\/\/www.europesays.com\/fr\/125124\/"},"modified":"2025-05-24T18:22:16","modified_gmt":"2025-05-24T18:22:16","slug":"edition-soixante-ans-de-nature-alsacienne-dans-un-livre-2","status":"publish","type":"post","link":"https:\/\/www.europesays.com\/fr\/125124\/","title":{"rendered":"\u00c9dition. Soixante ans de nature alsacienne dans un livre"},"content":{"rendered":"<p>Si le lecteur s\u2019attend \u00e0 puiser, dans cette collaboration in\u00e9dite entre l\u2019\u00e9diteur mulhousien\u00a0M\u00e9diapop et les petites plumes d\u2019Alsace Nature, un inventaire \u00e0 la Pr\u00e9vert de soixante ans de luttes \u00e9cologiques, de vigilances, de blocages et de succ\u00e8s, il se fourvoie. L\u2019occasion aurait pu s\u2019y pr\u00eater. Mais le parti pris de cet ouvrage a \u00e9t\u00e9 d\u2019\u00e9crire \u00e0 contre-courant de ce que l\u2019on pouvait attendre. Donc d\u2019\u00e9crire sur\u2026 nous.<\/p>\n<p>  Un atelier d\u2019\u00e9criture \u00e0 Strasbourg<\/p>\n<p>\u00ab\u00a0Il apporte un autre regard, enracin\u00e9 dans l\u2019intime, de cette relation profonde que nous entretenons et devrions entretenir avec\u00a0la nature. Elle n\u2019est pas ext\u00e9rieure en nous, elle est en nous et nous fa\u00e7onne aussi\u00a0\u00bb, illustre Mich\u00e8le Grosjean, pr\u00e9sidente actuelle d\u2019Alsace Nature. \u00ab\u00a0Retrouver la part sensible de la nature en nous, mettre en \u00e9vidence le fait qu\u2019elle vit et agit en nous, et est une cl\u00e9 indispensable de notre humanit\u00e9\u00a0\u00bb, compl\u00e8te G\u00e9rard Freitag. Le Sainte-Marien est le coordonnateur d\u2019un travail participatif r\u00e9alis\u00e9 au Centre d\u2019initiation \u00e0 la nature et \u00e0 l\u2019environnement (Cine) de Bussi\u00e8re, \u00e0 Strasbourg. Une vingtaine d\u2019auteurs ont en effet particip\u00e9 \u00e0 ce travail d\u2019\u00e9criture aur\u00e9ol\u00e9 des illustrations fines de Fanny Delqu\u00e9.<\/p>\n<p>Environnement\u00a0: nom commun, par trop commun, qui place l\u2019humain au centre de toute chose. Nature\u00a0: nous, plus les plantes plus tous les autres \u00eatres vivants. Et m\u00eame les pierres, les paysages, l\u2019humus. Comment pourrait-il en \u00eatre autrement, la nature nous inspire tant. Les chercheurs ne parlent-ils pas d\u2019\u201cexposome\u201d pour d\u00e9signer, en \u00e9voquant les pollutions, le fait que ce qui touche la nature finit par toucher l\u2019humain\u00a0? On est un tout.<\/p>\n<p>La nature est ce puits sans fond, mais dans lequel se mire notre visage. Ha\u00efkus, po\u00e9sies, r\u00e9cits et autres \u00e9tapes \u00e9clairantes en sont une belle illustration. On s\u2019y plonge, on y grappille mati\u00e8re \u00e0 fleurir le jardin et \u00e0 ouvrir les yeux sur la for\u00eat. C\u2019est frais et d\u00e9licat comme une fleur ivre de ros\u00e9e.<\/p>\n<p class=\"note\">Alsace Nature \u00e0 livre ouvert , M\u00e9diapop \u00e9ditions, 110 pages, 20\u00a0\u20ac.<\/p>\n","protected":false},"excerpt":{"rendered":"Si le lecteur s\u2019attend \u00e0 puiser, dans cette collaboration in\u00e9dite entre l\u2019\u00e9diteur mulhousien\u00a0M\u00e9diapop et les petites plumes d\u2019Alsace&hellip;\n","protected":false},"author":2,"featured_media":125125,"comment_status":"","ping_status":"","sticky":false,"template":"","format":"standard","meta":{"footnotes":""},"categories":[1357],"tags":[2389,1379,1687,58,59,436,107,1011,27,1380,2410],"class_list":{"0":"post-125124","1":"post","2":"type-post","3":"status-publish","4":"format-standard","5":"has-post-thumbnail","7":"category-livres","8":"tag-alsace","9":"tag-books","10":"tag-culture-loisirs","11":"tag-divertissement","12":"tag-entertainment","13":"tag-environnement","14":"tag-fil-info","15":"tag-fr","16":"tag-france","17":"tag-livres","18":"tag-livres-bd"},"share_on_mastodon":{"url":"https:\/\/pubeurope.com\/@fr\/114564205351169461","error":""},"_links":{"self":[{"href":"https:\/\/www.europesays.com\/fr\/wp-json\/wp\/v2\/posts\/125124","targetHints":{"allow":["GET"]}}],"collection":[{"href":"https:\/\/www.europesays.com\/fr\/wp-json\/wp\/v2\/posts"}],"about":[{"href":"https:\/\/www.europesays.com\/fr\/wp-json\/wp\/v2\/types\/post"}],"author":[{"embeddable":true,"href":"https:\/\/www.europesays.com\/fr\/wp-json\/wp\/v2\/users\/2"}],"replies":[{"embeddable":true,"href":"https:\/\/www.europesays.com\/fr\/wp-json\/wp\/v2\/comments?post=125124"}],"version-history":[{"count":0,"href":"https:\/\/www.europesays.com\/fr\/wp-json\/wp\/v2\/posts\/125124\/revisions"}],"wp:featuredmedia":[{"embeddable":true,"href":"https:\/\/www.europesays.com\/fr\/wp-json\/wp\/v2\/media\/125125"}],"wp:attachment":[{"href":"https:\/\/www.europesays.com\/fr\/wp-json\/wp\/v2\/media?parent=125124"}],"wp:term":[{"taxonomy":"category","embeddable":true,"href":"https:\/\/www.europesays.com\/fr\/wp-json\/wp\/v2\/categories?post=125124"},{"taxonomy":"post_tag","embeddable":true,"href":"https:\/\/www.europesays.com\/fr\/wp-json\/wp\/v2\/tags?post=125124"}],"curies":[{"name":"wp","href":"https:\/\/api.w.org\/{rel}","templated":true}]}}