{"id":12513,"date":"2025-04-09T11:39:09","date_gmt":"2025-04-09T11:39:09","guid":{"rendered":"https:\/\/www.europesays.com\/fr\/12513\/"},"modified":"2025-04-09T11:39:09","modified_gmt":"2025-04-09T11:39:09","slug":"orienter-les-enfants-des-la-maternelle-elisabeth-borne-tente-deteindre-la-polemique","status":"publish","type":"post","link":"https:\/\/www.europesays.com\/fr\/12513\/","title":{"rendered":"Orienter les enfants d\u00e8s la maternelle\u00a0? Elisabeth Borne tente d\u2019\u00e9teindre la pol\u00e9mique"},"content":{"rendered":"<p>D\u00e9miner la pol\u00e9mique au plus vite. <a href=\"https:\/\/www.20minutes.fr\/politique\/elisabeth-borne\/\" class=\"color-ultramarine c-link\" target=\"_blank\" rel=\"noopener\">Elisabeth Borne<\/a> et son entourage ont d\u00e9menti mardi vouloir orienter les \u00e9l\u00e8ves <a href=\"https:\/\/www.20minutes.fr\/dossier\/ecole_maternelle\" class=\"color-ultramarine c-link\" target=\"_blank\" rel=\"noopener\">d\u00e8s la maternelle<\/a> en corrigeant des propos \u00e9quivoques tenus la veille par la ministre de l\u2019<a href=\"https:\/\/www.20minutes.fr\/dossier\/education_nationale\" class=\"color-ultramarine c-link\" target=\"_blank\" rel=\"noopener\">\u00c9ducation nationale<\/a> dont un extrait a largement \u00e9t\u00e9 relay\u00e9 sur les r\u00e9seaux sociaux. \u00ab\u00a0Non\u00a0! On ne va pas orienter les \u00e9l\u00e8ves d\u00e8s la maternelle\u00a0\u00bb, a affirm\u00e9<br \/>l\u2019ex-Premi\u00e8re ministre sur X.<\/p>\n<p>Abordant le sujet de l\u2019orientation lundi soir sur LCP, la ministre de l\u2019\u00c9ducation avait estim\u00e9 que celle-ci ne devait pas \u00eatre \u00ab\u00a0d\u00e9finie\u00a0\u00bb au moment de <a href=\"https:\/\/www.20minutes.fr\/vie-pro\/4131257-20250109-comment-faire-bons-choix-orientation-parcoursup\" class=\"color-ultramarine c-link\" target=\"_blank\" rel=\"noopener\">Parcoursup <\/a>mais envisag\u00e9e bien plus t\u00f4t en amont, voire d\u00e8s le d\u00e9but de la scolarit\u00e9.<\/p>\n<\/p>\n<p>\u00ab\u00a0Avoir une orientation plus \u00e9clair\u00e9e\u00a0\u00bb<\/p>\n<p>\u00ab\u00a0Il faut se pr\u00e9parer tr\u00e8s jeune, d\u00e8s le d\u00e9part, presque depuis la maternelle, \u00e0 r\u00e9fl\u00e9chir \u00e0 la fa\u00e7on dont on se projette dans une formation et dans un m\u00e9tier, demain\u00a0\u00bb, a dit la ministre. \u00ab\u00a0Son point revient \u00e0 dire que c\u2019est d\u00e8s le plus jeune \u00e2ge qu\u2019on doit veiller \u00e0 ce qu\u2019on ne conditionne pas le choix des \u00e9l\u00e8ves, et qu\u2019on aide chaque \u00e9l\u00e8ve \u00e0 d\u00e9couvrir ses capacit\u00e9s, \u00e0 d\u00e9velopper sa confiance en soi et son go\u00fbt d\u2019apprendre. C\u2019est plut\u00f4t de dire que l\u2019accompagnement d\u00e8s le plus jeune \u00e2ge permet, par la suite, d\u2019avoir une orientation plus \u00e9clair\u00e9e\u00a0\u00bb, a fait valoir son entourage interrog\u00e9 par l\u2019AFP.<\/p>\n<p>Dans son message sur X, la ministre a jug\u00e9 qu\u2019il fallait veiller surtout \u00e0 ne pas conditionner les choix d\u2019orientation des \u00e9l\u00e8ves, notamment entre filles et gar\u00e7ons.<\/p>\n<blockquote class=\"twitter-tweet\" align=\"center\" data-lang=\"fr_FR\">\n<p lang=\"fr\" dir=\"ltr\">Non ! On ne va pas orienter les \u00e9l\u00e8ves d\u00e8s la maternelle ! <\/p>\n<p>Au contraire, on doit veiller \u00e0 ne pas conditionner leurs choix d&rsquo;orientation :<br \/>&#8211; Aujourd&rsquo;hui le go\u00fbt des filles pour les math\u00e9matiques \u00e0 l&rsquo;entr\u00e9e au CP est le m\u00eame que celui des gar\u00e7ons. <br \/>&#8211; Au bout d&rsquo;un trimestre, il\u2026 <a href=\"https:\/\/t.co\/NngfynyFgD\">https:\/\/t.co\/NngfynyFgD<\/a><\/p>\n<p>\u2014 \u00c9lisabeth BORNE (@Elisabeth_Borne) <a href=\"https:\/\/twitter.com\/Elisabeth_Borne\/status\/1909638903142740448?ref_src=twsrc%5Etfw\" target=\"_blank\" rel=\"noopener\">April 8, 2025<\/a><\/p><\/blockquote>\n<p class=\"mb-m@xs text-l@xs\">En cliquant sur\u00ab J\u2019accepte \u00bb, vous acceptez le d\u00e9p\u00f4t de cookies par des services externes et aurez ainsi acc\u00e8s aux contenus de nos partenaires.<\/p>\n<p class=\"mb-xl@xs text-s@xs\">Plus d\u2019informations sur la page<a href=\"https:\/\/www.20minutes.fr\/gestion-cookies\" class=\"mx-xxs@xs color-ultramarine\" target=\"_blank\" rel=\"noopener\">Politique de gestion des cookies<\/a><\/p>\n<p>J\u2019accepte<\/p>\n<p>\u00ab\u00a0Aujourd\u2019hui le <a href=\"https:\/\/www.20minutes.fr\/societe\/3344283-20220831-pourquoi-mathematiques-elles-toujours-aussi-genrees-ecole\" class=\"color-ultramarine c-link\" target=\"_blank\" rel=\"noopener\">go\u00fbt des filles pour les math\u00e9matiques<\/a> \u00e0 l\u2019entr\u00e9e au CP est le m\u00eame que celui des gar\u00e7ons. Au bout d\u2019un trimestre, il y a un \u00e9cart au d\u00e9triment des filles qui se creuse tout au long de la scolarit\u00e9. Nous devons d\u00e8s le plus jeune \u00e2ge permettre \u00e0 chaque \u00e9l\u00e8ve de d\u00e9velopper ses capacit\u00e9s, sa confiance en soi et son go\u00fbt d\u2019apprendre\u00a0\u00bb, a d\u00e9fendu Elisabeth Borne.<\/p>\n<p><script async src=\"https:\/\/platform.twitter.com\/widgets.js\" charset=\"utf-8\"><\/script><\/p>\n","protected":false},"excerpt":{"rendered":"D\u00e9miner la pol\u00e9mique au plus vite. Elisabeth Borne et son entourage ont d\u00e9menti mardi vouloir orienter les \u00e9l\u00e8ves&hellip;\n","protected":false},"author":2,"featured_media":12514,"comment_status":"","ping_status":"","sticky":false,"template":"","format":"standard","meta":{"footnotes":""},"categories":[2],"tags":[47,11,5760,1126,5757,847,1011,27,5758,5762,5759,12,316,25,5761],"class_list":{"0":"post-12513","1":"post","2":"type-post","3":"status-publish","4":"format-standard","5":"has-post-thumbnail","7":"category-actualites","8":"tag-actualite","9":"tag-actualites","10":"tag-ecole-publique","11":"tag-education-nationale","12":"tag-elisabeth-borne","13":"tag-enfant","14":"tag-fr","15":"tag-france","16":"tag-maternelle","17":"tag-metiers","18":"tag-ministere-de-leducation-nationale","19":"tag-news","20":"tag-politique","21":"tag-republique-francaise","22":"tag-vie-pro"},"share_on_mastodon":{"url":"https:\/\/pubeurope.com\/@fr\/114307816818670698","error":""},"_links":{"self":[{"href":"https:\/\/www.europesays.com\/fr\/wp-json\/wp\/v2\/posts\/12513","targetHints":{"allow":["GET"]}}],"collection":[{"href":"https:\/\/www.europesays.com\/fr\/wp-json\/wp\/v2\/posts"}],"about":[{"href":"https:\/\/www.europesays.com\/fr\/wp-json\/wp\/v2\/types\/post"}],"author":[{"embeddable":true,"href":"https:\/\/www.europesays.com\/fr\/wp-json\/wp\/v2\/users\/2"}],"replies":[{"embeddable":true,"href":"https:\/\/www.europesays.com\/fr\/wp-json\/wp\/v2\/comments?post=12513"}],"version-history":[{"count":0,"href":"https:\/\/www.europesays.com\/fr\/wp-json\/wp\/v2\/posts\/12513\/revisions"}],"wp:featuredmedia":[{"embeddable":true,"href":"https:\/\/www.europesays.com\/fr\/wp-json\/wp\/v2\/media\/12514"}],"wp:attachment":[{"href":"https:\/\/www.europesays.com\/fr\/wp-json\/wp\/v2\/media?parent=12513"}],"wp:term":[{"taxonomy":"category","embeddable":true,"href":"https:\/\/www.europesays.com\/fr\/wp-json\/wp\/v2\/categories?post=12513"},{"taxonomy":"post_tag","embeddable":true,"href":"https:\/\/www.europesays.com\/fr\/wp-json\/wp\/v2\/tags?post=12513"}],"curies":[{"name":"wp","href":"https:\/\/api.w.org\/{rel}","templated":true}]}}