{"id":125135,"date":"2025-05-24T18:28:08","date_gmt":"2025-05-24T18:28:08","guid":{"rendered":"https:\/\/www.europesays.com\/fr\/125135\/"},"modified":"2025-05-24T18:28:08","modified_gmt":"2025-05-24T18:28:08","slug":"palme-dor-pour-jafar-panahi-grand-prix-pour-joachim-trier-retrouvez-le-palmares-complet-du-festival-de-cannes-2025-liberation","status":"publish","type":"post","link":"https:\/\/www.europesays.com\/fr\/125135\/","title":{"rendered":"Palme d\u2019or pour Jafar Panahi, grand prix pour Joachim Trier\u2026 Retrouvez le palmar\u00e8s complet du Festival de Cannes 2025\u00a0 \u2013 Lib\u00e9ration"},"content":{"rendered":"<p class=\"sc-ksZaOG ehjQrN text-element\">La derni\u00e8re ligne droite et paf, <a href=\"https:\/\/www.liberation.fr\/societe\/les-alpes-maritimes-touchees-par-une-panne-delectricite-le-festival-de-cannes-concerne-20250524_GSHXYII6FVDSJKJK3SFG2OCGDQ\/\" target=\"_blank\" rel=\"noreferrer noopener\" title=\"https:\/\/www.liberation.fr\/societe\/les-alpes-maritimes-touchees-par-une-panne-delectricite-le-festival-de-cannes-concerne-20250524_GSHXYII6FVDSJKJK3SFG2OCGDQ\/\">le coup de la panne<\/a>. Samedi sur la Croisette, on croisait des \u00e9quipes de films \u00e0 cran, priv\u00e9es de r\u00e9seau et que personne ne pouvait joindre pour leur dire si oui ou non elles seraient au palmar\u00e8s, des spectateurs d\u00e9cha\u00een\u00e9s d\u2019\u00eatre d\u00e9rang\u00e9s en plein film, des journalistes d\u00e9barquant en panique dans les salles de presse d\u2019un Palais aliment\u00e9 par un groupe \u00e9lectrog\u00e8ne g\u00e9ant comme un phare dans le black-out&#8230; Mais malgr\u00e9 le chaos relatif, show must go on, et la c\u00e9r\u00e9monie de cl\u00f4ture du 78e Festival de Cannes est sur les rails comme pr\u00e9vu. <\/p>\n<p><a href=\"https:\/\/www.liberation.fr\/tags\/festival-de-cannes\/\" class=\"sc-hZgfyJ ejgNQT\" target=\"_blank\" rel=\"noopener\"><img decoding=\"async\" alt=\"\" src=\"https:\/\/www.europesays.com\/fr\/wp-content\/uploads\/2025\/05\/https:\/\/cloudfront-eu-central-1.images.arcpublishing.com\/liberation\/EJVVJJM3CZBJPMGOML3B2QLRSE.png\" class=\"sc-hKpBwk fcgVsq\"\/><\/a><\/p>\n<p class=\"sc-ksZaOG ehjQrN text-element\">Les heureux \u00e9lus consacr\u00e9s par le jury pr\u00e9sid\u00e9 par Juliette Binoche sont :<\/p>\n<p class=\"sc-ksZaOG ehjQrN text-element\"><b>Critique sans d\u00e9tour. <\/b>Dans\u00a0son nouveau film\u00a0tourn\u00e9 \u00e0 sa sortie de prison, l\u2018Iranien, figure \u00e9minente de la dissidence, raconte la relation entre une victime et son bourreau, lors d\u2019une vir\u00e9e en van. Un r\u00e8glement de comptes sans d\u00e9tour avec le r\u00e9gime. Lire <a href=\"https:\/\/www.liberation.fr\/culture\/cinema\/cannes-2025-un-simple-accident-de-jafar-panahi-critique-sans-detour-du-joug-iranien-20250520_BH7HGVMU65AM7AQZ2A3CEITJUQ\/\" target=\"_blank\" rel=\"noreferrer noopener\" title=\"https:\/\/www.liberation.fr\/culture\/cinema\/cannes-2025-un-simple-accident-de-jafar-panahi-critique-sans-detour-du-joug-iranien-20250520_BH7HGVMU65AM7AQZ2A3CEITJUQ\/\">notre critique<\/a> et <a href=\"https:\/\/www.liberation.fr\/culture\/cinema\/jafar-panahi-a-la-tete-de-liran-il-reste-une-coquille-vide-un-corps-malade-qui-continue-de-gouverner-car-il-a-largent-et-les-armes-20250520_P255IUG45JAEZC73LBW74HIHGU\/\" target=\"_blank\" rel=\"noreferrer noopener\" title=\"https:\/\/www.liberation.fr\/culture\/cinema\/jafar-panahi-a-la-tete-de-liran-il-reste-une-coquille-vide-un-corps-malade-qui-continue-de-gouverner-car-il-a-largent-et-les-armes-20250520_P255IUG45JAEZC73LBW74HIHGU\/\">l\u2019interview du cin\u00e9aste<\/a><\/p>\n<p class=\"sc-ksZaOG ehjQrN text-element\"><b>Home fuite home.<\/b> Le film virtuose du r\u00e9alisateur norv\u00e9gien sur le retour d\u2019un cin\u00e9aste absent dans la vie de ses filles adultes, est\u00a0son plus formidable long m\u00e9trage \u00e0 ce jour. <a href=\"https:\/\/www.liberation.fr\/culture\/cinema\/cannes-2025-valeur-sentimentale-home-fuite-home-20250522_HYZQZO5IMFFIVA23GC4L7CGCSY\/\" target=\"_blank\" rel=\"noreferrer noopener\" title=\"https:\/\/www.liberation.fr\/culture\/cinema\/cannes-2025-valeur-sentimentale-home-fuite-home-20250522_HYZQZO5IMFFIVA23GC4L7CGCSY\/\">Notre critique<\/a><\/p>\n<p class=\"sc-ksZaOG ehjQrN text-element\"><b>Un c\u0153ur tout meuf. <\/b>La r\u00e9v\u00e9lation Nadia Melliti, bouleverse dans l\u2019adaptation du roman \u00e9ponyme de Fatima Daas, le lumineux film d\u2019Hafsia Herzi suivant l\u2018\u00e9mancipation d\u2019une jeune musulmane lesbienne. <a href=\"https:\/\/www.liberation.fr\/culture\/cinema\/cannes-2025-la-petite-derniere-un-coeur-tout-meuf-20250516_OKJRADMKPNDPLO3XFCOUVDVMH4\/\" target=\"_blank\" rel=\"noreferrer noopener\" title=\"https:\/\/www.liberation.fr\/culture\/cinema\/cannes-2025-la-petite-derniere-un-coeur-tout-meuf-20250516_OKJRADMKPNDPLO3XFCOUVDVMH4\/\">Notre critique<\/a><\/p>\n<p class=\"sc-ksZaOG ehjQrN text-element\"><b>Carnaval de brio. <\/b>Virtuose, le thriller du cin\u00e9aste br\u00e9silien sur un universitaire poursuivi par la dictature br\u00e9silienne dans les ann\u00e9es 70 est tr\u00e8s politique, brutal et joyeux. <a href=\"https:\/\/www.liberation.fr\/culture\/cinema\/cannes-2025-lagent-secret-de-kleber-mendonca-filho-carnaval-de-brio-20250518_T4BI6EFR2JDGTP3LQJ3JKSLQ4A\/?redirected=1\" target=\"_blank\" rel=\"noopener\">Notre critique<\/a> <\/p>\n<p class=\"sc-ksZaOG ehjQrN text-element\"><b>La f\u00eate infinie. <\/b>Le cin\u00e9aste espagnol plonge un p\u00e8re et son jeune fils au c\u0153ur d\u2019une free party au beau milieu des sables, dans un p\u00e9riple tripant \u00e0 la recherche de sa fille disparue.\u00a0<a href=\"https:\/\/www.liberation.fr\/culture\/cinema\/cannes-2025-sirat-la-fete-infinie-20250515_WJKPEYV72RF5JFSAEB2LFBHOAA\/\" target=\"_blank\" rel=\"noopener\" title=\"https:\/\/www.liberation.fr\/culture\/cinema\/cannes-2025-sirat-la-fete-infinie-20250515_WJKPEYV72RF5JFSAEB2LFBHOAA\/\">Notre critique<\/a><\/p>\n<p class=\"sc-ksZaOG ehjQrN text-element\"><b>Le rude des foins. <\/b>Du d\u00e9but du\u00a0XXe\u00a0si\u00e8cle \u00e0\u00a0nos\u00a0jours, l\u2018Allemande\u00a0Mascha\u00a0Schilinski imagine les\u00a0existences lamentables de\u00a0quatre\u00a0filles vivant dans une ferme. <a href=\"https:\/\/www.liberation.fr\/culture\/cinema\/cannes-2025-sound-of-falling-le-rude-des-foins-20250514_4DWG2VSJQNETHPRXUYOEBLJAME\/\" target=\"_blank\" rel=\"noreferrer noopener\" title=\"https:\/\/www.liberation.fr\/culture\/cinema\/cannes-2025-sound-of-falling-le-rude-des-foins-20250514_4DWG2VSJQNETHPRXUYOEBLJAME\/\">Notre critique<\/a><\/p>\n<p class=\"sc-ksZaOG ehjQrN text-element\"><b>Le c\u0153ur et les poupons. <\/b>Suivant des ados recueillies dans un centre pour m\u00e8res en\u00a0difficult\u00e9, les\u00a0cin\u00e9astes belges signent un film in\u00e9gal mais \u00e9mouvant. <a href=\"https:\/\/www.liberation.fr\/culture\/cinema\/cannes-2025-jeunes-meres-des-freres-dardenne-le-coeur-et-les-poupons-20250523_GJYGGVZLV5EZTG4BUAQWUBCX6Y\/\" target=\"_blank\" rel=\"noreferrer noopener\" title=\"https:\/\/www.liberation.fr\/culture\/cinema\/cannes-2025-jeunes-meres-des-freres-dardenne-le-coeur-et-les-poupons-20250523_GJYGGVZLV5EZTG4BUAQWUBCX6Y\/\">Notre critique<\/a><\/p>\n<p class=\"sc-ksZaOG ehjQrN text-element\">Devenu ami pendant l\u2018\u00e8re Bolsonaro avec\u00a0Kleber Mendon\u00e7a Filho, qui\u00a0lui donne le\u00a0premier r\u00f4le de\u00a0<a href=\"https:\/\/www.liberation.fr\/culture\/cinema\/cannes-2025-lagent-secret-de-kleber-mendonca-filho-carnaval-de-brio-20250518_T4BI6EFR2JDGTP3LQJ3JKSLQ4A\/\" target=\"_blank\" rel=\"noreferrer noopener\" title=\"https:\/\/www.liberation.fr\/culture\/cinema\/cannes-2025-lagent-secret-de-kleber-mendonca-filho-carnaval-de-brio-20250518_T4BI6EFR2JDGTP3LQJ3JKSLQ4A\/\">l\u2018Agent secret<\/a> pr\u00e9sent\u00e9 au Festival, l\u2018acteur br\u00e9silien est\u00a0d\u2019une rare spontan\u00e9it\u00e9. Lire <a href=\"https:\/\/www.liberation.fr\/culture\/cinema\/cannes-2025-wagner-moura-cool-declat-20250518_Y7Z7RA6SHFBMHFV3Y5DEMYNGTU\/\" target=\"_blank\" rel=\"noreferrer noopener\" title=\"https:\/\/www.liberation.fr\/culture\/cinema\/cannes-2025-wagner-moura-cool-declat-20250518_Y7Z7RA6SHFBMHFV3Y5DEMYNGTU\/\">son portrait<\/a><\/p>\n<p class=\"sc-ksZaOG ehjQrN text-element\"><b>F\u00eate de beaux r\u00eaves. <\/b>Monstre sous opium, femme-vampire\u2026 Le cin\u00e9aste chinois raconte l\u2018errance d\u2019un homme \u00e0 travers un si\u00e8cle de songes, dans une soci\u00e9t\u00e9 o\u00f9 plus personne ne sait r\u00eaver.\u00a0Renversant. <a href=\"https:\/\/www.liberation.fr\/culture\/cinema\/cannes-2025-avec-resurrection-bi-gan-fete-de-beaux-reves-20250523_BG3JMETDYNAZJK3HDBQI5SGHEY\/\" target=\"_blank\" rel=\"noopener\">Notre critique<\/a> <\/p>\n<p class=\"sc-ksZaOG ehjQrN text-element\"><b>Rite de gla\u00e7age. <\/b>Une fillette doit confectionner un g\u00e2teau pour l\u2018anniversaire Saddam Hussein dans le film de l\u2018Am\u00e9ricano-Irakien Hasan Hadi, qui vaut surtout pour sa repr\u00e9sentation d\u2019un culte de la personnalit\u00e9 d\u00e9ment. <a href=\"https:\/\/www.liberation.fr\/culture\/cinema\/cannes-2025-the-presidents-cake-rite-de-glacage-20250516_N5BIADECDJHZ5KJJYJ2VRJKPRA\/\" target=\"_blank\" rel=\"noreferrer noopener\" title=\"https:\/\/www.liberation.fr\/culture\/cinema\/cannes-2025-the-presidents-cake-rite-de-glacage-20250516_N5BIADECDJHZ5KJJYJ2VRJKPRA\/\">Notre critique<\/a><\/p>\n<p class=\"sc-ksZaOG ehjQrN text-element\"><b>Inspir\u00e9 de stup\u00e9faits r\u00e9els. <\/b>Escapade de deux gamins et leur p\u00e8re \u00e0 Lagos violemment interrompue par\u00a0le\u00a0coup d\u2019Etat de\u00a01993, le\u00a0tr\u00e8s beau film du Nig\u00e9rian Akinola Davies subjugue. Lire <a href=\"https:\/\/www.google.com\/search?q=akinola+davies+site%3Aliberation.fr&amp;sca_esv=13e69eccba0c2d69&amp;rlz=1C1GCEA_enFR973FR973&amp;sxsrf=AE3TifM_vcMnT1SLOXZGm2BZrUaQa3sBHg%3A1748105478745&amp;ei=BvkxaNiiLc6jkdUP4bqgiQE&amp;ved=0ahUKEwjYvdywyLyNAxXOUaQEHWEdKBEQ4dUDCBA&amp;uact=5&amp;oq=akinola+davies+site%3Aliberation.fr&amp;gs_lp=Egxnd3Mtd2l6LXNlcnAiIWFraW5vbGEgZGF2aWVzIHNpdGU6bGliZXJhdGlvbi5mckj3CVAqWJ4JcAB4AJABAJgBAKABAKoBALgBA8gBAPgBAZgCAKACAJgDAJIHAKAHALIHALgHAA&amp;sclient=gws-wiz-serp\" target=\"_blank\" rel=\"noreferrer noopener\" title=\"https:\/\/www.google.com\/search?q=akinola+davies+site%3Aliberation.fr&amp;sca_esv=13e69eccba0c2d69&amp;rlz=1C1GCEA_enFR973FR973&amp;sxsrf=AE3TifM_vcMnT1SLOXZGm2BZrUaQa3sBHg%3A1748105478745&amp;ei=BvkxaNiiLc6jkdUP4bqgiQE&amp;ved=0ahUKEwjYvdywyLyNAxXOUaQEHWEdKBEQ4dUDCBA&amp;uact=5&amp;oq=akinola+davies+site%3Aliberation.fr&amp;gs_lp=Egxnd3Mtd2l6LXNlcnAiIWFraW5vbGEgZGF2aWVzIHNpdGU6bGliZXJhdGlvbi5mckj3CVAqWJ4JcAB4AJABAJgBAKABAKoBALgBA8gBAPgBAZgCAKACAJgDAJIHAKAHALIHALgHAA&amp;sclient=gws-wiz-serp\">notre critique<\/a> et <a href=\"https:\/\/www.liberation.fr\/culture\/cinema\/akinola-davies-premier-cineaste-nigerian-selectionne-a-cannes-la-surprise-arty-20250520_FTQVL2ZUERBDXOIZRTE6WJFKKE\/\" target=\"_blank\" rel=\"noreferrer noopener\" title=\"https:\/\/www.liberation.fr\/culture\/cinema\/akinola-davies-premier-cineaste-nigerian-selectionne-a-cannes-la-surprise-arty-20250520_FTQVL2ZUERBDXOIZRTE6WJFKKE\/\">le portrait du r\u00e9alisateur<\/a> <\/p>\n<p class=\"sc-ksZaOG ehjQrN text-element\"><b>Un c\u0153ur tout meuf. <\/b>Adaptation du roman \u00e9ponyme de Fatima Daas, le lumineux film de Hafsia Herzi, port\u00e9 par la r\u00e9v\u00e9lation Nadia Melliti, bouleverse en suivant l\u2018\u00e9mancipation d\u2019une jeune musulmane lesbienne. <a href=\"https:\/\/www.liberation.fr\/culture\/cinema\/cannes-2025-la-petite-derniere-un-coeur-tout-meuf-20250516_OKJRADMKPNDPLO3XFCOUVDVMH4\/\" target=\"_blank\" rel=\"noreferrer noopener\" title=\"https:\/\/www.liberation.fr\/culture\/cinema\/cannes-2025-la-petite-derniere-un-coeur-tout-meuf-20250516_OKJRADMKPNDPLO3XFCOUVDVMH4\/\">Notre critique<\/a><\/p>\n<p class=\"sc-ksZaOG ehjQrN text-element\"><b>Entre tradition et paternit\u00e9. <\/b>A la fronti\u00e8re entre docu et autofiction, le film de D\u00e9ni Oumar Pitsaev sonde la communaut\u00e9 tch\u00e9tch\u00e8ne exil\u00e9e en G\u00e9orgie et la relation du cin\u00e9aste \u00e0 son p\u00e8re. <a href=\"https:\/\/www.liberation.fr\/culture\/cinema\/cannes-2025-imago-un-documentaire-entre-tradition-et-paternite-20250520_DYJBTM5RFFBCDAECZ2DEQVUM7E\/\" target=\"_blank\" rel=\"noreferrer noopener\" title=\"https:\/\/www.liberation.fr\/culture\/cinema\/cannes-2025-imago-un-documentaire-entre-tradition-et-paternite-20250520_DYJBTM5RFFBCDAECZ2DEQVUM7E\/\">Notre critique<\/a><\/p>\n","protected":false},"excerpt":{"rendered":"La derni\u00e8re ligne droite et paf, le coup de la panne. Samedi sur la Croisette, on croisait des&hellip;\n","protected":false},"author":2,"featured_media":125136,"comment_status":"","ping_status":"","sticky":false,"template":"","format":"standard","meta":{"footnotes":""},"categories":[8],"tags":[58,59,5634,1011,27],"class_list":{"0":"post-125135","1":"post","2":"type-post","3":"status-publish","4":"format-standard","5":"has-post-thumbnail","7":"category-divertissement","8":"tag-divertissement","9":"tag-entertainment","10":"tag-festival-de-cannes","11":"tag-fr","12":"tag-france"},"share_on_mastodon":{"url":"https:\/\/pubeurope.com\/@fr\/114564229030349738","error":""},"_links":{"self":[{"href":"https:\/\/www.europesays.com\/fr\/wp-json\/wp\/v2\/posts\/125135","targetHints":{"allow":["GET"]}}],"collection":[{"href":"https:\/\/www.europesays.com\/fr\/wp-json\/wp\/v2\/posts"}],"about":[{"href":"https:\/\/www.europesays.com\/fr\/wp-json\/wp\/v2\/types\/post"}],"author":[{"embeddable":true,"href":"https:\/\/www.europesays.com\/fr\/wp-json\/wp\/v2\/users\/2"}],"replies":[{"embeddable":true,"href":"https:\/\/www.europesays.com\/fr\/wp-json\/wp\/v2\/comments?post=125135"}],"version-history":[{"count":0,"href":"https:\/\/www.europesays.com\/fr\/wp-json\/wp\/v2\/posts\/125135\/revisions"}],"wp:featuredmedia":[{"embeddable":true,"href":"https:\/\/www.europesays.com\/fr\/wp-json\/wp\/v2\/media\/125136"}],"wp:attachment":[{"href":"https:\/\/www.europesays.com\/fr\/wp-json\/wp\/v2\/media?parent=125135"}],"wp:term":[{"taxonomy":"category","embeddable":true,"href":"https:\/\/www.europesays.com\/fr\/wp-json\/wp\/v2\/categories?post=125135"},{"taxonomy":"post_tag","embeddable":true,"href":"https:\/\/www.europesays.com\/fr\/wp-json\/wp\/v2\/tags?post=125135"}],"curies":[{"name":"wp","href":"https:\/\/api.w.org\/{rel}","templated":true}]}}