{"id":125137,"date":"2025-05-24T18:29:11","date_gmt":"2025-05-24T18:29:11","guid":{"rendered":"https:\/\/www.europesays.com\/fr\/125137\/"},"modified":"2025-05-24T18:29:11","modified_gmt":"2025-05-24T18:29:11","slug":"la-technologie-qui-transforme-lhabitacle-de-votre-voiture-en-extension-de-votre-iphone","status":"publish","type":"post","link":"https:\/\/www.europesays.com\/fr\/125137\/","title":{"rendered":"la technologie qui transforme l&rsquo;habitacle de votre voiture en extension de votre iPhone"},"content":{"rendered":"<p>\t\t\t\t\t\t\t\t<a href=\"https:\/\/rouleur-electrique.fr\/actu\/\" class=\"category-button | text-uppercase\" target=\"_blank\" rel=\"noopener\">Actu voiture \u00e9lectrique<\/a><\/p>\n<p><img data-no-lazy=\"\" width=\"1500\" height=\"843\" src=\"https:\/\/www.europesays.com\/fr\/wp-content\/uploads\/2025\/05\/Apple-CarPlay-Ultra-la-technologie-qui-transforme-lhabita.jpg\" alt=\"Apple CarPlay Ultra : la technologie qui transforme l'habita\" decoding=\"sync\" fetchpriority=\"high\"  \/><\/p>\n<p>Pr\u00e9sent\u00e9 en 2022 mais disponible seulement maintenant, Apple CarPlay Ultra repr\u00e9sente un bond significatif dans l\u2019int\u00e9gration des smartphones aux syst\u00e8mes embarqu\u00e9s des v\u00e9hicules. Cette nouvelle g\u00e9n\u00e9ration ne se contente plus d\u2019occuper l\u2019\u00e9cran central d\u2019infodivertissement, mais \u00e9tend son influence \u00e0 l\u2019ensemble des interfaces num\u00e9riques du v\u00e9hicule. Une \u00e9volution qui pose question sur la relation entre constructeurs automobiles et g\u00e9ants de la tech.<\/p>\n<p>Une prise de contr\u00f4le totale des \u00e9crans de votre v\u00e9hicule<\/p>\n<p>CarPlay Ultra marque une rupture avec la version standard que nous connaissons depuis des ann\u00e9es. L\u00e0 o\u00f9 CarPlay classique se limitait \u00e0 projeter certaines applications sur l\u2019\u00e9cran central, sa version Ultra s\u2019empare d\u00e9sormais de tous les affichages disponibles, y compris le combin\u00e9 d\u2019instruments face au conducteur.<\/p>\n<p>Cette nouvelle int\u00e9gration permet \u00e0 l\u2019interface Apple de g\u00e9rer simultan\u00e9ment :<\/p>\n<ul>\n<li>L\u2019affichage des compteurs et jauges essentielles (vitesse, r\u00e9gime moteur, niveau de carburant)<\/li>\n<li>Les commandes de climatisation et autres fonctions du v\u00e9hicule<\/li>\n<li>Les informations de navigation et multim\u00e9dia sur l\u2019\u00e9cran central<\/li>\n<li>Les donn\u00e9es techniques comme la <strong>pression des pneus<\/strong>, la <strong>temp\u00e9rature du liquide de refroidissement<\/strong> ou la <strong>tension de batterie<\/strong><\/li>\n<\/ul>\n<p>Apple a travaill\u00e9 en collaboration avec les constructeurs pour d\u00e9velopper cette solution, Aston Martin \u00e9tant le premier \u00e0 l\u2019adopter sur sa gamme 2025. Genesis et Porsche seraient \u00e9galement en phase d\u2019exp\u00e9rimentation et devraient proposer cette technologie prochainement.<\/p>\n<p><img loading=\"lazy\" decoding=\"async\" width=\"889\" height=\"500\" src=\"data:image\/svg+xml,%3Csvg%20xmlns=\" http:=\"\" alt=\"\" class=\"wp-image-30740\" data-lazy- data-lazy- data-lazy-src=\"https:\/\/www.europesays.com\/fr\/wp-content\/uploads\/2025\/05\/Apple-CarPlay-Ultra-la-technologie-qui-transforme-lhabita.webp.webp\"\/><br \/>\nUne interface personnalisable mais tr\u00e8s \u201cApple\u201d<\/p>\n<p>L\u2019utilisateur peut d\u00e9sormais personnaliser son exp\u00e9rience de conduite gr\u00e2ce \u00e0 diff\u00e9rents th\u00e8mes pour le tableau de bord num\u00e9rique. Cette approche rappelle les cadrans personnalisables de l\u2019Apple Watch, avec la possibilit\u00e9 d\u2019adapter couleurs et arri\u00e8re-plans selon ses pr\u00e9f\u00e9rences.<\/p>\n<p>Malgr\u00e9 les promesses d\u2019une exp\u00e9rience \u201csur mesure\u201d pour chaque marque, on peut l\u00e9gitimement s\u2019interroger sur la pr\u00e9servation de l\u2019identit\u00e9 des constructeurs. Le langage graphique d\u2019Apple, si caract\u00e9ristique avec son design \u00e9pur\u00e9 et minimaliste, risque d\u2019uniformiser l\u2019exp\u00e9rience utilisateur d\u2019un v\u00e9hicule \u00e0 l\u2019autre. Une Aston Martin \u00e9quip\u00e9e de CarPlay Ultra ressemblera-t-elle davantage \u00e0 une Apple Car qu\u2019\u00e0 une authentique voiture britannique de luxe?<\/p>\n<p><img loading=\"lazy\" decoding=\"async\" width=\"889\" height=\"500\" src=\"data:image\/svg+xml,%3Csvg%20xmlns=\" http:=\"\" alt=\"\" class=\"wp-image-30741\" data-lazy- data-lazy- data-lazy-src=\"https:\/\/www.europesays.com\/fr\/wp-content\/uploads\/2025\/05\/Apple-CarPlay-Ultra-la-technologie-qui-transforme-lhabita-1.webp.webp\"\/><br \/>\nDes exigences techniques pr\u00e9cises<\/p>\n<p>Pour profiter de CarPlay Ultra, vous devrez r\u00e9pondre \u00e0 plusieurs pr\u00e9requis techniques :<\/p>\n<tr>\n\u00c9quipement<br \/>\nConfiguration minimale requise<br \/>\n<\/tr>\n<tr>\n<td>Smartphone<\/td>\n<td>iPhone 12 ou plus r\u00e9cent<\/td>\n<\/tr>\n<tr>\n<td>Syst\u00e8me d\u2019exploitation<\/td>\n<td>iOS 18.5 ou ult\u00e9rieur<\/td>\n<\/tr>\n<tr>\n<td>V\u00e9hicule compatible<\/td>\n<td>Aston Martin 2025 (actuellement)<\/td>\n<\/tr>\n<p>La configuration initiale n\u00e9cessite un temps de t\u00e9l\u00e9chargement, l\u2019iPhone devant r\u00e9cup\u00e9rer les donn\u00e9es sp\u00e9cifiques au v\u00e9hicule pour adapter l\u2019interface \u00e0 ses caract\u00e9ristiques. Une fois install\u00e9, le syst\u00e8me fonctionne de fa\u00e7on fluide et intuitive.<\/p>\n<p>Enjeux et questions sur l\u2019avenir de l\u2019industrie automobile<\/p>\n<p>Cette \u00e9volution soul\u00e8ve d\u2019importantes questions sur l\u2019\u00e9quilibre des pouvoirs entre constructeurs automobiles et entreprises technologiques. Si votre tableau de bord devient essentiellement une extension de votre iPhone, quelle valeur ajout\u00e9e reste-t-il aux interfaces propri\u00e9taires d\u00e9velopp\u00e9es \u00e0 grands frais par les constructeurs?<\/p>\n<p>Les enqu\u00eates montrent que les consommateurs pr\u00e9f\u00e8rent g\u00e9n\u00e9ralement l\u2019exp\u00e9rience CarPlay aux syst\u00e8mes natifs des v\u00e9hicules. Face \u00e0 cette r\u00e9alit\u00e9, certains constructeurs r\u00e9sistent, craignant de perdre l\u2019acc\u00e8s aux <strong>donn\u00e9es pr\u00e9cieuses<\/strong> g\u00e9n\u00e9r\u00e9es par leurs clients ou de voir leur identit\u00e9 dilu\u00e9e derri\u00e8re l\u2019interface Apple.<\/p>\n<p>D\u2019autres marques comme Tesla ou General Motors ont choisi de d\u00e9velopper leurs propres \u00e9cosyst\u00e8mes num\u00e9riques en excluant compl\u00e8tement CarPlay de leurs v\u00e9hicules, pr\u00e9f\u00e9rant conserver la ma\u00eetrise totale de l\u2019exp\u00e9rience utilisateur et des donn\u00e9es associ\u00e9es.<\/p>\n<p>Disponibilit\u00e9 et d\u00e9ploiement progressif<\/p>\n<p>CarPlay Ultra est actuellement disponible uniquement sur les nouveaux mod\u00e8les Aston Martin commercialis\u00e9s aux \u00c9tats-Unis et au Canada. Le d\u00e9ploiement mondial est pr\u00e9vu dans les 12 prochains mois.<\/p>\n<p>Pour les autres marques, il faudra attendre les annonces officielles, mais Genesis et Porsche semblent bien positionn\u00e9s pour \u00eatre les prochains \u00e0 adopter cette technologie. Reste \u00e0 voir comment chaque constructeur l\u2019adaptera \u00e0 son identit\u00e9 et \u00e0 ses sp\u00e9cificit\u00e9s.<\/p>\n<p>Cette \u00e9volution majeure de CarPlay s\u2019inscrit dans une tendance de fond o\u00f9 les v\u00e9hicules deviennent progressivement des plateformes num\u00e9riques mobiles plut\u00f4t que de simples moyens de transport. Avec CarPlay Ultra, Apple renforce consid\u00e9rablement sa pr\u00e9sence dans l\u2019habitacle, cr\u00e9ant une continuit\u00e9 num\u00e9rique entre votre smartphone et votre voiture qui pourrait pr\u00e9figurer sa strat\u00e9gie pour l\u2019Apple Car tant attendue.<\/p>\n<p>        <img loading=\"lazy\" decoding=\"async\" alt=\"\" src=\"data:image\/svg+xml,%3Csvg%20xmlns=\" http:=\"\" data-lazy- class=\"avatar avatar-120 photo sab-custom-avatar\" height=\"120\" width=\"120\" data-lazy-src=\"https:\/\/www.europesays.com\/fr\/wp-content\/uploads\/2025\/05\/philippe-moureau_trombi.jpg\"\/>    <\/p>\n<p class=\"wp-block-post-author__name\">R\u00e9dig\u00e9 par Philippe Moureau<\/p>\n<p class=\"wp-block-post-author__bio\"> Quadrag\u00e9naire passionn\u00e9 de voitures \u00e9lectriques. Je m&rsquo;int\u00e9resse \u00e0 la transition \u00e9nerg\u00e9tique et \u00e0 la lutte contre les \u00e9missions de gaz \u00e0 effet de serre. Je suis un v\u00e9ritable passionn\u00e9 de voitures \u00e9lectriques et un d\u00e9fenseur de l&rsquo;environnement.<\/p>\n<p>\t\t\tR\u00e9agissez \u00e0 l&rsquo;article    <\/p>\n","protected":false},"excerpt":{"rendered":"Actu voiture \u00e9lectrique Pr\u00e9sent\u00e9 en 2022 mais disponible seulement maintenant, Apple CarPlay Ultra repr\u00e9sente un bond significatif dans&hellip;\n","protected":false},"author":2,"featured_media":125138,"comment_status":"","ping_status":"","sticky":false,"template":"","format":"standard","meta":{"footnotes":""},"categories":[7],"tags":[24821,19596,24822,21793,24823,1011,27,24825,24824,24826,8888,43,40,41,39,24827,42,44,24828],"class_list":{"0":"post-125137","1":"post","2":"type-post","3":"status-publish","4":"format-standard","5":"has-post-thumbnail","7":"category-sciences-et-technologies","8":"tag-0-du00e9mission","9":"tag-100-u00e9lectrique","10":"tag-automobile-connectu00e9e","11":"tag-conduite-autonome","12":"tag-expu00e9rience-de-conduite","13":"tag-fr","14":"tag-france","15":"tag-interface-utilisateur","16":"tag-intu00e9gration-numu00e9rique","17":"tag-modu00e8les-u00e9lectriques","18":"tag-personnalisation","19":"tag-science","20":"tag-science-and-technology","21":"tag-sciences","22":"tag-sciences-et-technologies","23":"tag-technologie-mobile","24":"tag-technologies","25":"tag-technology","26":"tag-vitesse-de-recharge"},"share_on_mastodon":{"url":"https:\/\/pubeurope.com\/@fr\/114564232983376137","error":""},"_links":{"self":[{"href":"https:\/\/www.europesays.com\/fr\/wp-json\/wp\/v2\/posts\/125137","targetHints":{"allow":["GET"]}}],"collection":[{"href":"https:\/\/www.europesays.com\/fr\/wp-json\/wp\/v2\/posts"}],"about":[{"href":"https:\/\/www.europesays.com\/fr\/wp-json\/wp\/v2\/types\/post"}],"author":[{"embeddable":true,"href":"https:\/\/www.europesays.com\/fr\/wp-json\/wp\/v2\/users\/2"}],"replies":[{"embeddable":true,"href":"https:\/\/www.europesays.com\/fr\/wp-json\/wp\/v2\/comments?post=125137"}],"version-history":[{"count":0,"href":"https:\/\/www.europesays.com\/fr\/wp-json\/wp\/v2\/posts\/125137\/revisions"}],"wp:featuredmedia":[{"embeddable":true,"href":"https:\/\/www.europesays.com\/fr\/wp-json\/wp\/v2\/media\/125138"}],"wp:attachment":[{"href":"https:\/\/www.europesays.com\/fr\/wp-json\/wp\/v2\/media?parent=125137"}],"wp:term":[{"taxonomy":"category","embeddable":true,"href":"https:\/\/www.europesays.com\/fr\/wp-json\/wp\/v2\/categories?post=125137"},{"taxonomy":"post_tag","embeddable":true,"href":"https:\/\/www.europesays.com\/fr\/wp-json\/wp\/v2\/tags?post=125137"}],"curies":[{"name":"wp","href":"https:\/\/api.w.org\/{rel}","templated":true}]}}