{"id":125143,"date":"2025-05-24T18:32:08","date_gmt":"2025-05-24T18:32:08","guid":{"rendered":"https:\/\/www.europesays.com\/fr\/125143\/"},"modified":"2025-05-24T18:32:08","modified_gmt":"2025-05-24T18:32:08","slug":"lyon-le-salon-dalgerie-pris-dassaut-les-organisateurs-debordes-on-est-degoutes","status":"publish","type":"post","link":"https:\/\/www.europesays.com\/fr\/125143\/","title":{"rendered":"Lyon. Le salon d&rsquo;Alg\u00e9rie pris d&rsquo;assaut, les organisateurs d\u00e9bord\u00e9s : \u00ab\u00a0On est d\u00e9go\u00fbt\u00e9s\u00a0\u00bb"},"content":{"rendered":"<p>            Par<br \/>\n        <strong><br \/>\n            <a href=\"https:\/\/actu.fr\/auteur\/nicolas-zaugra\" title=\"Consulter tous les articles de Nicolas Zaugra\" target=\"_blank\" rel=\"noopener\">Nicolas Zaugra<\/a><br \/>\n        <\/strong><\/p>\n<p>        Publi\u00e9 le<\/p>\n<p>            24 mai 2025 \u00e0 18h10        <\/p>\n<p>Un succ\u00e8s populaire et des organisateurs compl\u00e8tement d\u00e9bord\u00e9s par la foule. La <strong>premi\u00e8re \u00e9dition du salon de l\u2019Alg\u00e9rie<\/strong> organis\u00e9e de vendredi \u00e0 ce dimanche au <a href=\"https:\/\/actu.fr\/tag\/groupama-stadium\" target=\"_blank\" rel=\"noopener\">Groupama Stadium<\/a> \u00e0 D\u00e9cines-Charpieu dans la m\u00e9tropole de <a href=\"https:\/\/actu.fr\/auvergne-rhone-alpes\/lyon_69123\" target=\"_blank\" rel=\"noopener\">Lyon<\/a> a attir\u00e9 trop de monde par rapport aux capacit\u00e9s d\u2019accueil. Les 4 500 places \u00e0 l\u2019int\u00e9rieur des salons du stade ce samedi ont rapidement \u00e9t\u00e9 prises d\u2019assaut provoquant une tr\u00e8s longue attente des spectateurs venus avec ou sans billets. Des tensions ont \u00e9clat\u00e9 et les organisateurs, d\u00e9pass\u00e9s, ont d\u00fb faire face \u00e0 des visiteurs agac\u00e9s. Des <strong>milliers de personnes ont d\u00fb faire demi-tour<\/strong> et renoncer.<\/p>\n<p>Un monde fou pour la premi\u00e8re \u00e9dition, le salon ferm\u00e9 samedi apr\u00e8s-midi<\/p>\n<p class=\" wall-content\">\u00ab\u00a0Nous sommes incroyablement surpris du monde qui s\u2019est joint au salon ce samedi 24 mai mais malheureusement pour une dur\u00e9e d\u00e9termin\u00e9e <strong>il n\u2019est plus possible d\u2019acc\u00e9der au salon<\/strong> restez connect\u00e9 nous vous informerons tout au long de la journ\u00e9e, en vous remerciant\u00a0\u00bb, \u00e9crivent les organisateurs sur les r\u00e9seaux sociaux.<\/p>\n<p class=\" wall-content\">Depuis le d\u00e9but de la journ\u00e9e, les visiteurs se pressent en effet par centaines et centaines devant le stade de D\u00e9cines, o\u00f9 joue habituellement l\u2019OL. L\u2019organisation a aussi d\u00fb annuler les animations pr\u00e9vues dans la soir\u00e9e \u00ab\u00a0pour des raisons techniques et de s\u00e9curit\u00e9\u00a0\u00bb en fermant le salon \u00e0 20h.<\/p>\n<p class=\" wall-content\">\n<p>Trop d\u2019attente, des visiteurs qui font demi-tour et de l\u2019agacement<\/p>\n<p class=\" wall-content\">\u00ab\u00a0Je suis vraiment d\u00e9go\u00fbt\u00e9e, on est venu de Strasbourg et on ne peut m\u00eame pas prendre de billets. C\u2019est vraiment mal organis\u00e9. On ne peut rien faire correctement\u00a0\u00bb, s\u2019agace une personne qui a d\u00fb faire demi-tour. \u00ab\u00a0On est d\u00e9go\u00fbt\u00e9s\u00a0\u00bb, ajoute une famille qui avait des billets.<\/p>\n<p class=\" wall-content\">\u00ab\u00a0Trop d\u2019attente\u00a0\u00bb, \u00ab\u00a0aucune organisation\u00a0\u00bb, \u00ab\u00a0plus de 2 heures de queue\u00a0\u00bb, \u00ab\u00a0absence totale d\u2019informations\u00a0\u00bb, \u00ab\u00a0aucune file pour les personnes handicap\u00e9es\u00a0\u00bb, \u00ab\u00a0victime de son succ\u00e8s\u00a0\u00bb, \u00ab\u00a0endroit trop petit\u00a0\u00bb, \u00ab\u00a0on se marche sur les pieds\u00a0\u00bb, listent certains visiteurs.<\/p>\n<p class=\" wall-content\">\u00ab\u00a0C\u00f4t\u00e9 organisation et logistique, il faut rester honn\u00eate : ce n\u2019\u00e9tait pas irr\u00e9prochable. Mais pour une premi\u00e8re \u00e9dition, c\u2019est compr\u00e9hensible. On ne peut pas tout ma\u00eetriser d\u00e8s le d\u00e9part, surtout avec une telle affluence\u00a0\u00bb, nuance un autre.<\/p>\n<p class=\" wall-content\">L\u2019\u00e9v\u00e9nement se d\u00e9roule encore ce dimanche et a vocation a faire d\u00e9couvrir l\u2019Alg\u00e9rie et sa culture autour de \u00ab\u00a0cinq univers\u00a0\u00bb, l\u2019immobilier, le tourisme, l\u2019industrie, l\u2019artisanat et l\u2019agroalimentaire. Un salon organis\u00e9 en plein regain de tensions entre la France et l\u2019Alg\u00e9rie sur les sujets migratoires et l\u2019emprisonnement de l\u2019\u00e9crivain franco-alg\u00e9rien Boualem Sansal.<\/p>\n<p class=\" wall-content\">Suivez toute l\u2019actualit\u00e9 de vos villes et m\u00e9dias favoris en vous inscrivant \u00e0 <a href=\"https:\/\/moncompte.actu.fr\" title=\"D\u00e9couvez Mon Actu\" rel=\"nofollow noopener\" data-trk=\"{&quot;cta&quot;:{&quot;action&quot;:&quot;https:\\\/\\\/moncompte.actu.fr&quot;,&quot;category&quot;:&quot;mon compte&quot;,&quot;from&quot;:&quot;article footer&quot;,&quot;name&quot;:&quot;Mon actu&quot;,&quot;type&quot;:&quot;cta&quot;}}\" target=\"_blank\">Mon Actu<\/a>.<\/p>\n<ul class=\"ac-article-tag wall-content\">\n<li><a href=\"https:\/\/actu.fr\/tag\/algerie\" data-trk=\"{&quot;cta&quot;:{&quot;action&quot;:&quot;Alg\\u00e9rie&quot;,&quot;category&quot;:&quot;tag&quot;,&quot;from&quot;:&quot;article footer&quot;,&quot;name&quot;:&quot;Alg\\u00e9rie&quot;,&quot;type&quot;:&quot;cta&quot;}}\" target=\"_blank\" rel=\"noopener\">#Alg\u00e9rie<\/a><\/li>\n<li><a href=\"https:\/\/actu.fr\/tag\/groupama-stadium\" data-trk=\"{&quot;cta&quot;:{&quot;action&quot;:&quot;Groupama Stadium&quot;,&quot;category&quot;:&quot;tag&quot;,&quot;from&quot;:&quot;article footer&quot;,&quot;name&quot;:&quot;Groupama Stadium&quot;,&quot;type&quot;:&quot;cta&quot;}}\" target=\"_blank\" rel=\"noopener\">#Groupama Stadium<\/a><\/li>\n<\/ul>\n","protected":false},"excerpt":{"rendered":"Par Nicolas Zaugra Publi\u00e9 le 24 mai 2025 \u00e0 18h10 Un succ\u00e8s populaire et des organisateurs compl\u00e8tement d\u00e9bord\u00e9s&hellip;\n","protected":false},"author":2,"featured_media":125144,"comment_status":"","ping_status":"","sticky":false,"template":"","format":"standard","meta":{"footnotes":""},"categories":[4],"tags":[11,15,1011,27,15363,12,25,104],"class_list":{"0":"post-125143","1":"post","2":"type-post","3":"status-publish","4":"format-standard","5":"has-post-thumbnail","7":"category-france","8":"tag-actualites","9":"tag-algerie","10":"tag-fr","11":"tag-france","12":"tag-groupama-stadium","13":"tag-news","14":"tag-republique-francaise","15":"tag-societe"},"share_on_mastodon":{"url":"https:\/\/pubeurope.com\/@fr\/114564244666673555","error":""},"_links":{"self":[{"href":"https:\/\/www.europesays.com\/fr\/wp-json\/wp\/v2\/posts\/125143","targetHints":{"allow":["GET"]}}],"collection":[{"href":"https:\/\/www.europesays.com\/fr\/wp-json\/wp\/v2\/posts"}],"about":[{"href":"https:\/\/www.europesays.com\/fr\/wp-json\/wp\/v2\/types\/post"}],"author":[{"embeddable":true,"href":"https:\/\/www.europesays.com\/fr\/wp-json\/wp\/v2\/users\/2"}],"replies":[{"embeddable":true,"href":"https:\/\/www.europesays.com\/fr\/wp-json\/wp\/v2\/comments?post=125143"}],"version-history":[{"count":0,"href":"https:\/\/www.europesays.com\/fr\/wp-json\/wp\/v2\/posts\/125143\/revisions"}],"wp:featuredmedia":[{"embeddable":true,"href":"https:\/\/www.europesays.com\/fr\/wp-json\/wp\/v2\/media\/125144"}],"wp:attachment":[{"href":"https:\/\/www.europesays.com\/fr\/wp-json\/wp\/v2\/media?parent=125143"}],"wp:term":[{"taxonomy":"category","embeddable":true,"href":"https:\/\/www.europesays.com\/fr\/wp-json\/wp\/v2\/categories?post=125143"},{"taxonomy":"post_tag","embeddable":true,"href":"https:\/\/www.europesays.com\/fr\/wp-json\/wp\/v2\/tags?post=125143"}],"curies":[{"name":"wp","href":"https:\/\/api.w.org\/{rel}","templated":true}]}}