{"id":12515,"date":"2025-04-09T11:40:15","date_gmt":"2025-04-09T11:40:15","guid":{"rendered":"https:\/\/www.europesays.com\/fr\/12515\/"},"modified":"2025-04-09T11:40:15","modified_gmt":"2025-04-09T11:40:15","slug":"le-calvados-ressent-deja-les-premiers-effets-du-tour-de-france","status":"publish","type":"post","link":"https:\/\/www.europesays.com\/fr\/12515\/","title":{"rendered":"Le Calvados ressent d\u00e9j\u00e0 les premiers effets du Tour de France"},"content":{"rendered":"<p class=\"paragraph text_align_left\">Dans trois mois, <a href=\"https:\/\/www.leparisien.fr\/sports\/cyclisme\/tour-de-france\/\" target=\"_blank\" rel=\"noreferrer noopener\">le Tour de France<\/a> fera \u00e9tape dans le Calvados. Plut\u00f4t deux fois qu\u2019une avec un contre-la-montre dans et autour de Caen le 9 juillet, puis l\u2019une des plus longues \u00e9tapes de la grande boucle entre Bayeux et Vire le 10. \u00ab On sait pertinemment que le Tour sera un gros succ\u00e8s \u00e0 Caen et que \u00e7a se r\u00e9percutera sur les alentours \u00bb, pose Emmanuelle Hardouin, la directrice de l\u2019office de tourisme de Caen-la-Mer. Et d\u2019illustrer : \u00ab J\u2019\u00e9tais au t\u00e9l\u00e9phone avec un h\u00f4telier, qui recevra deux \u00e9quipes. Ses 55 chambres sont prises. \u00bb<\/p>\n<p class=\"paragraph text_align_left\"><a href=\"https:\/\/www.leparisien.fr\/calvados-14\/on-est-aux-anges-le-tour-de-france-2025-comble-la-normandie-avec-quatre-villes-etapes-30-10-2024-AUQKLT6WZBENXNWJJBOIE4JQW4.php\" target=\"_blank\" rel=\"noreferrer noopener\">Caen b\u00e9n\u00e9ficie du d\u00e9coupage du trac\u00e9 de cette \u00e9dition du Tour<\/a>. Alors que la 4e \u00e9tape arrivera \u00e0 Rouen le 8 juillet, les cyclistes mettront le cap le soir m\u00eame sur la cit\u00e9 de Guillaume Le Conqu\u00e9rant \u00ab pour deux nuit\u00e9es \u00bb, se r\u00e9jouit-on \u00e0 l\u2019office de tourisme. Avant et apr\u00e8s le contre-la-montre du 9. \u00c0 l\u2019issue, une bonne partie des \u00e9quipes de l\u2019\u00e9v\u00e9nement profitera en effet d\u2019un peu de stabilit\u00e9 \u00e0 Caen et se rendra seulement \u00e0 Bayeux le lendemain matin pour la 6e \u00e9tape. Et l\u2019air de rien, \u00ab la caravane du Tour, les \u00e9quipes cyclistes, le staff et les m\u00e9dias remplissent la quasi-totalit\u00e9 des h\u00f4tels \u00bb, d\u00e9crit Emmanuelle Hardouin.<\/p>\n<p>Un engouement d\u00e9j\u00e0 attendu au bord des routes<\/p>\n<p class=\"paragraph text_align_left\">\u00c0 Bayeux et Vire, la donne est un peu diff\u00e9rente, puisque le gros des troupes n\u2019y dormira pas. \u00ab Il n\u2019y a pas d\u2019effets directs pour le moment, mais on aura quand m\u00eame quelques sponsors \u00bb, glisse Philippe Cadet, g\u00e9rant de l\u2019h\u00f4tel Villa Lara et du Domaine de Bayeux.<\/p>\n<p class=\"paragraph text_align_left\">\u00c0 l\u2019autre bout de cette 6e \u00e9tape, \u00ab il y a notamment des \u00e9quipes m\u00e9diatiques, mobilis\u00e9es sur l\u2019arriv\u00e9e \u00e0 Vire, qui dormiront sur place la veille \u00bb, dit-on \u00e0 l\u2019office de tourisme. Qui \u00e9voque aussi des prises de renseignements \u00ab d\u2019une \u00e9quipe n\u00e9erlandaise et de journalistes allemands \u00bb.<\/p>\n<p class=\"paragraph text_align_left\">Outre l\u2019h\u00e9bergement massif de la grosse machine du Tour de France, le Calvados, terre de v\u00e9lo, s\u2019attend \u00e0 un fort engouement au bord des routes. \u00ab On a re\u00e7u des demandes de r\u00e9servation d\u00e8s la semaine de l\u2019annonce du trac\u00e9 \u00bb, t\u00e9moigne Laurent Gouriou, propri\u00e9taire d\u2019un grand g\u00eete pr\u00e8s de Villers-Bocage, \u00e0 quelques encablures du trac\u00e9 de l\u2019\u00e9tape. \u00ab <a href=\"https:\/\/www.leparisien.fr\/calvados-14\/anniversaire-du-debarquement-en-normandie-dans-ces-villages-du-calvados-on-sapprete-a-recevoir-des-milliers-de-visiteurs-23-05-2024-LNGCUUOEKVBGLGP6NM6HYKNHUE.php\" target=\"_blank\" rel=\"noreferrer noopener\">Comme l\u2019ann\u00e9e derni\u00e8re avec le D-Day<\/a>, \u00e7a s\u2019est rempli en moins de deux \u00bb, ajoute-t-il.<\/p>\n<p class=\"paragraph text_align_left\">Un groupe va ainsi occuper les 15 couchages pendant deux semaines. Au programme : les deux \u00e9tapes calvadosiennes et, tant qu\u2019\u00e0 faire, des visites de la r\u00e9gion. C\u2019est aussi la patte de la Grande boucle. Si \u00ab les passionn\u00e9s ont d\u00e9j\u00e0 r\u00e9serv\u00e9 et suivent le Tour d\u2019\u00e9tape en \u00e9tape, d\u2019autres personnes en profitent pour d\u00e9couvrir la Normandie \u00bb, analyse Aur\u00e9lie Patin, directrice de g\u00eetes de France Calvados.<\/p>\n<p>Entre 37 % et 50 % des g\u00eetes d\u00e9j\u00e0 occup\u00e9s<\/p>\n<p class=\"paragraph text_align_left\">Signe que certains ont d\u00e9j\u00e0 boucl\u00e9 la logistique, dans le Bessin, la moiti\u00e9 des g\u00eetes est d\u00e9j\u00e0 occup\u00e9e pour les 8 et 9 juillet. Le chiffre est un peu plus bas sur Caen (40 %) et dans le secteur de Vire (37 %). \u00ab Il faut que le grand public se mette \u00e0 penser aux vacances et au Tour. Il reste du temps pour compl\u00e9ter \u00bb, rappelle Aur\u00e9lie Patin. \u00ab Les g\u00eetes apportent de la souplesse, surtout pour les groupes d\u2019amis et les familles. \u00bb Typiquement, ce sont des profils de spectateurs au bord des routes qui, gr\u00e2ce \u00e0 un spectacle gratuit, ont du budget pour l\u2019h\u00e9bergement et la consommation locale.<\/p>\n<p class=\"paragraph text_align_left\">Plus nomades, il faudra \u00e9galement compter sur les camping-caristes. Du c\u00f4t\u00e9 de Caen-la-Mer, on s\u2019attend \u00e0 ce que les aires d\u2019accueil soient prises d\u2019assaut.<\/p>\n<p class=\"paragraph text_align_left\">Un an apr\u00e8s le 80e anniversaire du D\u00e9barquement et quelques mois apr\u00e8s <a href=\"https:\/\/www.leparisien.fr\/calvados-14\/tout-simplement-magique-caen-fete-son-millenaire-tout-feu-tout-flammes-24-03-2025-KJO6MO7WLBH3XMAPOBODE2S5J4.php\" target=\"_blank\" rel=\"noreferrer noopener\">les images spectaculaires du lancement du Mill\u00e9naire de Caen<\/a>, le passage du Tour offre une nouvelle exposition au territoire. Et s\u2019il ne per\u00e7oit pas encore de retomb\u00e9es, Philippe Cadet, \u00e0 Bayeux, loue \u00ab la belle visibilit\u00e9. Le Tour de France est dans le top 5 des \u00e9v\u00e9nements sportifs les plus regard\u00e9s aux \u00c9tats-Unis. Il y aura des r\u00e9percussions. Nous accueillons une client\u00e8le internationale, alors les effets seront futurs. \u00bb<\/p>\n<p class=\"paragraph text_align_left\">Dans le bocage, Laurent Gouriou y va d\u2019une comparaison pour appuyer l\u2019impact d\u2019une grande exposition : \u00ab <a href=\"https:\/\/www.leparisien.fr\/culture-loisirs\/series\/omar-sy-nous-a-fait-de-la-pub-a-etretat-les-fans-de-lupin-envahissent-la-ville-10-06-2021-GJVGDJEPCVGUZMFRUW7UHEIMEM.php\" target=\"_blank\" rel=\"noreferrer noopener\">La s\u00e9rie Lupin avec Omar Sy<\/a> nous avait amen\u00e9 du monde au g\u00eete ! Tout le monde allait \u00e0 \u00c9tretat sur les lieux de l\u2019histoire ! \u00bb La production audiovisuelle du Tour diffusera elle aussi des images flatteuses du secteur. Pour faire\u2026 et refaire le plein dans les h\u00e9bergements ?<\/p>\n","protected":false},"excerpt":{"rendered":"Dans trois mois, le Tour de France fera \u00e9tape dans le Calvados. Plut\u00f4t deux fois qu\u2019une avec un&hellip;\n","protected":false},"author":2,"featured_media":12516,"comment_status":"","ping_status":"","sticky":false,"template":"","format":"standard","meta":{"footnotes":""},"categories":[4],"tags":[11,5763,459,1011,27,12,25,60],"class_list":{"0":"post-12515","1":"post","2":"type-post","3":"status-publish","4":"format-standard","5":"has-post-thumbnail","7":"category-france","8":"tag-actualites","9":"tag-calvados-14","10":"tag-departements-horsidfo","11":"tag-fr","12":"tag-france","13":"tag-news","14":"tag-republique-francaise","15":"tag-sports"},"share_on_mastodon":{"url":"https:\/\/pubeurope.com\/@fr\/114307820625082844","error":""},"_links":{"self":[{"href":"https:\/\/www.europesays.com\/fr\/wp-json\/wp\/v2\/posts\/12515","targetHints":{"allow":["GET"]}}],"collection":[{"href":"https:\/\/www.europesays.com\/fr\/wp-json\/wp\/v2\/posts"}],"about":[{"href":"https:\/\/www.europesays.com\/fr\/wp-json\/wp\/v2\/types\/post"}],"author":[{"embeddable":true,"href":"https:\/\/www.europesays.com\/fr\/wp-json\/wp\/v2\/users\/2"}],"replies":[{"embeddable":true,"href":"https:\/\/www.europesays.com\/fr\/wp-json\/wp\/v2\/comments?post=12515"}],"version-history":[{"count":0,"href":"https:\/\/www.europesays.com\/fr\/wp-json\/wp\/v2\/posts\/12515\/revisions"}],"wp:featuredmedia":[{"embeddable":true,"href":"https:\/\/www.europesays.com\/fr\/wp-json\/wp\/v2\/media\/12516"}],"wp:attachment":[{"href":"https:\/\/www.europesays.com\/fr\/wp-json\/wp\/v2\/media?parent=12515"}],"wp:term":[{"taxonomy":"category","embeddable":true,"href":"https:\/\/www.europesays.com\/fr\/wp-json\/wp\/v2\/categories?post=12515"},{"taxonomy":"post_tag","embeddable":true,"href":"https:\/\/www.europesays.com\/fr\/wp-json\/wp\/v2\/tags?post=12515"}],"curies":[{"name":"wp","href":"https:\/\/api.w.org\/{rel}","templated":true}]}}