{"id":125162,"date":"2025-05-24T18:43:13","date_gmt":"2025-05-24T18:43:13","guid":{"rendered":"https:\/\/www.europesays.com\/fr\/125162\/"},"modified":"2025-05-24T18:43:13","modified_gmt":"2025-05-24T18:43:13","slug":"les-habitants-choques-apres-un-feu-dans-le-parking-dun-immeuble-pres-de-rouen","status":"publish","type":"post","link":"https:\/\/www.europesays.com\/fr\/125162\/","title":{"rendered":"les habitants choqu\u00e9s apr\u00e8s un feu dans le parking d&rsquo;un immeuble pr\u00e8s de Rouen"},"content":{"rendered":"<p>            Par<br \/>\n        <strong><br \/>\n            <a href=\"https:\/\/actu.fr\/auteur\/eaube\" title=\"Consulter tous les articles de Elo\u00efse Aub\u00e9\" target=\"_blank\" rel=\"noopener\">Elo\u00efse Aub\u00e9<\/a><br \/>\n        <\/strong><\/p>\n<p>        Publi\u00e9 le<\/p>\n<p>            24 mai 2025 \u00e0 18h28        <\/p>\n<p>La journ\u00e9e avait pourtant commenc\u00e9 normalement. Mais aux alentours de 12h, ce samedi 24\u00a0mai 2025, les habitants d\u2019un immeuble situ\u00e9 rue du Panorama \u00e0 Darn\u00e9tal pr\u00e8s de <a href=\"https:\/\/actu.fr\/normandie\/rouen_76540\" target=\"_blank\" rel=\"noopener\">Rouen<\/a> commencent \u00e0 voir \u2013 et \u00e0 sentir \u2013 de la fum\u00e9e. Pour cause\u2009: au rez-de-chauss\u00e9e de l\u2019immeuble, plusieurs <a href=\"https:\/\/actu.fr\/normandie\/darnetal_76212\/plusieurs-voitures-en-feu-non-loin-de-rouen-pres-de-40-pompiers-sur-place_62683423.html\" target=\"_blank\" rel=\"noopener\">voitures stationn\u00e9es dans le parking, sont en feu<\/a>.<\/p>\n<p class=\" wall-content\">Les pompiers interviennent rapidement.\u00a0<\/p>\n<p>Des habitants \u00e9vacu\u00e9s par la grande \u00e9chelle<\/p>\n<p class=\" wall-content\">Aussit\u00f4t, un p\u00e9rim\u00e8tre de s\u00e9curit\u00e9 est mis en place et les habitants sont \u00e9vacu\u00e9s les uns apr\u00e8s les autres. GRDF, Enedis et la police sont \u00e9galement sur les lieux. Myl\u00e8ne, locataire au cinqui\u00e8me \u00e9tage de l\u2019immeuble concern\u00e9, raconte \u00e0 76actu qu\u2019aucune alarme n\u2019a sonn\u00e9. En revanche, elle a commenc\u00e9 \u00e0 voir de la fum\u00e9e appara\u00eetre.<\/p>\n<blockquote class=\"ac-article-quote wall-content\">\n<p>Nous [les habitants] avons tent\u00e9 de descendre de l&rsquo;immeuble mais il y avait trop de fum\u00e9e. Alors, nous avons \u00e9t\u00e9 \u00e9vacu\u00e9s via la grande \u00e9chelle des pompiers. <\/p>\n<p>    <strong>Myl\u00e8ne <\/strong><br \/>\n        habitante de l&rsquo;immeuble    <\/p><\/blockquote>\n<p class=\" wall-content\">\u00ab\u2009Nous sommes tous secou\u00e9s\u2009\u00bb souffle celle qui a trouv\u00e9 refuge chez des amis tandis que d\u2019autres r\u00e9sidents ont \u00e9t\u00e9 mis \u00e0 l\u2019abri dans un gymnase.<\/p>\n<p>    <img   decoding=\"async\" loading=\"lazy\" src=\"https:\/\/www.europesays.com\/fr\/wp-content\/uploads\/2025\/05\/design-sans-titre-11-960x640.jpg\" alt=\"Un incendie est actuellement en cours au niveau du parking d'un immeuble \u00e0 Darn\u00e9tal. \" width=\"960\" height=\"640\"\/><br \/>\n    Un incendie a eu lieu ce samedi 24\u00a0mai 2025 au niveau du parking d\u2019un immeuble \u00e0 Darn\u00e9tal. (\u00a9Photo envoy\u00e9e par un lecteur)Le temps de r\u00e9cup\u00e9rer quelques affaires<\/p>\n<p class=\" wall-content\">Pour les voisins du b\u00e2timent concern\u00e9, la situation est, elle aussi, inhabituelle\u2009: \u00ab\u2009Mon immeuble se trouve juste \u00e0 c\u00f4t\u00e9. C\u2019est tr\u00e8s impressionnant\u2009\u00bb, t\u00e9moigne une voisine.<\/p>\n<p class=\" wall-content\">Toute l\u2019apr\u00e8s-midi, les sapeurs-pompiers sont intervenus pour d\u2019abord \u00e9teindre le feu puis, d\u00e9gager la fum\u00e9e.<\/p>\n<p class=\" wall-content\">Vers 16h, l\u2019op\u00e9ration s\u2019est achev\u00e9e. La police a accompagn\u00e9 les r\u00e9sidents chez eux pour qu\u2019ils puissent r\u00e9cup\u00e9rer quelques affaires. Une solution temporaire de logement leur est propos\u00e9e par le bailleur Habitat76.<\/p>\n<p class=\" wall-content\">Au total, on d\u00e9nombre trois bless\u00e9s l\u00e9gers dont une femme enceinte \u00e2g\u00e9e de 30\u00a0ans.<\/p>\n<p class=\" wall-content\">L\u2019incendie a rendu impossible l\u2019\u00e9vacuation des eaux us\u00e9es de l\u2019ensemble de l\u2019immeuble. La r\u00e9paration sera effectu\u00e9e d\u00e8s lundi.<\/p>\n<p>Suivez l\u2019actualit\u00e9 de Rouen sur notre <a href=\"https:\/\/www.whatsapp.com\/channel\/0029VaKfnf99hXF2ddApFB1D\" target=\"_blank\" rel=\"noopener\">cha\u00eene WhatsApp<\/a> et sur notre <a href=\"https:\/\/www.tiktok.com\/@76actu.fr?lang=fr\" target=\"_blank\" rel=\"noopener\">compte TikTok<\/a><\/p>\n<p class=\" wall-content\">Suivez toute l\u2019actualit\u00e9 de vos villes et m\u00e9dias favoris en vous inscrivant \u00e0 <a href=\"https:\/\/moncompte.actu.fr\" title=\"D\u00e9couvez Mon Actu\" rel=\"nofollow noopener\" data-trk=\"{&quot;cta&quot;:{&quot;action&quot;:&quot;https:\\\/\\\/moncompte.actu.fr&quot;,&quot;category&quot;:&quot;mon compte&quot;,&quot;from&quot;:&quot;article footer&quot;,&quot;name&quot;:&quot;Mon actu&quot;,&quot;type&quot;:&quot;cta&quot;}}\" target=\"_blank\">Mon Actu<\/a>.<\/p>\n<p>                    <script async src=\"\/\/www.tiktok.com\/embed.js\"><\/script><\/p>\n","protected":false},"excerpt":{"rendered":"Par Elo\u00efse Aub\u00e9 Publi\u00e9 le 24 mai 2025 \u00e0 18h28 La journ\u00e9e avait pourtant commenc\u00e9 normalement. Mais aux&hellip;\n","protected":false},"author":2,"featured_media":125163,"comment_status":"","ping_status":"","sticky":false,"template":"","format":"standard","meta":{"footnotes":""},"categories":[9587],"tags":[1111,11,1777,674,118,1011,27,1310,12,5161,1311,25,9590,240],"class_list":{"0":"post-125162","1":"post","2":"type-post","3":"status-publish","4":"format-standard","5":"has-post-thumbnail","7":"category-rouen","8":"tag-actu","9":"tag-actualites","10":"tag-eu","11":"tag-europe","12":"tag-faits-divers","13":"tag-fr","14":"tag-france","15":"tag-incendie","16":"tag-news","17":"tag-normandie","18":"tag-pompiers","19":"tag-republique-francaise","20":"tag-rouen","21":"tag-temoignage"},"share_on_mastodon":{"url":"https:\/\/pubeurope.com\/@fr\/114564288004194396","error":""},"_links":{"self":[{"href":"https:\/\/www.europesays.com\/fr\/wp-json\/wp\/v2\/posts\/125162","targetHints":{"allow":["GET"]}}],"collection":[{"href":"https:\/\/www.europesays.com\/fr\/wp-json\/wp\/v2\/posts"}],"about":[{"href":"https:\/\/www.europesays.com\/fr\/wp-json\/wp\/v2\/types\/post"}],"author":[{"embeddable":true,"href":"https:\/\/www.europesays.com\/fr\/wp-json\/wp\/v2\/users\/2"}],"replies":[{"embeddable":true,"href":"https:\/\/www.europesays.com\/fr\/wp-json\/wp\/v2\/comments?post=125162"}],"version-history":[{"count":0,"href":"https:\/\/www.europesays.com\/fr\/wp-json\/wp\/v2\/posts\/125162\/revisions"}],"wp:featuredmedia":[{"embeddable":true,"href":"https:\/\/www.europesays.com\/fr\/wp-json\/wp\/v2\/media\/125163"}],"wp:attachment":[{"href":"https:\/\/www.europesays.com\/fr\/wp-json\/wp\/v2\/media?parent=125162"}],"wp:term":[{"taxonomy":"category","embeddable":true,"href":"https:\/\/www.europesays.com\/fr\/wp-json\/wp\/v2\/categories?post=125162"},{"taxonomy":"post_tag","embeddable":true,"href":"https:\/\/www.europesays.com\/fr\/wp-json\/wp\/v2\/tags?post=125162"}],"curies":[{"name":"wp","href":"https:\/\/api.w.org\/{rel}","templated":true}]}}