{"id":125170,"date":"2025-05-24T18:48:10","date_gmt":"2025-05-24T18:48:10","guid":{"rendered":"https:\/\/www.europesays.com\/fr\/125170\/"},"modified":"2025-05-24T18:48:10","modified_gmt":"2025-05-24T18:48:10","slug":"edition-charles-hueber-le-maire-oublie-de-strasbourg-communiste-rallie-aux-nazis-2","status":"publish","type":"post","link":"https:\/\/www.europesays.com\/fr\/125170\/","title":{"rendered":"\u00c9dition. Charles Hueber, le maire oubli\u00e9 de Strasbourg, communiste ralli\u00e9 aux nazis"},"content":{"rendered":"<p>Ce 21\u00a0ao\u00fbt 1943 \u00e0 Strasbourg, un cort\u00e8ge fun\u00e8bre part de l\u2019h\u00f4tel de ville, situ\u00e9 place Broglie, alors rebaptis\u00e9e Adolf-Hitler Platz, pour se rendre au cimeti\u00e8re de Cronenbourg. Le corbillard tir\u00e9 par deux chevaux est pr\u00e9c\u00e9d\u00e9 d\u2019hommes en uniformes nazis portant d\u2019imposantes couronnes de fleurs aux rubans orn\u00e9s de croix gamm\u00e9es. Des civils en rangs serr\u00e9s suivent.<\/p>\n<p>Des obs\u00e8ques\u00a0en grande pompe\u00a0qui tiennent de la d\u00e9monstration<\/p>\n<p>Ce d\u00e9ploiement, qui tient de la d\u00e9monstration, tranche avec la quasi-absence de Strasbourgeois &#8211; la guerre est \u00e0 un tournant. Charles Hueber, ancien maire de Strasbourg, vient de d\u00e9c\u00e9der pr\u00e9matur\u00e9ment, \u00e0 63 ans, des suites d\u2019une maladie chronique \ufeffqui l\u2019a emb\u00eat\u00e9 toute sa vie, sans doute un diab\u00e8te.<\/p>\n<p>Parmi les dignitaires pr\u00e9sents dans le cort\u00e8ge, des <a href=\"https:\/\/www.dna.fr\/politique\/2015\/09\/10\/le-sulfureux-episode-des-nanziger\" target=\"_blank\" rel=\"nofollow noopener\">\u00ab\u00a0Kreisleiter\u00a0\u00bb alsaciens<\/a> , promus cadres officiels du parti nazi, Paul Schall \u00e0 Strasbourg, Jean-Pierre Mourer \u00e0 Mulhouse, Ren\u00e9 Hauss \u00e0 Haguenau, Ren\u00e9 Schlegel \u00e0 Saverne\u2026 Tous sont des anciens compagnons de route du d\u00e9funt,&#8230;<\/p>\n","protected":false},"excerpt":{"rendered":"Ce 21\u00a0ao\u00fbt 1943 \u00e0 Strasbourg, un cort\u00e8ge fun\u00e8bre part de l\u2019h\u00f4tel de ville, situ\u00e9 place Broglie, alors rebaptis\u00e9e&hellip;\n","protected":false},"author":2,"featured_media":125171,"comment_status":"","ping_status":"","sticky":false,"template":"","format":"standard","meta":{"footnotes":""},"categories":[2820],"tags":[1111,11,2389,1687,1777,674,107,1011,27,775,937,2410,12,25,104,640],"class_list":{"0":"post-125170","1":"post","2":"type-post","3":"status-publish","4":"format-standard","5":"has-post-thumbnail","7":"category-strasbourg","8":"tag-actu","9":"tag-actualites","10":"tag-alsace","11":"tag-culture-loisirs","12":"tag-eu","13":"tag-europe","14":"tag-fil-info","15":"tag-fr","16":"tag-france","17":"tag-grand-est","18":"tag-histoire","19":"tag-livres-bd","20":"tag-news","21":"tag-republique-francaise","22":"tag-societe","23":"tag-strasbourg"},"share_on_mastodon":{"url":"https:\/\/pubeurope.com\/@fr\/114564307567897366","error":""},"_links":{"self":[{"href":"https:\/\/www.europesays.com\/fr\/wp-json\/wp\/v2\/posts\/125170","targetHints":{"allow":["GET"]}}],"collection":[{"href":"https:\/\/www.europesays.com\/fr\/wp-json\/wp\/v2\/posts"}],"about":[{"href":"https:\/\/www.europesays.com\/fr\/wp-json\/wp\/v2\/types\/post"}],"author":[{"embeddable":true,"href":"https:\/\/www.europesays.com\/fr\/wp-json\/wp\/v2\/users\/2"}],"replies":[{"embeddable":true,"href":"https:\/\/www.europesays.com\/fr\/wp-json\/wp\/v2\/comments?post=125170"}],"version-history":[{"count":0,"href":"https:\/\/www.europesays.com\/fr\/wp-json\/wp\/v2\/posts\/125170\/revisions"}],"wp:featuredmedia":[{"embeddable":true,"href":"https:\/\/www.europesays.com\/fr\/wp-json\/wp\/v2\/media\/125171"}],"wp:attachment":[{"href":"https:\/\/www.europesays.com\/fr\/wp-json\/wp\/v2\/media?parent=125170"}],"wp:term":[{"taxonomy":"category","embeddable":true,"href":"https:\/\/www.europesays.com\/fr\/wp-json\/wp\/v2\/categories?post=125170"},{"taxonomy":"post_tag","embeddable":true,"href":"https:\/\/www.europesays.com\/fr\/wp-json\/wp\/v2\/tags?post=125170"}],"curies":[{"name":"wp","href":"https:\/\/api.w.org\/{rel}","templated":true}]}}