{"id":125174,"date":"2025-05-24T18:50:09","date_gmt":"2025-05-24T18:50:09","guid":{"rendered":"https:\/\/www.europesays.com\/fr\/125174\/"},"modified":"2025-05-24T18:50:09","modified_gmt":"2025-05-24T18:50:09","slug":"une-centaine-de-participants-a-la-marche-pour-la-defense-des-droits-des-enfants-a-nice","status":"publish","type":"post","link":"https:\/\/www.europesays.com\/fr\/125174\/","title":{"rendered":"Une centaine de participants \u00e0 la marche pour la d\u00e9fense des droits des enfants \u00e0 Nice"},"content":{"rendered":"<p>\u00ab\u00a0Ecouter les enfants, c\u2019est le premier pas pour les prot\u00e9ger.\u00a0\u00bb \u00ab\u00a0Je te vois, je te crois, je suis l\u00e0.\u00a0\u00bb Voici quelques-uns des slogans brandis samedi 24 mai 2025 par la centaine de participants \u00e0 la marche pour l\u2019enfance et la jeunesse organis\u00e9e entre la place Mass\u00e9na et le palais de justice de Nice. Ce point d\u2019arriv\u00e9e est hautement symbolique \u00ab\u00a0parce qu\u2019un enfant sur dix est victime de violences sexuelles et 94% des dossiers class\u00e9s sans suite\u00a0\u00bb, relate Audrey-Laure Drissens, b\u00e9n\u00e9vole au sein de l\u2019association Les Petits Invincibles.<\/p>\n<p>Sa pr\u00e9sidente, Anne-C\u00e9cile Collet, a \u00ab\u00a0voulu participer \u00e0 cette mobilisation nationale, lanc\u00e9e en 2024 \u00e0 Paris. C\u2019est la premi\u00e8re fois qu\u2019elle se d\u00e9roule \u00e0 Nice. Nous aurions voulu qu\u2019il y ait davantage de participants mais c\u2019est tr\u00e8s difficile de mobiliser sur ce sujet. Il fait peur et tant que les gens ne sont pas touch\u00e9s de pr\u00e8s ou de loin, ils ont du mal \u00e0 s\u2019investir. C\u2019est la raison pour laquelle il est important d\u2019\u00eatre visibles, de communiquer et d\u2019informer la population. Il manquait un \u00e9v\u00e9nement public f\u00e9d\u00e9rateur pour construire une soci\u00e9t\u00e9 plus inclusive et bientraitante.\u00a0\u00bb<\/p>\n<p><b>\u00ab\u00a0Ayez le courage de relayer notre message\u00a0\u00bb<\/b><\/p>\n<p>La Ville s\u2019est associ\u00e9e \u00e0 la d\u00e9marche. \u00ab\u00a0Des affiches sont coll\u00e9es dans toutes les \u00e9coles de Nice pr\u00e9sentant les droits des enfants afin qu\u2019ils les connaissent et qu\u2019ils sachent que les adultes doivent les respecter\u00a0\u00bb, indique Marie-Pierre Lazard, conseill\u00e8re municipale subd\u00e9l\u00e9gu\u00e9e au label Ville amie des enfants et avocate. \u00ab\u00a0Il ya eu des progr\u00e8s mais il reste encore \u00e9norm\u00e9ment \u00e0 faire.\u00a0\u00bb<\/p>\n<p>Comme en \u00e9cho \u00e0 ces propos, une petite fille v\u00eatue d\u2019une robe rose bonbon brandit au-dessus de sa t\u00eate un \u00e9criteau \u00ab\u00a0on doit nous croire\u00a0\u00bb. Dans le cort\u00e8ge, des familles, des bambins, des ados avancent au rythme des percussions du groupe ni\u00e7ois Baticauda.<\/p>\n<p>\u00ab\u00a0Nous sommes rassembl\u00e9s pour marcher contre les agressions sexuelles sur enfant, contre le harc\u00e8lement, contre les violences \u00e9ducatives, contre les douches froides, contre les br\u00fblures de cigarette, contre les mutilations g\u00e9nitales, contre la domination, contre la p\u00e9dopornographie criminelle, contre la prostitution des mineurs, contre la prise en otage des bambins lors d\u2019un divorce, contre l\u2019impunit\u00e9, contre les infanticides (&#8230;), harangue Audrey-Laure Drissens. Ayez le courage de relayer notre message, ayez le courage de remettre en question ce qui pose probl\u00e8me. Agissons ensemble, prot\u00e9geons-les!\u00a0\u00bb<\/p>\n","protected":false},"excerpt":{"rendered":"\u00ab\u00a0Ecouter les enfants, c\u2019est le premier pas pour les prot\u00e9ger.\u00a0\u00bb \u00ab\u00a0Je te vois, je te crois, je suis&hellip;\n","protected":false},"author":2,"featured_media":125175,"comment_status":"","ping_status":"","sticky":false,"template":"","format":"standard","meta":{"footnotes":""},"categories":[2819],"tags":[1111,11,1777,674,1011,27,12,2401,882,25,3366],"class_list":{"0":"post-125174","1":"post","2":"type-post","3":"status-publish","4":"format-standard","5":"has-post-thumbnail","7":"category-nice","8":"tag-actu","9":"tag-actualites","10":"tag-eu","11":"tag-europe","12":"tag-fr","13":"tag-france","14":"tag-news","15":"tag-nice","16":"tag-provence-alpes-cote-dazur","17":"tag-republique-francaise","18":"tag-vie-locale"},"share_on_mastodon":{"url":"https:\/\/pubeurope.com\/@fr\/114564315424776851","error":""},"_links":{"self":[{"href":"https:\/\/www.europesays.com\/fr\/wp-json\/wp\/v2\/posts\/125174","targetHints":{"allow":["GET"]}}],"collection":[{"href":"https:\/\/www.europesays.com\/fr\/wp-json\/wp\/v2\/posts"}],"about":[{"href":"https:\/\/www.europesays.com\/fr\/wp-json\/wp\/v2\/types\/post"}],"author":[{"embeddable":true,"href":"https:\/\/www.europesays.com\/fr\/wp-json\/wp\/v2\/users\/2"}],"replies":[{"embeddable":true,"href":"https:\/\/www.europesays.com\/fr\/wp-json\/wp\/v2\/comments?post=125174"}],"version-history":[{"count":0,"href":"https:\/\/www.europesays.com\/fr\/wp-json\/wp\/v2\/posts\/125174\/revisions"}],"wp:featuredmedia":[{"embeddable":true,"href":"https:\/\/www.europesays.com\/fr\/wp-json\/wp\/v2\/media\/125175"}],"wp:attachment":[{"href":"https:\/\/www.europesays.com\/fr\/wp-json\/wp\/v2\/media?parent=125174"}],"wp:term":[{"taxonomy":"category","embeddable":true,"href":"https:\/\/www.europesays.com\/fr\/wp-json\/wp\/v2\/categories?post=125174"},{"taxonomy":"post_tag","embeddable":true,"href":"https:\/\/www.europesays.com\/fr\/wp-json\/wp\/v2\/tags?post=125174"}],"curies":[{"name":"wp","href":"https:\/\/api.w.org\/{rel}","templated":true}]}}