{"id":125176,"date":"2025-05-24T18:51:09","date_gmt":"2025-05-24T18:51:09","guid":{"rendered":"https:\/\/www.europesays.com\/fr\/125176\/"},"modified":"2025-05-24T18:51:09","modified_gmt":"2025-05-24T18:51:09","slug":"david-lisnard-espere-que-la-justice-se-montrera-intransigeante","status":"publish","type":"post","link":"https:\/\/www.europesays.com\/fr\/125176\/","title":{"rendered":"David Lisnard esp\u00e8re que la justice se montrera \u00abintransigeante\u00bb"},"content":{"rendered":"<p>                             Par Madeleine Meteyer<\/p>\n<p>                Il y a 2 heures<\/p>\n<p>\u00a0\u00bb<br \/>\n        data-script=\u00a0\u00bbhttps:\/\/static.lefigaro.fr\/widget-video\/short-ttl\/video\/index.js\u00a0\u00bb<br \/>\n    &gt;<\/p>\n<p>David Lisnard, maire LR de Cannes, se dit tr\u00e8s en col\u00e8re apr\u00e8s la panne g\u00e9ante qui s\u2019est produite ce samedi.<\/p>\n<p class=\"fig-paragraph\">\u00abCe matin, tout \u00e9tait normal, on avait de l\u2019\u00e9lectricit\u00e9 dans tous les quartiers\u00bb, raconte David Lisnard, le maire de Cannes, au Figaro alors que l\u2019\u00e9lectricit\u00e9 est revenue dans les Alpes Maritimes apr\u00e8s\u00a0<a href=\"http:\/\/www.lefigaro.fr\/flash-eco\/l-ouest-des-alpes-maritimes-touche-par-une-panne-d-electricite-20250524\" data-fig-type=\"NewsFlash\" data-gtm-custom-categorie=\"navigation\" data-gtm-custom-action=\"crossclick\" data-gtm-custom-label=\"Contextuel\" data-gtm-event=\"customEventSPE\" data-fig-domain=\"LEFIGARO\" rel=\"nofollow noopener\" target=\"_blank\">la panne g\u00e9ante d\u2019origine criminelle qui a frapp\u00e9 le r\u00e9seau Enedis ce samedi<\/a>. Sa ville, occup\u00e9e par la derni\u00e8re journ\u00e9e du\u00a0<a href=\"http:\/\/www.lefigaro.fr\/festival-de-cannes\/cannes-2025-le-bulletin-de-notes-des-22-films-en-lice-pour-la-palme-d-or-du-zero-pointe-aux-felicitations-du-jury-20250524\" data-fig-type=\"Article\" data-gtm-custom-categorie=\"navigation\" data-gtm-custom-action=\"crossclick\" data-gtm-custom-label=\"Contextuel\" data-gtm-event=\"customEventSPE\" data-fig-domain=\"LEFIGARO\" rel=\"nofollow noopener\" target=\"_blank\">Festival<\/a>, brasse \u00e0 cette saison une foule de touristes. En milieu de matin\u00e9e, la c\u00e9l\u00e8bre horloge de la ville s\u2019est fig\u00e9e sur 10h02, les croix des pharmacies, les \u00e9crans dans les gares et les feux tricolores se sont \u00e9teints. Dans le Palais des Festivals o\u00f9 \u00e9taient diffus\u00e9s\u00a0<a href=\"http:\/\/www.lefigaro.fr\/festival-de-cannes\/cannes-2025-trois-favoris-emergent-d-une-edition-brouillone-avec-des-films-clivants-et-des-deceptions-en-pagaille-20250524\" data-fig-type=\"Article\" data-gtm-custom-categorie=\"navigation\" data-gtm-custom-action=\"crossclick\" data-gtm-custom-label=\"Contextuel\" data-gtm-event=\"customEventSPE\" data-fig-domain=\"LEFIGARO\" rel=\"nofollow noopener\" target=\"_blank\">les derniers films de la comp\u00e9tition<\/a>, le noir s\u2019est fait. Au m\u00eame moment, partout dans le d\u00e9partement, le courant disjonctait dans 160.000 foyers.<\/p>\n<p class=\"fig-paragraph\">Dans un communiqu\u00e9 publi\u00e9 vers 16h ce samedi, l\u2019\u00e9lu LR a d\u00e9plor\u00e9 un \u00abgros pr\u00e9judice pour les commer\u00e7ants en plein Festival, notamment les restaurants au vu de l\u2019horaire\u00bb mais aussi les \u00abretards de cr\u00e9mations au Cr\u00e9matorium, probl\u00e8mes de s\u00e9curit\u00e9, de logistique urbaine, de circulation (que la Police Municipale a d\u00fb assurer au sifflet), etc.\u00bb L\u2019\u00e9dile a confirm\u00e9 les informations selon lesquelles le poste principal \u00e9lectrique du secteur de Saint-Cassien qui alimente l\u2019extr\u00eame-est du Var et une grande partie de l\u2019ouest des Alpes-Maritimes a \u00e9t\u00e9 victime d\u2019un incendie criminel. \u00c0 ce sujet, une source proche du dossier a confi\u00e9 au Figaro que la cl\u00f4ture d\u2019enceinte de la centrale avait \u00e9t\u00e9 d\u00e9coup\u00e9e. Une enqu\u00eate a \u00e9t\u00e9 ouverte.<\/p>\n<p class=\"fig-paragraph\">David Lisnard a d\u00e9taill\u00e9 la mani\u00e8re dont son \u00e9quipe a pris la situation en mains. \u00abNous avons activ\u00e9 des groupes \u00e9lectrog\u00e8nes sur des \u00e9quipements strat\u00e9giques (cr\u00e9matorium et autres sites de sant\u00e9), contact\u00e9 les personnes fragiles, r\u00e9pondu aux probl\u00e8mes de personnes bloqu\u00e9es dans des ascenseurs (dont des enfants) ou des parkings, mobilis\u00e9 des \u00e9quipes municipales pour effectuer de larges tourn\u00e9es de terrain, dans tous les quartiers\u00bb. Dans la chute de sa publication, il esp\u00e8re que \u00ables auteurs (et leurs \u00e9ventuels complices en interne) seront retrouv\u00e9s et sanctionn\u00e9s lourdement par la Justice.\u00bb <\/p>\n","protected":false},"excerpt":{"rendered":"Par Madeleine Meteyer Il y a 2 heures \u00a0\u00bb data-script=\u00a0\u00bbhttps:\/\/static.lefigaro.fr\/widget-video\/short-ttl\/video\/index.js\u00a0\u00bb &gt; David Lisnard, maire LR de Cannes, se&hellip;\n","protected":false},"author":2,"featured_media":125177,"comment_status":"","ping_status":"","sticky":false,"template":"","format":"standard","meta":{"footnotes":""},"categories":[2819],"tags":[1111,11,2898,2829,7306,2971,2972,2973,2974,1777,674,2975,1011,27,2969,2970,2987,2980,12,2401,2897,2976,2977,2978,2985,2986,2979,2981,2982,2983,2984,2991,2992,2993,2994,2996,2997,2998,2999,3000,3001,3002,2995,3003,3004,3005,3007,2268,882,25,2988,2989,2990,2968,3006],"class_list":{"0":"post-125176","1":"post","2":"type-post","3":"status-publish","4":"format-standard","5":"has-post-thumbnail","7":"category-nice","8":"tag-actu","9":"tag-actualites","10":"tag-alpes-maritimes","11":"tag-baumettes","12":"tag-cannes","13":"tag-carabacel","14":"tag-caucade","15":"tag-cimiez","16":"tag-cremat","17":"tag-eu","18":"tag-europe","19":"tag-fabron","20":"tag-fr","21":"tag-france","22":"tag-larenas","23":"tag-lariane","24":"tag-le-ray","25":"tag-lingostiere","26":"tag-news","27":"tag-nice","28":"tag-nice-cote-dazur","29":"tag-nice-gairaut","30":"tag-nice-gambetta","31":"tag-nice-jean-medecin","32":"tag-nice-le-piol","33":"tag-nice-le-port","34":"tag-nice-liberation","35":"tag-nice-magnan","36":"tag-nice-mantega-mont-boron","37":"tag-nice-pasteur","38":"tag-nice-pessicart","39":"tag-nice-rue-de-france","40":"tag-nice-saint-antoine","41":"tag-nice-saint-augustin","42":"tag-nice-saint-isidore","43":"tag-nice-saint-maurice","44":"tag-nice-saint-pancrace","45":"tag-nice-saint-philippe","46":"tag-nice-saint-pierre-de-feric","47":"tag-nice-saint-roch","48":"tag-nice-saint-roman-de-bellet","49":"tag-nice-saint-sylvestre","50":"tag-nice-sainte-marguerite","51":"tag-nice-thiers","52":"tag-nice-ventabrun","53":"tag-nice-vernier","54":"tag-nice-vinaigrier","55":"tag-ogc-nice","56":"tag-provence-alpes-cote-dazur","57":"tag-republique-francaise","58":"tag-rimiez","59":"tag-riquier","60":"tag-roquebilliere","61":"tag-sud-est","62":"tag-vieux-nice"},"share_on_mastodon":{"url":"","error":"Validation failed: Text character limit of 500 exceeded"},"_links":{"self":[{"href":"https:\/\/www.europesays.com\/fr\/wp-json\/wp\/v2\/posts\/125176","targetHints":{"allow":["GET"]}}],"collection":[{"href":"https:\/\/www.europesays.com\/fr\/wp-json\/wp\/v2\/posts"}],"about":[{"href":"https:\/\/www.europesays.com\/fr\/wp-json\/wp\/v2\/types\/post"}],"author":[{"embeddable":true,"href":"https:\/\/www.europesays.com\/fr\/wp-json\/wp\/v2\/users\/2"}],"replies":[{"embeddable":true,"href":"https:\/\/www.europesays.com\/fr\/wp-json\/wp\/v2\/comments?post=125176"}],"version-history":[{"count":0,"href":"https:\/\/www.europesays.com\/fr\/wp-json\/wp\/v2\/posts\/125176\/revisions"}],"wp:featuredmedia":[{"embeddable":true,"href":"https:\/\/www.europesays.com\/fr\/wp-json\/wp\/v2\/media\/125177"}],"wp:attachment":[{"href":"https:\/\/www.europesays.com\/fr\/wp-json\/wp\/v2\/media?parent=125176"}],"wp:term":[{"taxonomy":"category","embeddable":true,"href":"https:\/\/www.europesays.com\/fr\/wp-json\/wp\/v2\/categories?post=125176"},{"taxonomy":"post_tag","embeddable":true,"href":"https:\/\/www.europesays.com\/fr\/wp-json\/wp\/v2\/tags?post=125176"}],"curies":[{"name":"wp","href":"https:\/\/api.w.org\/{rel}","templated":true}]}}