{"id":125182,"date":"2025-05-24T18:55:09","date_gmt":"2025-05-24T18:55:09","guid":{"rendered":"https:\/\/www.europesays.com\/fr\/125182\/"},"modified":"2025-05-24T18:55:09","modified_gmt":"2025-05-24T18:55:09","slug":"a-bordeaux-le-sacre-et-la-gloire","status":"publish","type":"post","link":"https:\/\/www.europesays.com\/fr\/125182\/","title":{"rendered":"\u00e0 Bordeaux, le sacre et la gloire"},"content":{"rendered":"<p>            Par<br \/>\n        <strong><br \/>\n            <a href=\"https:\/\/actu.fr\/auteur\/anthony-tallieu-actu-fr\" title=\"Consulter tous les articles de Anthony Tallieu\" target=\"_blank\" rel=\"noopener\">Anthony Tallieu<\/a><br \/>\n        <\/strong><\/p>\n<p>        Publi\u00e9 le<\/p>\n<p>            24 mai 2025 \u00e0 20h48        <\/p>\n<p>L\u2019U<strong>nion Bordeaux B\u00e8gles<\/strong> a glan\u00e9 ce samedi \u00e0 Cardiff contre Northampton (28-20) la <strong><a href=\"https:\/\/actu.fr\/sports\/rugby\/coupe-deurope\/champions-cup-bordeaux-realise-son-reve-europeen-ce-qui-nous-a-plu-et-deplu_62683809.html\" target=\"_blank\" rel=\"noopener\">Champions Cup<\/a><\/strong> et par la m\u00eame occasion le premier troph\u00e9e depuis sa cr\u00e9ation en 2006. Une distinction qui s\u2019accompagne d\u2019autres fiert\u00e9s, \u00e0 la fois collectives et individuelles.<\/p>\n<p>Au moins quatre essais par match pour Bordeaux<\/p>\n<p class=\" wall-content\">En finale, l\u2019UBB n\u2019a pas fait preuve d\u2019un r\u00e9alisme fou, g\u00e2chant nombre de munitions qui auraient d\u00fb lui permettre d\u2019avoir plus de marge face aux Saints. Qu\u2019importe, elle a gagn\u00e9, marquant tout de m\u00eame quatre essais. Un bonus offensif symbolique qu\u2019elle a aussi d\u00e9croch\u00e9 dans chacun de ses matchs de phase finale europ\u00e9enne, comme elle avait d\u00e9j\u00e0 su le prendre, de fa\u00e7on concr\u00e8te cette fois, contre tous ses adversaires en poule. L\u2019illustration d\u2019une puissance de feu offensive qui lui a permis de mettre l\u2019Europe \u00e0 ses pieds cette saison.<\/p>\n<p class=\" wall-content\">\n<p>La France encore \u00e0 l\u2019honneur<\/p>\n<p class=\" wall-content\">Il y a des habitudes qu\u2019on aimerait voir perdurer longtemps. Pour ce qui est de la Champions Cup, voir chaque ann\u00e9e un club fran\u00e7ais la soulever demeure une fiert\u00e9 nationale. C\u2019est le cas depuis 2021 et le sacre du Stade toulousain, qui avait mis fin cette saison-l\u00e0 \u00e0 5 ans de disette. Depuis, le Stade rochelais l\u2019a gagn\u00e9e deux fois d\u2019affil\u00e9e (2022, 2023) et Toulouse a repris son bien l\u2019an dernier (2024).\u00a0<\/p>\n<p class=\" wall-content\">Ce 24 mai 2025, l\u2019UBB a perp\u00e9tr\u00e9 cette belle tendance en ramenant la coupe dans l\u2019Hexagone pour la cinqui\u00e8me fois d\u2019affil\u00e9e. On peut donc bien parler d\u2019h\u00e9g\u00e9monie fran\u00e7aise dans la plus prestigieuse des comp\u00e9titions europ\u00e9ennes.<\/p>\n<p class=\" wall-content\">\n<p>Penaud fils apr\u00e8s Penaud p\u00e8re<\/p>\n<p class=\" wall-content\">Damian Penaud avait d\u00e9j\u00e0 connu l\u2019ivresse d\u2019un sacre en club. Il avait en effet soulev\u00e9 le Bouclier de Brennus avec Clermont en 2017, aux pr\u00e9mices de sa carri\u00e8re. Le voil\u00e0 d\u00e9sormais champion d\u2019Europe, 18 ans apr\u00e8s Alain, son papa, qui avait remport\u00e9 le troph\u00e9e avec Brive en 1997. Chez les Penaud, le succ\u00e8s est bien une affaire de g\u00eanes.<\/p>\n<p class=\" wall-content\">Un nouveau point commun familial f\u00eat\u00e9 avec les honneurs puisque Penaud fils a inscrit le total stratosph\u00e9rique de 14 essais dans cette comp\u00e9tition cette saison. Le genre de record qui peut rester dans la famille un bon moment.<\/p>\n<p>Vid\u00e9os : en ce moment sur ActuLe porte-bonheur Reti\u00e8re<\/p>\n<p class=\" wall-content\">Si Bordeaux n\u2019avait jamais atteint ce stade de la comp\u00e9tition, Arthur Reti\u00e8re, entr\u00e9 en jeu en cours de match samedi contre les Saints, avait une exp\u00e9rience plut\u00f4t solide de l\u2019\u00e9v\u00e9nement. L\u2019ailier polyvalent avait en effet d\u00e9j\u00e0 remport\u00e9 la Champions Cup deux fois : en 2022 avec La Rochelle et l\u2019an dernier avec Toulouse.<\/p>\n<p class=\" wall-content\">Cela fait trois depuis samedi et si d\u2019autres joueurs dans l\u2019histoire ont d\u00e9j\u00e0 atteint ce total, il est en revanche le premier \u00e0 le faire avec trois maillots diff\u00e9rents. Avis aux autres clubs ambitieux sur la sc\u00e8ne europ\u00e9enne, on tient l\u00e0 un sacr\u00e9 porte-bonheur !<\/p>\n<p class=\" wall-content\">Suivez toute l\u2019actualit\u00e9 de vos villes et m\u00e9dias favoris en vous inscrivant \u00e0 <a href=\"https:\/\/moncompte.actu.fr\" title=\"D\u00e9couvez Mon Actu\" rel=\"nofollow noopener\" data-trk=\"{&quot;cta&quot;:{&quot;action&quot;:&quot;https:\\\/\\\/moncompte.actu.fr&quot;,&quot;category&quot;:&quot;mon compte&quot;,&quot;from&quot;:&quot;article footer&quot;,&quot;name&quot;:&quot;Mon actu&quot;,&quot;type&quot;:&quot;cta&quot;}}\" target=\"_blank\">Mon Actu<\/a>.<\/p>\n<ul class=\"ac-article-tag wall-content\">\n<li><a href=\"https:\/\/actu.fr\/tag\/usb-union-bordeaux-begles\" data-trk=\"{&quot;cta&quot;:{&quot;action&quot;:&quot;UBB Union Bordeaux B\\u00e8gles&quot;,&quot;category&quot;:&quot;tag&quot;,&quot;from&quot;:&quot;article footer&quot;,&quot;name&quot;:&quot;UBB Union Bordeaux B\\u00e8gles&quot;,&quot;type&quot;:&quot;cta&quot;}}\" target=\"_blank\" rel=\"noopener\">#UBB Union Bordeaux B\u00e8gles<\/a><\/li>\n<\/ul>\n","protected":false},"excerpt":{"rendered":"Par Anthony Tallieu Publi\u00e9 le 24 mai 2025 \u00e0 20h48 L\u2019Union Bordeaux B\u00e8gles a glan\u00e9 ce samedi \u00e0&hellip;\n","protected":false},"author":2,"featured_media":125183,"comment_status":"","ping_status":"","sticky":false,"template":"","format":"standard","meta":{"footnotes":""},"categories":[2817],"tags":[1111,11,1997,1089,1777,674,1011,27,12,2219,25,479,60,4435],"class_list":{"0":"post-125182","1":"post","2":"type-post","3":"status-publish","4":"format-standard","5":"has-post-thumbnail","7":"category-bordeaux","8":"tag-actu","9":"tag-actualites","10":"tag-bordeaux","11":"tag-coupe-deurope","12":"tag-eu","13":"tag-europe","14":"tag-fr","15":"tag-france","16":"tag-news","17":"tag-nouvelle-aquitaine","18":"tag-republique-francaise","19":"tag-rugby","20":"tag-sports","21":"tag-ubb-union-bordeaux-begles"},"share_on_mastodon":{"url":"https:\/\/pubeurope.com\/@fr\/114564335990716320","error":""},"_links":{"self":[{"href":"https:\/\/www.europesays.com\/fr\/wp-json\/wp\/v2\/posts\/125182","targetHints":{"allow":["GET"]}}],"collection":[{"href":"https:\/\/www.europesays.com\/fr\/wp-json\/wp\/v2\/posts"}],"about":[{"href":"https:\/\/www.europesays.com\/fr\/wp-json\/wp\/v2\/types\/post"}],"author":[{"embeddable":true,"href":"https:\/\/www.europesays.com\/fr\/wp-json\/wp\/v2\/users\/2"}],"replies":[{"embeddable":true,"href":"https:\/\/www.europesays.com\/fr\/wp-json\/wp\/v2\/comments?post=125182"}],"version-history":[{"count":0,"href":"https:\/\/www.europesays.com\/fr\/wp-json\/wp\/v2\/posts\/125182\/revisions"}],"wp:featuredmedia":[{"embeddable":true,"href":"https:\/\/www.europesays.com\/fr\/wp-json\/wp\/v2\/media\/125183"}],"wp:attachment":[{"href":"https:\/\/www.europesays.com\/fr\/wp-json\/wp\/v2\/media?parent=125182"}],"wp:term":[{"taxonomy":"category","embeddable":true,"href":"https:\/\/www.europesays.com\/fr\/wp-json\/wp\/v2\/categories?post=125182"},{"taxonomy":"post_tag","embeddable":true,"href":"https:\/\/www.europesays.com\/fr\/wp-json\/wp\/v2\/tags?post=125182"}],"curies":[{"name":"wp","href":"https:\/\/api.w.org\/{rel}","templated":true}]}}