{"id":125188,"date":"2025-05-24T18:58:29","date_gmt":"2025-05-24T18:58:29","guid":{"rendered":"https:\/\/www.europesays.com\/fr\/125188\/"},"modified":"2025-05-24T18:58:29","modified_gmt":"2025-05-24T18:58:29","slug":"roubaix-ancre-la-memoire-dans-lespace-public","status":"publish","type":"post","link":"https:\/\/www.europesays.com\/fr\/125188\/","title":{"rendered":"Roubaix ancre la m\u00e9moire dans l&rsquo;espace public"},"content":{"rendered":"<p class=\"introduction\">Une c\u00e9r\u00e9monie sobre et \u00e9mouvante s\u2019est tenue \u00e0 Roubaix le 22 mai 2025. Plusieurs Stolpersteine ont \u00e9t\u00e9 pos\u00e9s par l\u2019association LILLE FIVES 1942. Ces pav\u00e9s rendent hommage \u00e0 la famille de Lili Keller-Rosenberg , dite Lili Leignel, roubaisienne d\u00e9port\u00e9e pendant la Seconde Guerre mondiale. Leur m\u00e9moire refait aujourd\u2019hui surface dans l\u2019espace public.<\/p>\n<p>Entour\u00e9e d\u2019\u00e9lus, d\u2019\u00e9l\u00e8ves et de membres d\u2019associations, la c\u00e9r\u00e9monie s\u2019est ouverte dans une atmosph\u00e8re charg\u00e9e d\u2019\u00e9motion. \u00ab\u00a0Honor\u00e9e de votre pr\u00e9sence, sur le sol m\u00eame de votre ville\u00a0\u00bb, a d\u00e9clar\u00e9 Guillaume Delbar, maire de Roubaix \u00e0 Lili Keller-Rosenberg, rescap\u00e9e des camps de concentration, pr\u00e9sente lors de la pose des Stolpersteine d\u00e9di\u00e9s \u00e0 sa famille. Ces pav\u00e9s dor\u00e9s, plac\u00e9s devant leur dernier domicile roubaisien, deviennent d\u00e9sormais un lieu de m\u00e9moire permanent.<\/p>\n<p>Les Stolpersteine, \u0153uvres de l\u2019artiste allemand\u00a0Gunter Demnig, sont bien plus que de simples pav\u00e9s : ils\u00a0racontent l\u2019histoire de personnes pers\u00e9cut\u00e9es\u00a0\u2013 leur nom, leur date de naissance et \u00a0leur destin sont grav\u00e9s dans le m\u00e9tal et dans la pierre, visibles de tous, dans l\u2019espace public.<\/p>\n<p class=\"title\">Histoire de la famille Rosenberg<\/p>\n<p>Lili Leignel, ou Lili Keller-Rosenberg, est n\u00e9e le 15 septembre 1932 \u00e0 Croix, d\u2019une famille d\u2019ascendance juive hongroise qui avait fui les pers\u00e9cutions antis\u00e9mites en Hongrie.<\/p>\n<p>Lors de la Seconde guerre mondiale, elle et ses fr\u00e8res (Robert et Andr\u00e9) sont cach\u00e9s dans diff\u00e9rentes familles de Tourcoing jusqu\u2019en 1943 avant de revenir vivre avec leurs parents (Charlotte et Joseph), pensant le danger \u00e9cart\u00e9. Le 27 octobre 1943, la famille est rafl\u00e9e dans la maison au 42 boulevard d\u2019Armenti\u00e8res. Elle n\u2019est alors \u00e2g\u00e9e que de 11 ans, son fr\u00e8re Robert de 9 ans et demi et son autre fr\u00e8re Andr\u00e9 3 ans et demi. Ils sont alors transf\u00e9r\u00e9s de la prison de Loos, \u00e0 la prison Saint-Gilles de Bruxelles, au Camp de rassemblement de Malines.<\/p>\n<p>La famille y est s\u00e9par\u00e9e : le p\u00e8re est envoy\u00e9 \u00e0 Buchenwald, la m\u00e8re et ses trois enfants sont transf\u00e9r\u00e9s \u00e0 Ravensbr\u00fcck puis, au d\u00e9but de 1945, \u00e0 Bergen-Belsen. Ils seront lib\u00e9r\u00e9s par l\u2019arm\u00e9e britannique, le 15 avril 1945, les trois enfants sont rapatri\u00e9s jusqu\u2019\u00e0 Paris. Les enfants sont pris en charge par leur tante. Ils retrouveront ensuite leur m\u00e8re, vivante mais tr\u00e8s affaiblie par le typhus, et apprendront que leur p\u00e8re a \u00e9t\u00e9 fusill\u00e9 en avril 1945 \u00e0 Buchenwald.<\/p>\n<p>Les \u00e9l\u00e8ves de l\u2019\u00e9cole Voltaire-Diderot\u00a0ont lu la\u00a0biographie de la famille, pr\u00e9par\u00e9e dans le cadre d\u2019un travail p\u00e9dagogique sur la m\u00e9moire. Tr\u00e8s \u00e9mue par leur engagement,\u00a0Lili Leignel, figure de la m\u00e9moire, a d\u00e9clar\u00e9, \u00ab\u00a0Un grand jour, un grand honneur. Je suis si fi\u00e8re de cette c\u00e9r\u00e9monie que personne n\u2019oubliera jamais.\u00a0\u00bb Elle a aussi rappel\u00e9 l\u2019urgence de la transmission, \u00ab\u00a0[\u2026] J\u2019ai compris qu\u2019il fallait en parler constamment. Plus jamais cela\u2026\u00a0\u00bb Et dans un message porteur d\u2019espoir, elle a ajout\u00e9, \u00ab\u00a0Un jour viendra [\u2026] apr\u00e8s moi, d\u2019autres r\u00e9pandront la bonne nouvelle. Il faut de la tol\u00e9rance. C\u2019est ce qui fait que je t\u00e9moigne sans fin.\u00a0Avec cette c\u00e9r\u00e9monie, on n\u2019oubliera plus jamais\u00a0\u00bb, a confi\u00e9 Lili, tr\u00e8s \u00e9mue.<\/p>\n<p>\u00c0 travers cette pierre, c\u2019est la m\u00e9moire\u00a0d\u2019une famille, d\u2019une ville, et de toutes les victimes oubli\u00e9es de l\u2019Histoire\u00a0qui ressurgit et s\u2019inscrit, pour toujours, dans le paysage roubaisien.<\/p>\n<p>Une fresque dans son \u00e9cole d\u2019enfance<\/p>\n<p dir=\"ltr\">Dans les archives de l\u2019\u00e9cole Voltaire, o\u00f9 elle \u00e9tait rentr\u00e9e \u00e0 l\u2019\u00e2ge de 6 ans, les enseignants ont laiss\u00e9, en juillet 1943, une appr\u00e9ciation \u00e0 propos de la jeune Lili Rosenberg : \u00ab\u00a0Bonne enfant, disciplin\u00e9e, assez dou\u00e9e\u00ab\u00a0. Quelques mois plus tard, elle \u00e9tait arr\u00eat\u00e9e et d\u00e9port\u00e9e, avec toute sa famille.<\/p>\n<p dir=\"ltr\">80 ans plus tard, c\u2019est dans son \u00e9cole d\u2019enfance que Lily \u00e9tait honor\u00e9e par une fresque r\u00e9alis\u00e9e par Renaud Louchard, d\u00e9voil\u00e9e devant le corps enseignants et les jeunes \u00e9l\u00e8ves qui lui avaient r\u00e9serv\u00e9 une surprise en r\u00e9interpr\u00e9tant la chanson \u00ab Comme toi \u00bb de Jean-Jacques Goldman. La m\u00e9moire que Lili veut transmettre inlassablement \u00e0 ses \u00ab\u00a0petits messagers\u00a0\u00bb, est d\u00e9sormais inscrite dans le sol et sur les murs des lieux de son enfance, \u00e0 Roubaix.<\/p>\n<p>Cr\u00e9dit Photos : Lucas Demoor, service Communication, ville de Roubaix<\/p>\n","protected":false},"excerpt":{"rendered":"Une c\u00e9r\u00e9monie sobre et \u00e9mouvante s\u2019est tenue \u00e0 Roubaix le 22 mai 2025. Plusieurs Stolpersteine ont \u00e9t\u00e9 pos\u00e9s&hellip;\n","protected":false},"author":2,"featured_media":125189,"comment_status":"","ping_status":"","sticky":false,"template":"","format":"standard","meta":{"footnotes":""},"categories":[2815],"tags":[1111,11,24831,1777,674,1011,27,811,1307,12,25],"class_list":{"0":"post-125188","1":"post","2":"type-post","3":"status-publish","4":"format-standard","5":"has-post-thumbnail","7":"category-lille","8":"tag-actu","9":"tag-actualites","10":"tag-devoir-de-memoire","11":"tag-eu","12":"tag-europe","13":"tag-fr","14":"tag-france","15":"tag-hauts-de-france","16":"tag-lille","17":"tag-news","18":"tag-republique-francaise"},"share_on_mastodon":{"url":"https:\/\/pubeurope.com\/@fr\/114564347122063534","error":""},"_links":{"self":[{"href":"https:\/\/www.europesays.com\/fr\/wp-json\/wp\/v2\/posts\/125188","targetHints":{"allow":["GET"]}}],"collection":[{"href":"https:\/\/www.europesays.com\/fr\/wp-json\/wp\/v2\/posts"}],"about":[{"href":"https:\/\/www.europesays.com\/fr\/wp-json\/wp\/v2\/types\/post"}],"author":[{"embeddable":true,"href":"https:\/\/www.europesays.com\/fr\/wp-json\/wp\/v2\/users\/2"}],"replies":[{"embeddable":true,"href":"https:\/\/www.europesays.com\/fr\/wp-json\/wp\/v2\/comments?post=125188"}],"version-history":[{"count":0,"href":"https:\/\/www.europesays.com\/fr\/wp-json\/wp\/v2\/posts\/125188\/revisions"}],"wp:featuredmedia":[{"embeddable":true,"href":"https:\/\/www.europesays.com\/fr\/wp-json\/wp\/v2\/media\/125189"}],"wp:attachment":[{"href":"https:\/\/www.europesays.com\/fr\/wp-json\/wp\/v2\/media?parent=125188"}],"wp:term":[{"taxonomy":"category","embeddable":true,"href":"https:\/\/www.europesays.com\/fr\/wp-json\/wp\/v2\/categories?post=125188"},{"taxonomy":"post_tag","embeddable":true,"href":"https:\/\/www.europesays.com\/fr\/wp-json\/wp\/v2\/tags?post=125188"}],"curies":[{"name":"wp","href":"https:\/\/api.w.org\/{rel}","templated":true}]}}