{"id":12519,"date":"2025-04-09T11:42:10","date_gmt":"2025-04-09T11:42:10","guid":{"rendered":"https:\/\/www.europesays.com\/fr\/12519\/"},"modified":"2025-04-09T11:42:10","modified_gmt":"2025-04-09T11:42:10","slug":"lalterna-stade-poitevin-aura-besoin-de-tout-le-monde-a-lawson-body-face-a-tourcoing","status":"publish","type":"post","link":"https:\/\/www.europesays.com\/fr\/12519\/","title":{"rendered":"l\u2019Alterna Stade Poitevin aura \u00ab\u00a0besoin de tout le monde\u00a0\u00bb \u00e0 Lawson-Body face \u00e0 Tourcoing"},"content":{"rendered":"<p>Assis derri\u00e8re le terrain du v\u00e9lodrome de Roubaix, il a suivi le final du Tour des Flandres et admir\u00e9 le succ\u00e8s de Tadej Pogacar. C\u00e9dric Enard n\u2019aura pas l\u2019occasion de vivre, sur place, Paris-Roubaix en fin de semaine et assister au duel programm\u00e9 entre le champion du monde slov\u00e8ne et Mathieu Van der Poel. Mais le manager de l\u2019Alterna Stade Poitevin vibrera plus, samedi, \u00e0 Lawson-Body pour le troisi\u00e8me match des quarts de finale face \u00e0 Tourcoing. Et si son \u00e9quipe veut faire durer le plaisir lors de ces phases finales, en disputant au moins une quatri\u00e8me rencontre lundi, elle n\u2019aura pas d\u2019autre choix que de gagner apr\u00e8s <a target=\"_self\" href=\"https:\/\/www.lanouvellerepublique.fr\/poitiers\/msl-encore-la-meme-histoire-pour-l-alterna-stade-poitevin-de-nouveau-battu-a-tourcoing-1743965789\" rel=\"nofollow noopener\">les deux d\u00e9faites conc\u00e9d\u00e9es dans le Nord sur le m\u00eame score (3-1).<\/a><\/p>\n<p class=\"interview\">Quel bilan tirez-vous des deux premiers matchs\u00a0?<\/p>\n<p>\u00ab\u00a0Il est frustrant parce qu\u2019on voit qu\u2019on r\u00e9pond pr\u00e9sent. On joue la t\u00eate haute contre Tourcoing qui a quand m\u00eame gagn\u00e9 la Coupe de France. L\u2019\u00e9quipe est au rendez-vous pour les play-offs. Maintenant, on voit qu\u2019on a des occasions en fin de set qu\u2019on n\u2019arrive pas \u00e0 concr\u00e9tiser. On joue souvent par phases en fait. On d\u00e9marre mal, on revient souvent dans la partie et apr\u00e8s, au moment de tuer le set, il nous manque le petit truc.\u00a0\u00bb<\/p>\n<p class=\"interview\">Quel est ce \u00ab\u00a0petit truc\u00a0\u00bb\u00a0?<\/p>\n<p>\u00ab\u00a0On doit mieux g\u00e9rer les moments importants. En face ils peuvent s\u2019appuyer sur un Kukartsev \u00e0 la pointe et un Martinez Franchi qui joue \u00e0 merveille comme ce dimanche et c\u2019est juste \u00e9norme. Je n\u2019oublie pas qu\u2019ils sont programm\u00e9s pour \u00e7a. Mais \u00e7a aurait \u00e9t\u00e9 quand m\u00eame bien de prendre l\u2019un des deux matchs.\u00a0\u00bb<\/p>\n<p class=\"interview\">On a eu le sentiment que vous \u00e9tiez meilleurs que cette \u00e9quipe de Tourcoing lors du deuxi\u00e8me match\u2026<\/p>\n<p>\u00ab\u00a0Luengas n\u2019\u00e9tait pas tr\u00e8s bien sur le terrain. Il semblait un peu f\u00e9brile et on sait qu\u2019ils ne font pas \u00e9norm\u00e9ment de changements, \u00e7a aurait d\u00fb d\u00e9s\u00e9quilibrer un peu la distribution et orienter nos choix. En fait, j\u2019ai trouv\u00e9 qu\u2019on a manqu\u00e9 de lucidit\u00e9 un petit peu partout dans les moments importants. C\u2019est malheureux parce que dans ce qu\u2019on souhaite faire, il va falloir l\u2019acqu\u00e9rir. Mais je reste positif. Beaucoup de gens nous envoyaient \u00e0 l\u2019abattoir en play-offs et je pense que les gars montrent du caract\u00e8re et quand on joue avec un pointu digne des phases finales (Mujanovic), on r\u00e9pond pr\u00e9sent. L\u2019\u00e9quipe a des choses \u00e0 dire, \u00e0 faire.\u00a0\u00bb<\/p>\n<p class=\"interview\">Mais vous \u00eates d\u00e9sormais dos au mur et vous devrez absolument gagner samedi\u2026<\/p>\n<p>\u00ab\u00a0Je donne rendez-vous \u00e0 tout Poitiers \u00e0 Lawson-Body. Je suis persuad\u00e9 que si tout le monde est l\u00e0, si le chaudron vibre comme on le conna\u00eet, si les supporters viennent porter nos joueurs qui le m\u00e9ritent, on peut faire de belles choses, voire m\u00eame revenir dans \u00a0\u00bb l\u2019Enfer du Nord \u00a0\u00bb pour un cinqui\u00e8me match.\u00a0\u00bb<\/p>\n<p class=\"interview\">La s\u00e9rie face \u00e0 Tourcoing n\u2019est donc pas termin\u00e9e\u00a0?<\/p>\n<p>\u00ab\u00a0Bien s\u00fbr que non. Il faut m\u00eame qu\u2019on prenne de la confiance apr\u00e8s ces deux premiers matchs. Je suis intimement persuad\u00e9 que Lawson-Body va r\u00e9pondre pr\u00e9sent. Il faut que \u00e7a envoie. On aura besoin de tout le monde. Je pense qu\u2019il y a un coup \u00e0 jouer. Et je voudrais qu\u2019on le joue \u00e0 200\u00a0%, quel que soit le r\u00e9sultat \u00e0 la fin de ces play-offs. On s\u2019est donn\u00e9 le droit de vivre \u00e7a. J\u2019ai h\u00e2te d\u2019y \u00eatre car on peut prendre du plaisir.\u00a0\u00bb<\/p>\n<p>\u00a0<\/p>\n<p class=\"alireaussi\"><b>&gt; Rejoignez la communaut\u00e9 NR &#8211; Les sports dans la Vienne sur Facebook.<\/b><\/p>\n<p>Nous avons bloqu\u00e9 l&rsquo;affichage de ce contenu pour respecter vos choix en mati\u00e8re de cookies. En cliquant sur \u00ab\u00a0Accepter\u00a0\u00bb,\u00a0vous acceptez le d\u00e9p\u00f4t de cookies. Vous pouvez modifier vos choix \u00e0 tout moment en vous rendant sur <a class=\"blocSansConsentement_lien__m9THN\" href=\"https:\/\/www.lanouvellerepublique.fr\/politique-de-confidentialite\" rel=\"nofollow noopener\" target=\"_blank\">cette page<\/a>.<\/p>\n<p>Accepter<\/p>\n","protected":false},"excerpt":{"rendered":"Assis derri\u00e8re le terrain du v\u00e9lodrome de Roubaix, il a suivi le final du Tour des Flandres et&hellip;\n","protected":false},"author":2,"featured_media":12520,"comment_status":"","ping_status":"","sticky":false,"template":"","format":"standard","meta":{"footnotes":""},"categories":[1417],"tags":[1392,1654,1011,27,1655,1653,60,1584,1470,1469],"class_list":{"0":"post-12519","1":"post","2":"type-post","3":"status-publish","4":"format-standard","5":"has-post-thumbnail","7":"category-volley","8":"tag-a-la-une-local","9":"tag-alterna-stade-poitevin-volley-ball","10":"tag-fr","11":"tag-france","12":"tag-ligue-a","13":"tag-poitiers","14":"tag-sports","15":"tag-vienne","16":"tag-volley","17":"tag-volleyball"},"share_on_mastodon":{"url":"https:\/\/pubeurope.com\/@fr\/114307828478156260","error":""},"_links":{"self":[{"href":"https:\/\/www.europesays.com\/fr\/wp-json\/wp\/v2\/posts\/12519","targetHints":{"allow":["GET"]}}],"collection":[{"href":"https:\/\/www.europesays.com\/fr\/wp-json\/wp\/v2\/posts"}],"about":[{"href":"https:\/\/www.europesays.com\/fr\/wp-json\/wp\/v2\/types\/post"}],"author":[{"embeddable":true,"href":"https:\/\/www.europesays.com\/fr\/wp-json\/wp\/v2\/users\/2"}],"replies":[{"embeddable":true,"href":"https:\/\/www.europesays.com\/fr\/wp-json\/wp\/v2\/comments?post=12519"}],"version-history":[{"count":0,"href":"https:\/\/www.europesays.com\/fr\/wp-json\/wp\/v2\/posts\/12519\/revisions"}],"wp:featuredmedia":[{"embeddable":true,"href":"https:\/\/www.europesays.com\/fr\/wp-json\/wp\/v2\/media\/12520"}],"wp:attachment":[{"href":"https:\/\/www.europesays.com\/fr\/wp-json\/wp\/v2\/media?parent=12519"}],"wp:term":[{"taxonomy":"category","embeddable":true,"href":"https:\/\/www.europesays.com\/fr\/wp-json\/wp\/v2\/categories?post=12519"},{"taxonomy":"post_tag","embeddable":true,"href":"https:\/\/www.europesays.com\/fr\/wp-json\/wp\/v2\/tags?post=12519"}],"curies":[{"name":"wp","href":"https:\/\/api.w.org\/{rel}","templated":true}]}}