{"id":125203,"date":"2025-05-24T19:06:12","date_gmt":"2025-05-24T19:06:12","guid":{"rendered":"https:\/\/www.europesays.com\/fr\/125203\/"},"modified":"2025-05-24T19:06:12","modified_gmt":"2025-05-24T19:06:12","slug":"la-mairie-de-paris-norganisera-pas-de-fan-zone-pour-la-finale-psg-inter-milan","status":"publish","type":"post","link":"https:\/\/www.europesays.com\/fr\/125203\/","title":{"rendered":"la mairie de Paris n\u2019organisera pas de fan zone pour la finale PSG-Inter Milan"},"content":{"rendered":"<p>Selon l\u2019AFP, la diffusion pr\u00e9vue au Parc des Princes et la demande de la pr\u00e9fecture de police auraient motiv\u00e9 cette d\u00e9cision.<\/p>\n<p class=\"fig-paragraph\">Aucune fan zone gratuite ne sera mise en place dans la capitale pour la finale de Ligue des champions\u00a0<a href=\"http:\/\/www.lefigaro.fr\/sports\/football\/ligue-des-champions\/ligue-des-champions-quand-aura-lieu-la-finale-de-c1-avec-l-inter-milan-face-au-psg-ou-arsenal-20250507\" data-fig-type=\"NewsFlash\" data-gtm-custom-categorie=\"navigation\" data-gtm-custom-action=\"crossclick\" data-gtm-custom-label=\"Contextuel\" data-gtm-event=\"customEventSPE\" data-fig-domain=\"LEFIGARO\" target=\"_blank\" rel=\"noopener\">entre le Paris SG et l&rsquo;Inter Milan le 31 mai<\/a>. C\u2019est ce qu\u2019a affirm\u00e9 vendredi la mairie de Paris. Cette derni\u00e8re avait souhait\u00e9 organiser une fan zone avec entr\u00e9e gratuite pour diffuser le match mais ne pourra pas le faire, en raison de la diffusion pr\u00e9vue au Parc des Princes et \u00e0 la demande de la pr\u00e9fecture de police, a-t-elle indiqu\u00e9 \u00e0 l&rsquo;AFP.<\/p>\n<p class=\"fig-paragraph\">La finale,\u00a0<a href=\"http:\/\/www.lefigaro.fr\/sports\/football\/ligue-des-champions\/ligue-des-champions-l-arbitre-roumain-istvan-kovacs-au-sifflet-pour-la-finale-entre-l-inter-milan-et-le-psg-20250512\" data-fig-type=\"NewsFlash\" data-gtm-custom-categorie=\"navigation\" data-gtm-custom-action=\"crossclick\" data-gtm-custom-label=\"Contextuel\" data-gtm-event=\"customEventSPE\" data-fig-domain=\"LEFIGARO\" target=\"_blank\" rel=\"noopener\">disput\u00e9e \u00e0 Munich<\/a>\u00a0(21h), sera diffus\u00e9e sur un \u00e9cran g\u00e9ant dans l&rsquo;enceinte du stade parisien, sur entr\u00e9es payantes. En dehors de la capitale, plusieurs fan zones gratuites sont pr\u00e9vues, essentiellement en Seine-Saint-Denis. La ville d&rsquo;Aulnay-sous-Bois en a pr\u00e9vu deux, encadr\u00e9es par des services de s\u00e9curit\u00e9 priv\u00e9e et la police municipale, tandis que Noisy-le-Grand en accueillera une d&rsquo;une capacit\u00e9 de 5.000 \u00e0 8.000 personnes, a fait savoir les services municipaux.<\/p>\n<p class=\"fig-paragraph\">La ville de Saint-Denis a \u00e9galement affich\u00e9 sa \u00abvolont\u00e9\u00bb d&rsquo;organiser une fan zone pouvant accueillir 3.000 \u00e0 4.000 personnes.\u00a0<a href=\"http:\/\/www.lefigaro.fr\/sports\/football\/ligue-des-champions\/psg-inter-milan-une-reunion-organisee-vendredi-place-beauvau-pour-aborder-les-questions-de-securite-a-paris-20250521\" data-fig-type=\"NewsFlash\" data-gtm-custom-categorie=\"navigation\" data-gtm-custom-action=\"crossclick\" data-gtm-custom-label=\"Contextuel\" data-gtm-event=\"customEventSPE\" data-fig-domain=\"LEFIGARO\" target=\"_blank\" rel=\"noopener\">Un important dispositif de forces de l&rsquo;ordre<\/a>\u00a0doit \u00eatre d\u00e9ploy\u00e9 dans la capitale pour cette finale, avec davantage d&rsquo;effectifs que lors de la demi-finale PSG-Arsenal jou\u00e9e \u00e0 Paris le 7 mai, qui avait \u00e9t\u00e9 suivie d&rsquo;incidents sur les Champs-\u00c9lys\u00e9es.<\/p>\n<p class=\"fig-paragraph\"><strong>\u00c0 VOIR AUSSI &#8211; <\/strong>Coupe de France\u00a0: le parcours du Paris SG jusqu\u2019\u00e0 la finale face au Stade de Reims<\/p>\n<p>\u00a0\u00bb<br \/>\n        data-script=\u00a0\u00bbhttps:\/\/static.lefigaro.fr\/widget-video\/short-ttl\/dugout\/index.js\u00a0\u00bb<br \/>\n    &gt;<\/p>\n","protected":false},"excerpt":{"rendered":"Selon l\u2019AFP, la diffusion pr\u00e9vue au Parc des Princes et la demande de la pr\u00e9fecture de police auraient&hellip;\n","protected":false},"author":2,"featured_media":125204,"comment_status":"","ping_status":"","sticky":false,"template":"","format":"standard","meta":{"footnotes":""},"categories":[1888],"tags":[1111,1928,11,1927,4791,786,525,448,1981,1089,814,1777,674,2257,63,1011,27,2705,4788,447,1307,3490,955,12,1926,626,1925,91,4589,4789,93,4790,25,1980,455],"class_list":{"0":"post-125203","1":"post","2":"type-post","3":"status-publish","4":"format-standard","5":"has-post-thumbnail","7":"category-paris","8":"tag-actu","9":"tag-actu-paris","10":"tag-actualites","11":"tag-actualites-paris","12":"tag-barcelone","13":"tag-c1","14":"tag-calendrier","15":"tag-champions-league","16":"tag-classement","17":"tag-coupe-deurope","18":"tag-direct","19":"tag-eu","20":"tag-europe","21":"tag-foot","22":"tag-football","23":"tag-fr","24":"tag-france","25":"tag-groupe","26":"tag-inter-milan","27":"tag-ligue-des-champions","28":"tag-lille","29":"tag-liverpool","30":"tag-match","31":"tag-news","32":"tag-news-paris","33":"tag-paris","34":"tag-paris-news","35":"tag-paris-saint-germain","36":"tag-phase-finale","37":"tag-poule","38":"tag-psg","39":"tag-real-madrid","40":"tag-republique-francaise","41":"tag-resultats","42":"tag-uefa"},"share_on_mastodon":{"url":"https:\/\/pubeurope.com\/@fr\/114564378368304319","error":""},"_links":{"self":[{"href":"https:\/\/www.europesays.com\/fr\/wp-json\/wp\/v2\/posts\/125203","targetHints":{"allow":["GET"]}}],"collection":[{"href":"https:\/\/www.europesays.com\/fr\/wp-json\/wp\/v2\/posts"}],"about":[{"href":"https:\/\/www.europesays.com\/fr\/wp-json\/wp\/v2\/types\/post"}],"author":[{"embeddable":true,"href":"https:\/\/www.europesays.com\/fr\/wp-json\/wp\/v2\/users\/2"}],"replies":[{"embeddable":true,"href":"https:\/\/www.europesays.com\/fr\/wp-json\/wp\/v2\/comments?post=125203"}],"version-history":[{"count":0,"href":"https:\/\/www.europesays.com\/fr\/wp-json\/wp\/v2\/posts\/125203\/revisions"}],"wp:featuredmedia":[{"embeddable":true,"href":"https:\/\/www.europesays.com\/fr\/wp-json\/wp\/v2\/media\/125204"}],"wp:attachment":[{"href":"https:\/\/www.europesays.com\/fr\/wp-json\/wp\/v2\/media?parent=125203"}],"wp:term":[{"taxonomy":"category","embeddable":true,"href":"https:\/\/www.europesays.com\/fr\/wp-json\/wp\/v2\/categories?post=125203"},{"taxonomy":"post_tag","embeddable":true,"href":"https:\/\/www.europesays.com\/fr\/wp-json\/wp\/v2\/tags?post=125203"}],"curies":[{"name":"wp","href":"https:\/\/api.w.org\/{rel}","templated":true}]}}