{"id":125205,"date":"2025-05-24T19:07:16","date_gmt":"2025-05-24T19:07:16","guid":{"rendered":"https:\/\/www.europesays.com\/fr\/125205\/"},"modified":"2025-05-24T19:07:16","modified_gmt":"2025-05-24T19:07:16","slug":"lms-un-nouveau-pharaon-au-psg-handball-la-saison-prochaine","status":"publish","type":"post","link":"https:\/\/www.europesays.com\/fr\/125205\/","title":{"rendered":"LMS | Un nouveau Pharaon au PSG Handball la saison prochaine ?"},"content":{"rendered":"<p>                <img loading=\"lazy\" decoding=\"async\" class=\"aligncenter size-large wp-image-322932\" src=\"https:\/\/www.europesays.com\/fr\/wp-content\/uploads\/2025\/05\/FB_IMG_1748073120107-1024x918.jpg\" alt=\"\" width=\"1024\" height=\"918\"\/><\/p>\n<p style=\"text-align: justify;\"><strong>Selon plusieurs sources, l&rsquo;international \u00e9gyptien Abdelrahman Sayed Abdou pourrait s&rsquo;engager avec le PSG Handball la saison prochaine.<\/strong><\/p>\n<p style=\"text-align: justify;\">Ce nom, bien connu des suiveurs du handball international, pourrait bien \u00eatre la prochaine recrue parisienne, apportant une touche de myst\u00e8re et de potentiel \u00e0 l&rsquo;effectif parisien qui va conna\u00eetre de nombreux mouvements \u00e0 la fin de la saison. <strong>Abdou Abdelrhaman<\/strong> est un arri\u00e8re gauche puissant de 1,92 m \u00e2g\u00e9 de 30 ans et qui \u00e9volue actuellement au sein du club \u00e9gyptien <strong>d&rsquo;Al Ahly<\/strong> avec lequel il a remport\u00e9 vendredi soir la Coupe d&rsquo;Afrique des Clubs. Il compte d\u00e9j\u00e0 54 s\u00e9lections avec les Pharaons.<\/p>\n<p>Un 2eme Pharaon \u00e0 Paris<\/p>\n<p style=\"text-align: justify;\">Le joueur \u00e9gyptien n&rsquo;est pas un inconnu sur la sc\u00e8ne internationale. Il a particip\u00e9 \u00e0 plusieurs reprises au Championnat du Monde de handball, notamment en 2017, 2019 et 2021. Plus r\u00e9cemment, il a remport\u00e9 une m\u00e9daille aux Jeux M\u00e9diterran\u00e9ens de 2022 \u00e0 Oran et au Championnat d&rsquo;Afrique en 2024 avec l&rsquo;\u00e9quipe nationale \u00e9gyptienne. Son arriv\u00e9e ne serait sans doute pas \u00e9trang\u00e8re avec l&rsquo;arriv\u00e9e cet \u00e9t\u00e9 du nouveau coach danois du PSG Handball, <strong>Stefan Madsen<\/strong>, actuel coach du club \u00e9gyptien o\u00f9 \u00e9volue l&rsquo;arri\u00e8re gauche. Il serait le deuxi\u00e8me joueur \u00e9gyptien dans la capitale fran\u00e7aise apr\u00e8s le gaucher <strong>Yahia Omar<\/strong> arriv\u00e9 l&rsquo;\u00e9t\u00e9 dernier de Veszprem.<\/p>\n<p>La Starligue : le nouvel Eldorado des joueurs Egyptiens<\/p>\n<p style=\"text-align: justify;\">Pour le PSG Handball, l&rsquo;arriv\u00e9e d&rsquo;un joueur comme Abdou Abdelrhaman apporterait une nouvelle option de poids en tant qu&rsquo;arri\u00e8re gauche. L&rsquo;effectif parisien est en pleine \u00e9volution, avec des d\u00e9parts et des arriv\u00e9es pr\u00e9vues mais aussi des blessures comme celle du danois <strong>Jacob Holm<\/strong> pour plusieurs mois. M\u00eame si l&rsquo;information n&rsquo;a pas encore \u00e9t\u00e9 confirm\u00e9, le joueur a dit au revoir hier soir aux supporters Egyptiens sur ses r\u00e9seaux sociaux et a annonc\u00e9 ouvrir un nouveau chapitre de sa carriere la saison prochaine.<\/p>\n<p style=\"text-align: justify;\">Un autre joueur \u00e9gyptien du club de Al Ahly va \u00e9galement rejoindre cet \u00e9t\u00e9 le handball europ\u00e9en avec, sauf surprise, la signature de <strong>Ahmed Adel<\/strong>, pivot, pour le club de Veszprem. Ce qui donnerait encore plus de poids \u00e0 la rumeur du retour du capitaine des Bleus, <strong>Ludovic<\/strong> <strong>Fabregas,<\/strong> au FC Barcelone la saison prochaine.<\/p>\n","protected":false},"excerpt":{"rendered":"Selon plusieurs sources, l&rsquo;international \u00e9gyptien Abdelrahman Sayed Abdou pourrait s&rsquo;engager avec le PSG Handball la saison prochaine. Ce&hellip;\n","protected":false},"author":2,"featured_media":125206,"comment_status":"","ping_status":"","sticky":false,"template":"","format":"standard","meta":{"footnotes":""},"categories":[1888],"tags":[24834,1111,1928,11,1927,1777,674,1011,27,12,1926,626,1925,2655,25,24650],"class_list":{"0":"post-125205","1":"post","2":"type-post","3":"status-publish","4":"format-standard","5":"has-post-thumbnail","7":"category-paris","8":"tag-abdou-abdelrhaman","9":"tag-actu","10":"tag-actu-paris","11":"tag-actualites","12":"tag-actualites-paris","13":"tag-eu","14":"tag-europe","15":"tag-fr","16":"tag-france","17":"tag-news","18":"tag-news-paris","19":"tag-paris","20":"tag-paris-news","21":"tag-psg-handball","22":"tag-republique-francaise","23":"tag-starligue"},"share_on_mastodon":{"url":"https:\/\/pubeurope.com\/@fr\/114564382329049600","error":""},"_links":{"self":[{"href":"https:\/\/www.europesays.com\/fr\/wp-json\/wp\/v2\/posts\/125205","targetHints":{"allow":["GET"]}}],"collection":[{"href":"https:\/\/www.europesays.com\/fr\/wp-json\/wp\/v2\/posts"}],"about":[{"href":"https:\/\/www.europesays.com\/fr\/wp-json\/wp\/v2\/types\/post"}],"author":[{"embeddable":true,"href":"https:\/\/www.europesays.com\/fr\/wp-json\/wp\/v2\/users\/2"}],"replies":[{"embeddable":true,"href":"https:\/\/www.europesays.com\/fr\/wp-json\/wp\/v2\/comments?post=125205"}],"version-history":[{"count":0,"href":"https:\/\/www.europesays.com\/fr\/wp-json\/wp\/v2\/posts\/125205\/revisions"}],"wp:featuredmedia":[{"embeddable":true,"href":"https:\/\/www.europesays.com\/fr\/wp-json\/wp\/v2\/media\/125206"}],"wp:attachment":[{"href":"https:\/\/www.europesays.com\/fr\/wp-json\/wp\/v2\/media?parent=125205"}],"wp:term":[{"taxonomy":"category","embeddable":true,"href":"https:\/\/www.europesays.com\/fr\/wp-json\/wp\/v2\/categories?post=125205"},{"taxonomy":"post_tag","embeddable":true,"href":"https:\/\/www.europesays.com\/fr\/wp-json\/wp\/v2\/tags?post=125205"}],"curies":[{"name":"wp","href":"https:\/\/api.w.org\/{rel}","templated":true}]}}