{"id":125217,"date":"2025-05-24T19:13:10","date_gmt":"2025-05-24T19:13:10","guid":{"rendered":"https:\/\/www.europesays.com\/fr\/125217\/"},"modified":"2025-05-24T19:13:10","modified_gmt":"2025-05-24T19:13:10","slug":"le-royaume-uni-entame-la-renationalisation-de-ses-lignes-ferroviaires-malgre-des-difficultes","status":"publish","type":"post","link":"https:\/\/www.europesays.com\/fr\/125217\/","title":{"rendered":"Le Royaume-Uni entame la renationalisation de ses lignes ferroviaires malgr\u00e9 des difficult\u00e9s"},"content":{"rendered":"<p>C\u2019\u00e9tait une grande promesse de campagne du Parti travailliste au Royaume-Uni, arriv\u00e9 au pouvoir en juillet 2024 : la renationalisation des transports ferroviaires, 30 ans apr\u00e8s leur privatisation. Alors que 14 entreprises se partagent les lignes de chemin de fer outre-Manche, ce dimanche 24 mai marque la premi\u00e8re \u00e9tape du vaste projet de renationalisation. Mais le premier train renationalis\u00e9 sera remplac\u00e9 par un bus, un exemple des difficult\u00e9s frappant le ferroviaire britannique.<\/p>\n<p>Avec notre correspondante \u00e0 Londres, <strong>\u00c9meline Vin<\/strong><\/p>\n<p>Le premier train renationalis\u00e9 devait partir \u00e0 5 heures 30 dimanche matin, mais il est remplac\u00e9 par un bus, en raison de travaux de maintenance. C&rsquo;est le symbole m\u00eame des difficult\u00e9s du r\u00e9seau ferroviaire anglais : <a href=\"https:\/\/www.rfi.fr\/fr\/podcasts\/20200301-pourquoi-royaume-uni-renationalise-chemins-fer\u00a0\" rel=\"nofollow noopener\" target=\"_blank\" data-ylk=\"slk:privatis\u00e9 depuis 1994;elm:context_link;itc:0;sec:content-canvas\" class=\"link \"><strong>privatis\u00e9 depuis 1994<\/strong><\/a>, il est c\u00e9l\u00e8bre pour ses retards et annulations r\u00e9currents.<\/p>\n<p>Ce sont ces probl\u00e8mes de performance que le gouvernement esp\u00e8re r\u00e9soudre en renationalisant. Le nouvel op\u00e9rateur Great British Railways doit progressivement int\u00e9grer les 14 entreprises qui se partagent le r\u00e9seau anglais. Deux entreprises doivent suivre South Western Railways cette ann\u00e9e et le processus doit durer jusqu\u2019en 2027.<\/p>\n<p>Promesse de campagne du parti de Keir Starmer<\/p>\n<p>Mais pour les voyageurs, pas de baisse des prix \u00e0 attendre : les billets ont augment\u00e9 de 5 % cette ann\u00e9e. Une hausse n\u00e9cessaire, selon la ministre des Transports, pour mener \u00e0 bien les investissements.<\/p>\n<p><a href=\"https:\/\/www.rfi.fr\/fr\/europe\/20250524-le-royaume-uni-entame-la-renationalisation-de-ses-lignes-ferroviaires-malgr%C3%A9-des-difficult%C3%A9s\" rel=\"nofollow noopener\" target=\"_blank\" data-ylk=\"slk:Lire la suite sur RFI;elm:context_link;itc:0;sec:content-canvas\" class=\"link \">Lire la suite sur RFI<\/a><\/p>\n","protected":false},"excerpt":{"rendered":"C\u2019\u00e9tait une grande promesse de campagne du Parti travailliste au Royaume-Uni, arriv\u00e9 au pouvoir en juillet 2024 :&hellip;\n","protected":false},"author":2,"featured_media":125218,"comment_status":"","ping_status":"","sticky":false,"template":"","format":"standard","meta":{"footnotes":""},"categories":[1588],"tags":[11,24837,21586,1777,674,24835,12,17712,24836,473,1853,1851,1850,1852],"class_list":{"0":"post-125217","1":"post","2":"type-post","3":"status-publish","4":"format-standard","5":"has-post-thumbnail","7":"category-royaume-uni","8":"tag-actualites","9":"tag-baisse-des-prix","10":"tag-chemin-de-fer","11":"tag-eu","12":"tag-europe","13":"tag-ministre-des-transports","14":"tag-news","15":"tag-parti-travailliste","16":"tag-renationalisation","17":"tag-royaume-uni","18":"tag-royaume-uni-de-grande-bretagne-et-dirlande-du-nord","19":"tag-uk","20":"tag-united-kingdom","21":"tag-united-kingdom-of-great-britain-and-northern-ireland"},"share_on_mastodon":{"url":"https:\/\/pubeurope.com\/@fr\/114564405924066179","error":""},"_links":{"self":[{"href":"https:\/\/www.europesays.com\/fr\/wp-json\/wp\/v2\/posts\/125217","targetHints":{"allow":["GET"]}}],"collection":[{"href":"https:\/\/www.europesays.com\/fr\/wp-json\/wp\/v2\/posts"}],"about":[{"href":"https:\/\/www.europesays.com\/fr\/wp-json\/wp\/v2\/types\/post"}],"author":[{"embeddable":true,"href":"https:\/\/www.europesays.com\/fr\/wp-json\/wp\/v2\/users\/2"}],"replies":[{"embeddable":true,"href":"https:\/\/www.europesays.com\/fr\/wp-json\/wp\/v2\/comments?post=125217"}],"version-history":[{"count":0,"href":"https:\/\/www.europesays.com\/fr\/wp-json\/wp\/v2\/posts\/125217\/revisions"}],"wp:featuredmedia":[{"embeddable":true,"href":"https:\/\/www.europesays.com\/fr\/wp-json\/wp\/v2\/media\/125218"}],"wp:attachment":[{"href":"https:\/\/www.europesays.com\/fr\/wp-json\/wp\/v2\/media?parent=125217"}],"wp:term":[{"taxonomy":"category","embeddable":true,"href":"https:\/\/www.europesays.com\/fr\/wp-json\/wp\/v2\/categories?post=125217"},{"taxonomy":"post_tag","embeddable":true,"href":"https:\/\/www.europesays.com\/fr\/wp-json\/wp\/v2\/tags?post=125217"}],"curies":[{"name":"wp","href":"https:\/\/api.w.org\/{rel}","templated":true}]}}