{"id":125221,"date":"2025-05-24T19:15:17","date_gmt":"2025-05-24T19:15:17","guid":{"rendered":"https:\/\/www.europesays.com\/fr\/125221\/"},"modified":"2025-05-24T19:15:17","modified_gmt":"2025-05-24T19:15:17","slug":"chambery-le-lycee-louis-armand-a-organise-sa-fete-de-leurope","status":"publish","type":"post","link":"https:\/\/www.europesays.com\/fr\/125221\/","title":{"rendered":"Chamb\u00e9ry. Le lyc\u00e9e Louis Armand a organis\u00e9 sa F\u00eate de l\u2019Europe"},"content":{"rendered":"<p>Jeudi 22\u00a0mai, dans le cadre du mois de l\u2019Europe, les \u00e9l\u00e8ves de la section europ\u00e9enne du Lyc\u00e9e Louis Armand \u00e0 Chamb\u00e9ry ont organis\u00e9 leur F\u00eate de l\u2019Europe. Le matin, les \u00e9l\u00e8ves ont anim\u00e9 des stands aux couleurs des pays d\u2019Europe, proposant des jeux culturels et des d\u00e9gustations de sp\u00e9cialit\u00e9s culinaires. Tous les \u00e9l\u00e8ves du lyc\u00e9e pr\u00e9sents ce jour ont pu d\u00e9ambuler et apprendre des choses en s\u2019amusant. L\u2019apr\u00e8s-midi, les \u00e9l\u00e8ves ont fait vibrer l\u2019amphith\u00e9\u00e2tre avec leur version du concours de l\u2019Eurovision, l\u2019occasion pour tous les chanteurs de monter sur sc\u00e8ne pour repr\u00e9senter un pays.<\/p>\n","protected":false},"excerpt":{"rendered":"Jeudi 22\u00a0mai, dans le cadre du mois de l\u2019Europe, les \u00e9l\u00e8ves de la section europ\u00e9enne du Lyc\u00e9e Louis&hellip;\n","protected":false},"author":2,"featured_media":125222,"comment_status":"","ping_status":"","sticky":false,"template":"","format":"standard","meta":{"footnotes":""},"categories":[1586],"tags":[11,5509,12844,1687,7001,1777,674,1011,27,12,25],"class_list":{"0":"post-125221","1":"post","2":"type-post","3":"status-publish","4":"format-standard","5":"has-post-thumbnail","7":"category-europe","8":"tag-actualites","9":"tag-chambery","10":"tag-chambery-bassin","11":"tag-culture-loisirs","12":"tag-edition-chambery-aix-les-bains","13":"tag-eu","14":"tag-europe","15":"tag-fr","16":"tag-france","17":"tag-news","18":"tag-republique-francaise"},"share_on_mastodon":{"url":"https:\/\/pubeurope.com\/@fr\/114564413745635878","error":""},"_links":{"self":[{"href":"https:\/\/www.europesays.com\/fr\/wp-json\/wp\/v2\/posts\/125221","targetHints":{"allow":["GET"]}}],"collection":[{"href":"https:\/\/www.europesays.com\/fr\/wp-json\/wp\/v2\/posts"}],"about":[{"href":"https:\/\/www.europesays.com\/fr\/wp-json\/wp\/v2\/types\/post"}],"author":[{"embeddable":true,"href":"https:\/\/www.europesays.com\/fr\/wp-json\/wp\/v2\/users\/2"}],"replies":[{"embeddable":true,"href":"https:\/\/www.europesays.com\/fr\/wp-json\/wp\/v2\/comments?post=125221"}],"version-history":[{"count":0,"href":"https:\/\/www.europesays.com\/fr\/wp-json\/wp\/v2\/posts\/125221\/revisions"}],"wp:featuredmedia":[{"embeddable":true,"href":"https:\/\/www.europesays.com\/fr\/wp-json\/wp\/v2\/media\/125222"}],"wp:attachment":[{"href":"https:\/\/www.europesays.com\/fr\/wp-json\/wp\/v2\/media?parent=125221"}],"wp:term":[{"taxonomy":"category","embeddable":true,"href":"https:\/\/www.europesays.com\/fr\/wp-json\/wp\/v2\/categories?post=125221"},{"taxonomy":"post_tag","embeddable":true,"href":"https:\/\/www.europesays.com\/fr\/wp-json\/wp\/v2\/tags?post=125221"}],"curies":[{"name":"wp","href":"https:\/\/api.w.org\/{rel}","templated":true}]}}