{"id":125235,"date":"2025-05-24T19:22:11","date_gmt":"2025-05-24T19:22:11","guid":{"rendered":"https:\/\/www.europesays.com\/fr\/125235\/"},"modified":"2025-05-24T19:22:11","modified_gmt":"2025-05-24T19:22:11","slug":"pro-d2-le-vrdr-tient-sa-quatrieme-recrue-pour-la-saison-prochaine","status":"publish","type":"post","link":"https:\/\/www.europesays.com\/fr\/125235\/","title":{"rendered":"Pro D2. Le VRDR tient sa quatri\u00e8me recrue pour la saison prochaine"},"content":{"rendered":"<p>L\u2019effectif version 2025-2026 du VRDR se dessine peu \u00e0 peu. Notamment dans le paquet d\u2019avants, dans lequel un nouveau joueur en provenance du Stade Ni\u00e7ois vient poser ses valises au stade Georges-Pompidou pour deux saisons. Troisi\u00e8me ligne polyvalent pouvant \u00e9voluer \u00e9galement en deuxi\u00e8me ligne, Louis Suaud compl\u00e8te la liste des arriv\u00e9es apr\u00e8s Sacha Idoumi, Izaiha Moore-Aiono et Calum Randle.<\/p>\n<p>L\u2019ancien azur\u00e9en de 25 ans, pass\u00e9 par le Stade Fran\u00e7ais, est attendu comme un nouveau \u00ab\u00a0cadre\u00a0\u00bb de l\u2019effectif de Valence-Romans. Il apportera son exp\u00e9rience en Pro D2 au groupe de Fabien Fortassin, qui consid\u00e8re son nouveau joueur comme un \u00ab\u00a0sp\u00e9cialiste de la touche, et efficace dans les autres t\u00e2ches du jeu d\u2019avants\u00a0\u00bb. La saison derni\u00e8re, le n\u00e9o damier a disput\u00e9 28 matches, dont 19 dans le quinze de d\u00e9part, pour un essai inscrit.<\/p>\n","protected":false},"excerpt":{"rendered":"L\u2019effectif version 2025-2026 du VRDR se dessine peu \u00e0 peu. Notamment dans le paquet d\u2019avants, dans lequel un&hellip;\n","protected":false},"author":2,"featured_media":125236,"comment_status":"","ping_status":"","sticky":false,"template":"","format":"standard","meta":{"footnotes":""},"categories":[1416],"tags":[2730,2735,1701,1795,1011,27,2308,479,1468,517,60,2733,2734,2728],"class_list":{"0":"post-125235","1":"post","2":"type-post","3":"status-publish","4":"format-standard","5":"has-post-thumbnail","7":"category-rugby","8":"tag-drome","9":"tag-edition-valence-rhone-crussol-vallee-de-la-drome","10":"tag-fil-info-sport","11":"tag-fil-web","12":"tag-fr","13":"tag-france","14":"tag-pro-d2","15":"tag-rugby","16":"tag-rugby-football","17":"tag-sport","18":"tag-sports","19":"tag-valence","20":"tag-valence-bassin","21":"tag-vrdr-valence-romans-drome-rugby"},"share_on_mastodon":{"url":"https:\/\/pubeurope.com\/@fr\/114564441294077304","error":""},"_links":{"self":[{"href":"https:\/\/www.europesays.com\/fr\/wp-json\/wp\/v2\/posts\/125235","targetHints":{"allow":["GET"]}}],"collection":[{"href":"https:\/\/www.europesays.com\/fr\/wp-json\/wp\/v2\/posts"}],"about":[{"href":"https:\/\/www.europesays.com\/fr\/wp-json\/wp\/v2\/types\/post"}],"author":[{"embeddable":true,"href":"https:\/\/www.europesays.com\/fr\/wp-json\/wp\/v2\/users\/2"}],"replies":[{"embeddable":true,"href":"https:\/\/www.europesays.com\/fr\/wp-json\/wp\/v2\/comments?post=125235"}],"version-history":[{"count":0,"href":"https:\/\/www.europesays.com\/fr\/wp-json\/wp\/v2\/posts\/125235\/revisions"}],"wp:featuredmedia":[{"embeddable":true,"href":"https:\/\/www.europesays.com\/fr\/wp-json\/wp\/v2\/media\/125236"}],"wp:attachment":[{"href":"https:\/\/www.europesays.com\/fr\/wp-json\/wp\/v2\/media?parent=125235"}],"wp:term":[{"taxonomy":"category","embeddable":true,"href":"https:\/\/www.europesays.com\/fr\/wp-json\/wp\/v2\/categories?post=125235"},{"taxonomy":"post_tag","embeddable":true,"href":"https:\/\/www.europesays.com\/fr\/wp-json\/wp\/v2\/tags?post=125235"}],"curies":[{"name":"wp","href":"https:\/\/api.w.org\/{rel}","templated":true}]}}