{"id":125253,"date":"2025-05-24T19:32:09","date_gmt":"2025-05-24T19:32:09","guid":{"rendered":"https:\/\/www.europesays.com\/fr\/125253\/"},"modified":"2025-05-24T19:32:09","modified_gmt":"2025-05-24T19:32:09","slug":"ils-se-croient-plus-populaires","status":"publish","type":"post","link":"https:\/\/www.europesays.com\/fr\/125253\/","title":{"rendered":"Ils se croient plus populaires"},"content":{"rendered":"<p>Fr\u00e9d\u00e9ric Lopez, <strong>figure embl\u00e9matique du paysage<br \/>\naudiovisuel fran\u00e7ais<\/strong>, nous a habitu\u00e9s aux confidences<br \/>\nsinc\u00e8res. Ainsi, son \u00e9mission, \u00ab Un dimanche \u00e0 la campagne \u00bb,<br \/>\ninvite des personnalit\u00e9s \u00e0 des <strong>moments d\u00a0\u00bb\u00e9changes<br \/>\nauthentiques<\/strong>, loin des projecteurs habituels, et il y cr\u00e9e<br \/>\nune atmosph\u00e8re propice aux r\u00e9v\u00e9lations.<\/p>\n<p>L&rsquo;animateur, connu pour sa bienveillance, <strong>n&rsquo;h\u00e9site pas \u00e0<br \/>\naborder des sujets sensibles<\/strong>. En effet, Fr\u00e9d\u00e9ric Lopez<br \/>\ns&rsquo;est r\u00e9cemment l\u00e2ch\u00e9 sur l&rsquo;ego de certains invit\u00e9s qui, selon lui,<br \/>\nse <strong>croient plus importants<\/strong>.<\/p>\n<p>Le combat discret de Fr\u00e9d\u00e9ric Lopez<\/p>\n<p>Depuis plusieurs ann\u00e9es, l&rsquo;animateur de \u00ab Rendez-vous en terre<br \/>\ninconnue \u00bb <strong>utilise un appareil auditif<\/strong>. Il souffre<br \/>\nen effet d&rsquo;une <strong>surdit\u00e9 partielle \u00e0 l&rsquo;oreille<br \/>\ngauche<\/strong>. Lors d&rsquo;une interview avec Nice-Matin, <a href=\"https:\/\/www.melty.fr\/people\/a-57-ans-frederic-lopez-se-livre-sur-sa-maladie-je-nai-plus-que-50-de-mes-facultes-2160042.html\" target=\"_blank\" rel=\"noopener\"><br \/>\nil a partag\u00e9 des confidences touchantes<\/a>. \u00c0 ce titre, il a<br \/>\nd\u00e9clar\u00e9 : \u00ab Je me suis fait op\u00e9rer de l\u2019oreille droite, sauf<br \/>\nque \u00e7a n\u2019a pas fonctionn\u00e9. Je n\u2019entends plus rien de ce<br \/>\nc\u00f4t\u00e9-l\u00e0. \u00bb<\/p>\n<p>De plus, il a ensuite ajout\u00e9 : \u00ab Je n\u2019ai plus que 50% de mes<br \/>\nfacult\u00e9s \u00e0 gauche. Je subis des acouph\u00e8nes, comparables \u00e0 un bruit<br \/>\nd\u2019aspirateur en permanence. \u00bb L&rsquo;animateur est conscient qu&rsquo;il<br \/>\npourrait un jour <strong>perdre compl\u00e8tement l&rsquo;ou\u00efe<\/strong>. C&rsquo;est<br \/>\npourquoi, sachant que sa condition ne pourrait jamais s&rsquo;am\u00e9liorer,<br \/>\n<strong>Fr\u00e9d\u00e9ric Lopez a choisi d&rsquo;apprendre le langage des<br \/>\nsignes<\/strong>. Il a d\u2019ailleurs remarqu\u00e9 que certaines personnes<br \/>\n\u00e9taient g\u00ean\u00e9es en d\u00e9couvrant sa maladie. Un handicap qui ne<br \/>\nl&#8217;emp\u00eache n\u00e9anmoins pas de <strong>parfaire l&rsquo;\u00e9ducation de son<br \/>\nfils<\/strong> du mieux qu&rsquo;il peut.<\/p>\n<p>L&rsquo;\u00e9ducation culinaire de son fils<\/p>\n<p>\u00ab Je n\u2019ai pas cuisin\u00e9 pendant des d\u00e9cennies \u00bb,<br \/>\nconfie-t-il \u00e0 nos confr\u00e8res. D&rsquo;ailleurs, <a href=\"https:\/\/www.melty.fr\/people\/frederic-lopez-sans-detour-sur-cet-enorme-rate-avec-son-fils-je-me-suis-excuse-2204327.html\" target=\"_blank\" rel=\"noopener\"><br \/>\nil a m\u00eame avou\u00e9 s&rsquo;\u00eatre excus\u00e9 aupr\u00e8s de son fils<\/a>. \u00ab En<br \/>\n\u00e9tant s\u00e9par\u00e9 de sa maman, je l\u2019ai \u00e9lev\u00e9 avec des plats industriels<br \/>\ntout pr\u00eats \u00bb, poursuit-il. Il rentrait tr\u00e8s tard du travail et<br \/>\n<strong>choisissait le plat le plus rapide<\/strong>. \u00c9videmment,<br \/>\nc&rsquo;est symptomatique de la vie qu&rsquo;il a pu avoir \u00e0 un moment<br \/>\ndonn\u00e9.<\/p>\n<p>Dans la foul\u00e9e, Fr\u00e9d\u00e9ric Lopez se souvient d&rsquo;un num\u00e9ro de \u00ab<br \/>\nRendez-vous en terre inconnue \u00bb. \u00ab Il y avait cette dame qui<br \/>\n\u00e9tait en train d\u2019\u00e9craser des graines sur une pierre. Elle a demand\u00e9<br \/>\n\u00e0 Kev Adams s\u2019il cuisinait. \u00bb <strong>La r\u00e9ponse de Kev Adams<br \/>\na \u00e9t\u00e9 non<\/strong>, il mangeait des plats tout pr\u00eats. La femme lui<br \/>\na alors dit : \u00ab Mais tu connais la personne qui les cuisine<br \/>\n?! \u00bb. Par cons\u00e9quent, cette rencontre avec cette femme<br \/>\n<strong>a servi de d\u00e9clic \u00e0 Fr\u00e9d\u00e9ric Lopez<\/strong>. Il a ainsi pu<br \/>\ncorriger son erreur et <strong>s\u2019est remis \u00e0 cuisiner sainement<br \/>\npour son fils<\/strong>. \u00ab Je me suis mis \u00e0 cuisiner apr\u00e8s<br \/>\n\u00e7a \u00bb, dit-il non sans fiert\u00e9. Mieux encore : \u00ab<br \/>\nAujourd\u2019hui, mon fils est meilleur que moi en cuisine. Il me<br \/>\nfait d\u00e9couvrir plein de recettes. \u00bb<\/p>\n<p>Des v\u00e9rit\u00e9s qui d\u00e9rangent<\/p>\n<p>Apr\u00e8s avoir emmen\u00e9 ses invit\u00e9s en terre inconnue pendant plus de<br \/>\n15 ans, <strong>Fr\u00e9d\u00e9ric Lopez offre d\u00e9sormais une parenth\u00e8se<br \/>\nbucolique<\/strong>. Ainsi, chaque dimanche, trois personnalit\u00e9s<br \/>\nsont convi\u00e9es dans \u00ab Un dimanche \u00e0 la campagne \u00bb. L&rsquo;animateur de<br \/>\nFrance 2 tient \u00e0 <strong>convier des stars venues d&rsquo;horizons tr\u00e8s<br \/>\ndiff\u00e9rents<\/strong>. Cependant, cela perturbe parfois certains<br \/>\ninvit\u00e9s, comme il vient de l&rsquo;avouer.<\/p>\n<p>Lors d\u2019une conf\u00e9rence, Fr\u00e9d\u00e9ric Lopez a ainsi r\u00e9v\u00e9l\u00e9 que<br \/>\n<strong>certains visiteurs n\u2019appr\u00e9ciaient pas<\/strong>, au d\u00e9part,<br \/>\nde partager ce moment. Ils se sentaient mal \u00e0 l&rsquo;aise avec<br \/>\n<strong>des personnes moins c\u00e9l\u00e8bres qu&rsquo;eux<\/strong>. \u00ab J&rsquo;ai<br \/>\nbesoin de gens ouverts d&rsquo;esprit \u00bb, affirme-t-il. En outre, il<br \/>\najoute : \u00ab Ils ne savent pas avec qui ils vont passer 24<br \/>\nheures. \u00bb <strong>Certaines convives se disent alors<br \/>\nque<\/strong> \u00ab untel n&rsquo;est pas aussi populaire qu&rsquo;eux<br \/>\n\u00bb.<\/p>\n","protected":false},"excerpt":{"rendered":"Fr\u00e9d\u00e9ric Lopez, figure embl\u00e9matique du paysage audiovisuel fran\u00e7ais, nous a habitu\u00e9s aux confidences sinc\u00e8res. Ainsi, son \u00e9mission, \u00ab&hellip;\n","protected":false},"author":2,"featured_media":125254,"comment_status":"","ping_status":"","sticky":false,"template":"","format":"standard","meta":{"footnotes":""},"categories":[1356],"tags":[905,58,59,1011,27,252,1364],"class_list":{"0":"post-125253","1":"post","2":"type-post","3":"status-publish","4":"format-standard","5":"has-post-thumbnail","7":"category-television","8":"tag-a-la-une-melty","9":"tag-divertissement","10":"tag-entertainment","11":"tag-fr","12":"tag-france","13":"tag-television","14":"tag-tv"},"share_on_mastodon":{"url":"https:\/\/pubeurope.com\/@fr\/114564480667332243","error":""},"_links":{"self":[{"href":"https:\/\/www.europesays.com\/fr\/wp-json\/wp\/v2\/posts\/125253","targetHints":{"allow":["GET"]}}],"collection":[{"href":"https:\/\/www.europesays.com\/fr\/wp-json\/wp\/v2\/posts"}],"about":[{"href":"https:\/\/www.europesays.com\/fr\/wp-json\/wp\/v2\/types\/post"}],"author":[{"embeddable":true,"href":"https:\/\/www.europesays.com\/fr\/wp-json\/wp\/v2\/users\/2"}],"replies":[{"embeddable":true,"href":"https:\/\/www.europesays.com\/fr\/wp-json\/wp\/v2\/comments?post=125253"}],"version-history":[{"count":0,"href":"https:\/\/www.europesays.com\/fr\/wp-json\/wp\/v2\/posts\/125253\/revisions"}],"wp:featuredmedia":[{"embeddable":true,"href":"https:\/\/www.europesays.com\/fr\/wp-json\/wp\/v2\/media\/125254"}],"wp:attachment":[{"href":"https:\/\/www.europesays.com\/fr\/wp-json\/wp\/v2\/media?parent=125253"}],"wp:term":[{"taxonomy":"category","embeddable":true,"href":"https:\/\/www.europesays.com\/fr\/wp-json\/wp\/v2\/categories?post=125253"},{"taxonomy":"post_tag","embeddable":true,"href":"https:\/\/www.europesays.com\/fr\/wp-json\/wp\/v2\/tags?post=125253"}],"curies":[{"name":"wp","href":"https:\/\/api.w.org\/{rel}","templated":true}]}}