{"id":125258,"date":"2025-05-24T19:35:08","date_gmt":"2025-05-24T19:35:08","guid":{"rendered":"https:\/\/www.europesays.com\/fr\/125258\/"},"modified":"2025-05-24T19:35:08","modified_gmt":"2025-05-24T19:35:08","slug":"haute-savoie-rougeole-deux-clusters-32-cas-detectes-mais-pas-depidemie-le-dauphine-libere","status":"publish","type":"post","link":"https:\/\/www.europesays.com\/fr\/125258\/","title":{"rendered":"Haute-Savoie. Rougeole : deux clusters, 32 cas d\u00e9tect\u00e9s mais \u00ab pas d\u2019\u00e9pid\u00e9mie \u00bb &#8211; Le Dauphin\u00e9 Lib\u00e9r\u00e9"},"content":{"rendered":"<ol>\n<li><a href=\"https:\/\/news.google.com\/rss\/articles\/CBMipAFBVV95cUxQdF8yZnlYdHVsTHdVTUdrWW1LeWxBQXotQjVrU2oyLUthX3RGYVZCSVMxZERVOW5pa3NEZmVnbVlaVnJmOHp3QzkxNkx2dHdnTGFhdnBBZXd2cDZJM1kxbnc0M2MzUG82bUVBc1BWUUwzeUJiOXhfOTFsT3pFMS13SzM0N2JOUkVDOUFEdFR4VVVybVVNdk82ZDVOY1h2VVNmMkliVQ?oc=5\" target=\"_blank\" rel=\"noopener\">Haute-Savoie. Rougeole : deux clusters, 32 cas d\u00e9tect\u00e9s mais \u00ab pas d\u2019\u00e9pid\u00e9mie \u00bb<\/a>&nbsp;&nbsp;Le Dauphin\u00e9 Lib\u00e9r\u00e9<\/li>\n<li><a href=\"https:\/\/news.google.com\/rss\/articles\/CBMipwFBVV95cUxPM1ZHYjQweTVTRHZWa01neFNCQVFoLXZ5UHMyOEllbVc0ZzdWOWprVkxwd0lTanhwOUJhQ1h1N2tLU3RSbUl5T3lkMzFfY1gtRXNyWXNhTlo2M3dVWVFiWUVHdmhQaVZGZ0M5am1WVlUwZTRsa1BhRmdaMl9BQ3VrVkRpT25aVWxHc3FrYlBFR0QwcE5mWTFiS0FhckpwWXJiOUJIMGRxaw?oc=5\" target=\"_blank\" rel=\"noopener\">Rougeole : deux clusters identifi\u00e9s en Haute-Savoie<\/a>&nbsp;&nbsp;Le Messager<\/li>\n<li><a href=\"https:\/\/news.google.com\/rss\/articles\/CBMimgFBVV95cUxQOFBTXzlaUGlwOWFuU3d4Q0haYjJIX0hHNzBRcTRZNkpWcUtwNms5ZnhOek9tdzB0NmZCSTNVTnVqMjNuUEVhR25JMFhqT2E1V1lpMTZZMjBtUnllSUFFUGNvX0MzeWxrUEgyRWtNcFpYd2N1eGNiWUtWSFp6cHg3czBWalNQc0JvbF8wM1NxaHNNd2xwWjZfSlln?oc=5\" target=\"_blank\" rel=\"noopener\">Haute-Savoie : Deux clusters de rougeole identifi\u00e9s<\/a>&nbsp;&nbsp;ODS Radio<\/li>\n<li><a href=\"https:\/\/news.google.com\/rss\/articles\/CBMipAFBVV95cUxPdURZbVhtUGd5dVZraGxmeS1JNTF5Z005UThPZUswVWRadUJfSGhnUUlmLXNnT1htYUIwME83ellOUUtoM1FXQUYtbUhXSlFSZFdFYmhzYW9zYXBEWmdpTF9qTkd2S015SnN0U0tpZ3FYeG1JeGRHeDJNZk1GbFFFN2VqRlI5Y1ZVUE9haGx4Z3NxZ05UajVBQ2t4SkdfeV9oMFUybg?oc=5\" target=\"_blank\" rel=\"noopener\">Deux clusters de rougeole identifi\u00e9s en Haute-Savoie, 32 cas d\u00e9tect\u00e9s<\/a>&nbsp;&nbsp;Kiss FM &#8211; L&rsquo;esprit du sud<\/li>\n<\/ol>\n","protected":false},"excerpt":{"rendered":"Haute-Savoie. Rougeole : deux clusters, 32 cas d\u00e9tect\u00e9s mais \u00ab pas d\u2019\u00e9pid\u00e9mie \u00bb&nbsp;&nbsp;Le Dauphin\u00e9 Lib\u00e9r\u00e9 Rougeole : deux&hellip;\n","protected":false},"author":2,"featured_media":125259,"comment_status":"","ping_status":"","sticky":false,"template":"","format":"standard","meta":{"footnotes":""},"categories":[10],"tags":[3856,4637,9543,107,1011,27,4638,72,71,4604],"class_list":{"0":"post-125258","1":"post","2":"type-post","3":"status-publish","4":"format-standard","5":"has-post-thumbnail","7":"category-sante","8":"tag-edition-annecy-rumilly-les-aravis","9":"tag-edition-grand-geneve-chablais-ain","10":"tag-edition-mont-blanc-arve","11":"tag-fil-info","12":"tag-fr","13":"tag-france","14":"tag-haute-savoie","15":"tag-health","16":"tag-sante","17":"tag-selection-abonne"},"share_on_mastodon":{"url":"https:\/\/pubeurope.com\/@fr\/114564492445213598","error":""},"_links":{"self":[{"href":"https:\/\/www.europesays.com\/fr\/wp-json\/wp\/v2\/posts\/125258","targetHints":{"allow":["GET"]}}],"collection":[{"href":"https:\/\/www.europesays.com\/fr\/wp-json\/wp\/v2\/posts"}],"about":[{"href":"https:\/\/www.europesays.com\/fr\/wp-json\/wp\/v2\/types\/post"}],"author":[{"embeddable":true,"href":"https:\/\/www.europesays.com\/fr\/wp-json\/wp\/v2\/users\/2"}],"replies":[{"embeddable":true,"href":"https:\/\/www.europesays.com\/fr\/wp-json\/wp\/v2\/comments?post=125258"}],"version-history":[{"count":0,"href":"https:\/\/www.europesays.com\/fr\/wp-json\/wp\/v2\/posts\/125258\/revisions"}],"wp:featuredmedia":[{"embeddable":true,"href":"https:\/\/www.europesays.com\/fr\/wp-json\/wp\/v2\/media\/125259"}],"wp:attachment":[{"href":"https:\/\/www.europesays.com\/fr\/wp-json\/wp\/v2\/media?parent=125258"}],"wp:term":[{"taxonomy":"category","embeddable":true,"href":"https:\/\/www.europesays.com\/fr\/wp-json\/wp\/v2\/categories?post=125258"},{"taxonomy":"post_tag","embeddable":true,"href":"https:\/\/www.europesays.com\/fr\/wp-json\/wp\/v2\/tags?post=125258"}],"curies":[{"name":"wp","href":"https:\/\/api.w.org\/{rel}","templated":true}]}}