{"id":125268,"date":"2025-05-24T19:40:08","date_gmt":"2025-05-24T19:40:08","guid":{"rendered":"https:\/\/www.europesays.com\/fr\/125268\/"},"modified":"2025-05-24T19:40:08","modified_gmt":"2025-05-24T19:40:08","slug":"un-nouveau-variant-detecte-en-france-pour-la-premiere-fois","status":"publish","type":"post","link":"https:\/\/www.europesays.com\/fr\/125268\/","title":{"rendered":"un nouveau variant d\u00e9tect\u00e9 en France pour la premi\u00e8re fois"},"content":{"rendered":"<p>Une <strong><a href=\"https:\/\/www.laprovence.com\/article\/sante\/82184203051373\/covid-19-progression-dun-nouveau-variant-jn-1-avant-les-fetes-de-fin-dannee\" target=\"_blank\" rel=\"noopener\">nouvelle souche du Covid-19<\/a>, NB.1.8.1<\/strong>, a \u00e9t\u00e9 d\u00e9tect\u00e9e en France, selon des informations de BFMTV, confirm\u00e9es par le Centre national de r\u00e9f\u00e9rence de Lyon, le laboratoire qui surveille l&rsquo;\u00e9mergence des variants. Pour l&rsquo;heure, 4 cas ont \u00e9t\u00e9 d\u00e9tect\u00e9s sur le territoire, cette souche n&rsquo;avait jamais \u00e9t\u00e9 d\u00e9couverte dans l&rsquo;Hexagone avant le mois de mars 2025.<\/p>\n<p>Ce variant inqui\u00e8te particuli\u00e8rement les autorit\u00e9s sanitaires apr\u00e8s une forte hausse des cas en <strong>Chine<\/strong>, notamment \u00e0 <strong>Hong Kong<\/strong>, o\u00f9 il circule de mani\u00e8re active, d&rsquo;apr\u00e8s les autorit\u00e9s locales.\u00a0<\/p>\n<p>Une flamb\u00e9e en Asie, des signes en Europe<\/p>\n<p>Le variant NB.1.8.1 ne se limite pas \u00e0 la Chine. D&rsquo;autres pays d&rsquo;Asie, comme <strong>Ta\u00efwan<\/strong>, rapportent une augmentation notable des passages aux urgences et une hausse du nombre de d\u00e9c\u00e8s li\u00e9s au virus, selon la cha\u00eene <strong>CBS<\/strong>.<\/p>\n<p>D&rsquo;apr\u00e8s le <strong>Centre europ\u00e9en de pr\u00e9vention et de contr\u00f4le des maladies (ECDC)<\/strong>, \u00ab\u00a0quelques s\u00e9quences de NB.1.8.1 ont \u00e9t\u00e9 soumises par des \u00c9tats membres de l&rsquo;UE\u00a0\u00bb. Notamment par l&rsquo;Allemagne, l&rsquo;Irlande, les Pays-Bas, l&rsquo;Espagne et la Su\u00e8de.\u00a0<\/p>\n<p>Pour l&rsquo;instant, <strong>le variant<\/strong> <strong>NB.1.8.1<\/strong> ne fait pas l&rsquo;objet d&rsquo;un classement sp\u00e9cifique par l&rsquo;ECDC. L&rsquo;agence pr\u00e9cise que le <strong>nombre de s\u00e9quences virales<\/strong> est encore relativement bas en Europe et que le niveau de circulation reste <strong>faible<\/strong> dans l&rsquo;Union europ\u00e9enne \u00e0 ce stade de l&rsquo;ann\u00e9e 2025.<\/p>\n<p>Ce virus, jug\u00e9 \u00ab\u00a0complexe\u00a0\u00bb suscite des inqui\u00e9tudes puisque d&rsquo;apr\u00e8s des donn\u00e9es en provenance de Chine, il aurait une capacit\u00e9 d'\u00a0\u00bb\u00e9vasion immunitaire\u00a0\u00bb. Cela signifie qu&rsquo;il pourrait contourner les d\u00e9fenses d\u00e9velopp\u00e9es apr\u00e8s une infection ou une vaccination.<\/p>\n<p>Cette d\u00e9couverte ne justifie pas, \u00e0 ce stade, le d\u00e9clenchement d&rsquo;un plan d&rsquo;action face \u00e0 une possible <a href=\"https:\/\/www.laprovence.com\/article\/faits-divers-justice\/578286132575215\/manque-de-masques-avant-le-covid-19-letat-condamne-a-indemniser-des-plaignants\" target=\"_blank\" rel=\"noopener\">nouvelle vague de Covid<\/a>, mais les sp\u00e9cialistes, surveillent d\u00e9sormais de pr\u00e8s l&rsquo;\u00e9volution de ce nouveau variant.<\/p>\n","protected":false},"excerpt":{"rendered":"Une nouvelle souche du Covid-19, NB.1.8.1, a \u00e9t\u00e9 d\u00e9tect\u00e9e en France, selon des informations de BFMTV, confirm\u00e9es par&hellip;\n","protected":false},"author":2,"featured_media":125269,"comment_status":"","ping_status":"","sticky":false,"template":"","format":"standard","meta":{"footnotes":""},"categories":[5],"tags":[17,11,4357,24838,1011,27,14,12,4565,471,3051,71,24504,28],"class_list":{"0":"post-125268","1":"post","2":"type-post","3":"status-publish","4":"format-standard","5":"has-post-thumbnail","7":"category-international","8":"tag-17","9":"tag-actualites","10":"tag-covid-19","11":"tag-detecte","12":"tag-fr","13":"tag-france","14":"tag-international","15":"tag-news","16":"tag-nouveau","17":"tag-pour","18":"tag-premiere","19":"tag-sante","20":"tag-variant","21":"tag-world"},"share_on_mastodon":{"url":"https:\/\/pubeurope.com\/@fr\/114564512081215828","error":""},"_links":{"self":[{"href":"https:\/\/www.europesays.com\/fr\/wp-json\/wp\/v2\/posts\/125268","targetHints":{"allow":["GET"]}}],"collection":[{"href":"https:\/\/www.europesays.com\/fr\/wp-json\/wp\/v2\/posts"}],"about":[{"href":"https:\/\/www.europesays.com\/fr\/wp-json\/wp\/v2\/types\/post"}],"author":[{"embeddable":true,"href":"https:\/\/www.europesays.com\/fr\/wp-json\/wp\/v2\/users\/2"}],"replies":[{"embeddable":true,"href":"https:\/\/www.europesays.com\/fr\/wp-json\/wp\/v2\/comments?post=125268"}],"version-history":[{"count":0,"href":"https:\/\/www.europesays.com\/fr\/wp-json\/wp\/v2\/posts\/125268\/revisions"}],"wp:featuredmedia":[{"embeddable":true,"href":"https:\/\/www.europesays.com\/fr\/wp-json\/wp\/v2\/media\/125269"}],"wp:attachment":[{"href":"https:\/\/www.europesays.com\/fr\/wp-json\/wp\/v2\/media?parent=125268"}],"wp:term":[{"taxonomy":"category","embeddable":true,"href":"https:\/\/www.europesays.com\/fr\/wp-json\/wp\/v2\/categories?post=125268"},{"taxonomy":"post_tag","embeddable":true,"href":"https:\/\/www.europesays.com\/fr\/wp-json\/wp\/v2\/tags?post=125268"}],"curies":[{"name":"wp","href":"https:\/\/api.w.org\/{rel}","templated":true}]}}