{"id":125274,"date":"2025-05-24T19:43:10","date_gmt":"2025-05-24T19:43:10","guid":{"rendered":"https:\/\/www.europesays.com\/fr\/125274\/"},"modified":"2025-05-24T19:43:10","modified_gmt":"2025-05-24T19:43:10","slug":"la-fouillouse-chez-naila-et-steven-les-chiens-sont-bichonnes","status":"publish","type":"post","link":"https:\/\/www.europesays.com\/fr\/125274\/","title":{"rendered":"La Fouillouse. Chez Na\u00efla et Steven, les chiens sont bichonn\u00e9s"},"content":{"rendered":"<p>Les dimanches matin, Na\u00efla et Steven organisent sur leur vaste domaine des cours collectifs avec des bin\u00f4mes \u00ab \u00a0ma\u00eetre-chien\u00a0 \u00bb.<\/p>\n<p>\u00ab \u00a0Nous avons plusieurs agr\u00e8s qui permettent de tester et d&rsquo;am\u00e9liorer l&rsquo;agilit\u00e9 de l&rsquo;animal, explique Steven. Mais aussi de travailler sa sociabilit\u00e9. Tout se fait sous forme de jeux\u00a0 \u00bb<\/p>\n<p>Canitopie pratique<\/p>\n<p>Prix de la pension sans repas\u00a0: 17\u00a0euros pour la nuit et la journ\u00e9e \u2013 13\u00a0euros pour uniquement la journ\u00e9e. Il est imp\u00e9ratif de r\u00e9server la place \u00e0 l&rsquo;avance. T\u00e9l.\u00a0: 06\u00a083\u00a062\u00a005\u00a058<\/p>\n<p>www.canitopie.fr<\/p>\n<p>Sur plus de 5\u00a0200 m2 , Na\u00efla Makhlouf, 26 ans, et Steven Champeymond, 32 ans, ont construit \u00ab\u00a0Canitopie\u00a0\u00bb\u00a0: un espace de bien-\u00eatre pour chiens. \u00ab\u00a0Le nom de notre nouvelle pension r\u00e9sume bien notre volont\u00e9\u00a0un brin utopique peut-\u00eatre\u00a0! \u00a0\u00bb, s\u2019amusent les deux entrepreneurs qui se connaissent depuis 2019 et ont d\u00e9j\u00e0 un long pass\u00e9 aux c\u00f4t\u00e9s de la gent canine.<\/p>\n<p>Un ancien chenil r\u00e9habilit\u00e9<\/p>\n<p>Passionn\u00e9s par les chiens depuis leur plus jeune \u00e2ge, ils ont fait les \u00e9tudes sp\u00e9cialis\u00e9es&#8230;<\/p>\n","protected":false},"excerpt":{"rendered":"Les dimanches matin, Na\u00efla et Steven organisent sur leur vaste domaine des cours collectifs avec des bin\u00f4mes \u00ab&hellip;\n","protected":false},"author":2,"featured_media":125275,"comment_status":"","ping_status":"","sticky":false,"template":"","format":"standard","meta":{"footnotes":""},"categories":[9653],"tags":[1111,11,2430,33,7539,1777,674,1011,27,12296,12,25,4001,9664],"class_list":{"0":"post-125274","1":"post","2":"type-post","3":"status-publish","4":"format-standard","5":"has-post-thumbnail","7":"category-saint-etienne","8":"tag-actu","9":"tag-actualites","10":"tag-auvergne-rhone-alpes","11":"tag-economie","12":"tag-edition-loire-sud","13":"tag-eu","14":"tag-europe","15":"tag-fr","16":"tag-france","17":"tag-la-fouillouse","18":"tag-news","19":"tag-republique-francaise","20":"tag-saint-etienne","21":"tag-saint-etienne-bassin"},"share_on_mastodon":{"url":"https:\/\/pubeurope.com\/@fr\/114564523848057463","error":""},"_links":{"self":[{"href":"https:\/\/www.europesays.com\/fr\/wp-json\/wp\/v2\/posts\/125274","targetHints":{"allow":["GET"]}}],"collection":[{"href":"https:\/\/www.europesays.com\/fr\/wp-json\/wp\/v2\/posts"}],"about":[{"href":"https:\/\/www.europesays.com\/fr\/wp-json\/wp\/v2\/types\/post"}],"author":[{"embeddable":true,"href":"https:\/\/www.europesays.com\/fr\/wp-json\/wp\/v2\/users\/2"}],"replies":[{"embeddable":true,"href":"https:\/\/www.europesays.com\/fr\/wp-json\/wp\/v2\/comments?post=125274"}],"version-history":[{"count":0,"href":"https:\/\/www.europesays.com\/fr\/wp-json\/wp\/v2\/posts\/125274\/revisions"}],"wp:featuredmedia":[{"embeddable":true,"href":"https:\/\/www.europesays.com\/fr\/wp-json\/wp\/v2\/media\/125275"}],"wp:attachment":[{"href":"https:\/\/www.europesays.com\/fr\/wp-json\/wp\/v2\/media?parent=125274"}],"wp:term":[{"taxonomy":"category","embeddable":true,"href":"https:\/\/www.europesays.com\/fr\/wp-json\/wp\/v2\/categories?post=125274"},{"taxonomy":"post_tag","embeddable":true,"href":"https:\/\/www.europesays.com\/fr\/wp-json\/wp\/v2\/tags?post=125274"}],"curies":[{"name":"wp","href":"https:\/\/api.w.org\/{rel}","templated":true}]}}