{"id":125278,"date":"2025-05-24T19:45:10","date_gmt":"2025-05-24T19:45:10","guid":{"rendered":"https:\/\/www.europesays.com\/fr\/125278\/"},"modified":"2025-05-24T19:45:10","modified_gmt":"2025-05-24T19:45:10","slug":"le-festival-aux-actes-citoyens-est-officiellement-ouvert","status":"publish","type":"post","link":"https:\/\/www.europesays.com\/fr\/125278\/","title":{"rendered":"le festival \u00ab\u00a0Aux actes citoyens\u00a0\u00bb est officiellement ouvert."},"content":{"rendered":"<p>Malgr\u00e9 un ciel morose, l\u2019ouverture officielle du festival a attir\u00e9 une foule enthousiaste, port\u00e9e par la magie du spectacle et l\u2019effervescence artistique. Des installations monumentales ont captiv\u00e9 le\u00a0public: un cheval et des oiseaux articul\u00e9s \u00e9voluant majestueusement, des sculptures audacieuses fa\u00e7onn\u00e9es \u00e0 partir de mat\u00e9riaux recycl\u00e9s, sans oublier des performances sonores immersives. De nombreux artistes de renom \u00e9taient pr\u00e9sents, apportant leur soutien \u00e0 ce projet artistique f\u00e9d\u00e9rateur o\u00f9 se croisent cr\u00e9ativit\u00e9 et partage. Une v\u00e9ritable c\u00e9l\u00e9bration artistique qui fait la fiert\u00e9 de Tomblaine.<\/p>\n","protected":false},"excerpt":{"rendered":"Malgr\u00e9 un ciel morose, l\u2019ouverture officielle du festival a attir\u00e9 une foule enthousiaste, port\u00e9e par la magie du&hellip;\n","protected":false},"author":2,"featured_media":125279,"comment_status":"","ping_status":"","sticky":false,"template":"","format":"standard","meta":{"footnotes":""},"categories":[9635],"tags":[1111,11,1704,1777,674,107,1011,27,2798,775,1702,12,25,3140,11703],"class_list":{"0":"post-125278","1":"post","2":"type-post","3":"status-publish","4":"format-standard","5":"has-post-thumbnail","7":"category-nancy","8":"tag-actu","9":"tag-actualites","10":"tag-edition-nancy-et-agglomeration","11":"tag-eu","12":"tag-europe","13":"tag-fil-info","14":"tag-fr","15":"tag-france","16":"tag-galerie-photo","17":"tag-grand-est","18":"tag-nancy","19":"tag-news","20":"tag-republique-francaise","21":"tag-spectacle","22":"tag-tomblaine"},"share_on_mastodon":{"url":"https:\/\/pubeurope.com\/@fr\/114564531768012891","error":""},"_links":{"self":[{"href":"https:\/\/www.europesays.com\/fr\/wp-json\/wp\/v2\/posts\/125278","targetHints":{"allow":["GET"]}}],"collection":[{"href":"https:\/\/www.europesays.com\/fr\/wp-json\/wp\/v2\/posts"}],"about":[{"href":"https:\/\/www.europesays.com\/fr\/wp-json\/wp\/v2\/types\/post"}],"author":[{"embeddable":true,"href":"https:\/\/www.europesays.com\/fr\/wp-json\/wp\/v2\/users\/2"}],"replies":[{"embeddable":true,"href":"https:\/\/www.europesays.com\/fr\/wp-json\/wp\/v2\/comments?post=125278"}],"version-history":[{"count":0,"href":"https:\/\/www.europesays.com\/fr\/wp-json\/wp\/v2\/posts\/125278\/revisions"}],"wp:featuredmedia":[{"embeddable":true,"href":"https:\/\/www.europesays.com\/fr\/wp-json\/wp\/v2\/media\/125279"}],"wp:attachment":[{"href":"https:\/\/www.europesays.com\/fr\/wp-json\/wp\/v2\/media?parent=125278"}],"wp:term":[{"taxonomy":"category","embeddable":true,"href":"https:\/\/www.europesays.com\/fr\/wp-json\/wp\/v2\/categories?post=125278"},{"taxonomy":"post_tag","embeddable":true,"href":"https:\/\/www.europesays.com\/fr\/wp-json\/wp\/v2\/tags?post=125278"}],"curies":[{"name":"wp","href":"https:\/\/api.w.org\/{rel}","templated":true}]}}