{"id":125299,"date":"2025-05-24T20:00:09","date_gmt":"2025-05-24T20:00:09","guid":{"rendered":"https:\/\/www.europesays.com\/fr\/125299\/"},"modified":"2025-05-24T20:00:09","modified_gmt":"2025-05-24T20:00:09","slug":"un-homme-interpelle-apres-avoir-jete-des-chiots-vivants-dans-une-poubelle-a-nice","status":"publish","type":"post","link":"https:\/\/www.europesays.com\/fr\/125299\/","title":{"rendered":"Un homme interpell\u00e9 apr\u00e8s avoir jet\u00e9 des chiots vivants dans une poubelle \u00e0 Nice"},"content":{"rendered":"<p>C&rsquo;est une sc\u00e8ne d&rsquo;une grande tristesse qu&rsquo;ont d\u00e9couvert des policiers, \u00e0 Nice. Selon nos confr\u00e8res de <a href=\"https:\/\/www.nicematin.com\/faits-divers\/nice-en-garde-a-vue-pour-avoir-jete-des-chiots-vivants-dans-une-poubelle-987085\" target=\"_blank\" rel=\"noopener\">Nice-Matin<\/a>, un \u00e9quipage de la police nationale a entendu des bruits, \u00e9mis depuis un container, le 7\u00a0mai dernier. En s&rsquo;approchant, ils ont d\u00e9couvert 3 chiots, de race <a href=\"https:\/\/www.laprovence.com\/article\/societe\/6317852\/le-staffordshire-bull-terrier-grand-favori-des-chiens-de-race-en-paca.html\" target=\"_blank\" rel=\"noopener\">Staffordshire Bull Terrier<\/a>.\u00a0<\/p>\n<p>Les chiens \u00e9taient en mauvaise sant\u00e9 et ont \u00e9t\u00e9 confi\u00e9s \u00e0 une clinique v\u00e9t\u00e9rinaire avant d&rsquo;\u00eatre pris en charge par une association. Malheureusement, deux chiots sont morts peu de temps apr\u00e8s.\u00a0<\/p>\n<p>\u00c9levage ill\u00e9gal de chiens<\/p>\n<p>Les policiers ont pu retrouver un suspect et l&rsquo;ont interpell\u00e9 jeudi dernier, avant d&rsquo;\u00eatre plac\u00e9 en garde \u00e0 vue. Les forces de l&rsquo;ordre ont \u00e9galement d\u00e9couvert que l&rsquo;homme poss\u00e9dait un \u00e9levage clandestin et un couple de \u00ab\u00a0staffie\u00a0\u00bb a \u00e9t\u00e9 saisi. Il a \u00e9t\u00e9 pris en charge par l&rsquo;association <a href=\"https:\/\/www.helloasso.com\/associations\/la-tribu-du-fourmilier?fbclid=IwY2xjawKeROZleHRuA2FlbQIxMABicmlkETAyQ0IyTExxYktkbWRTdEhmAR4nEBT5vWGK6GPmg5LZ1DHKpwwTC-bx0A9me2I8OdO6fXK-ukhHoI-AeGMI8Q_aem_YqiNwRV_IKtg4_avP677Iw\" target=\"_blank\" rel=\"noopener\">La tribu du Fourmilier<\/a>, tout comme le chiot survivant.\u00a0<\/p>\n<p>\u00ab\u00a0Dusty peut enfin dormir sur ses deux oreilles, la mort de ses fr\u00e8res ne sera pas rest\u00e9e impunie et sa maman ne servira plus d&rsquo;ut\u00e9rus\u00a0\u00bb, a soulign\u00e9 l&rsquo;association dans une publication sur Facebook. La Tribu du Fourmilier a d\u00e9pos\u00e9 une plainte.<\/p>\n","protected":false},"excerpt":{"rendered":"C&rsquo;est une sc\u00e8ne d&rsquo;une grande tristesse qu&rsquo;ont d\u00e9couvert des policiers, \u00e0 Nice. Selon nos confr\u00e8res de Nice-Matin, un&hellip;\n","protected":false},"author":2,"featured_media":125300,"comment_status":"","ping_status":"","sticky":false,"template":"","format":"standard","meta":{"footnotes":""},"categories":[2819],"tags":[17,1111,11,150,6661,24840,154,1777,674,1011,27,4933,9817,24839,12,2401,882,25,104],"class_list":{"0":"post-125299","1":"post","2":"type-post","3":"status-publish","4":"format-standard","5":"has-post-thumbnail","7":"category-nice","8":"tag-17","9":"tag-actu","10":"tag-actualites","11":"tag-apres","12":"tag-avoir","13":"tag-chiots","14":"tag-des","15":"tag-eu","16":"tag-europe","17":"tag-fr","18":"tag-france","19":"tag-homme","20":"tag-interpelle","21":"tag-jete","22":"tag-news","23":"tag-nice","24":"tag-provence-alpes-cote-dazur","25":"tag-republique-francaise","26":"tag-societe"},"share_on_mastodon":{"url":"https:\/\/pubeurope.com\/@fr\/114564590720369002","error":""},"_links":{"self":[{"href":"https:\/\/www.europesays.com\/fr\/wp-json\/wp\/v2\/posts\/125299","targetHints":{"allow":["GET"]}}],"collection":[{"href":"https:\/\/www.europesays.com\/fr\/wp-json\/wp\/v2\/posts"}],"about":[{"href":"https:\/\/www.europesays.com\/fr\/wp-json\/wp\/v2\/types\/post"}],"author":[{"embeddable":true,"href":"https:\/\/www.europesays.com\/fr\/wp-json\/wp\/v2\/users\/2"}],"replies":[{"embeddable":true,"href":"https:\/\/www.europesays.com\/fr\/wp-json\/wp\/v2\/comments?post=125299"}],"version-history":[{"count":0,"href":"https:\/\/www.europesays.com\/fr\/wp-json\/wp\/v2\/posts\/125299\/revisions"}],"wp:featuredmedia":[{"embeddable":true,"href":"https:\/\/www.europesays.com\/fr\/wp-json\/wp\/v2\/media\/125300"}],"wp:attachment":[{"href":"https:\/\/www.europesays.com\/fr\/wp-json\/wp\/v2\/media?parent=125299"}],"wp:term":[{"taxonomy":"category","embeddable":true,"href":"https:\/\/www.europesays.com\/fr\/wp-json\/wp\/v2\/categories?post=125299"},{"taxonomy":"post_tag","embeddable":true,"href":"https:\/\/www.europesays.com\/fr\/wp-json\/wp\/v2\/tags?post=125299"}],"curies":[{"name":"wp","href":"https:\/\/api.w.org\/{rel}","templated":true}]}}