{"id":125301,"date":"2025-05-24T20:01:10","date_gmt":"2025-05-24T20:01:10","guid":{"rendered":"https:\/\/www.europesays.com\/fr\/125301\/"},"modified":"2025-05-24T20:01:10","modified_gmt":"2025-05-24T20:01:10","slug":"la-riviera-souvre-a-la-capitale-americaine","status":"publish","type":"post","link":"https:\/\/www.europesays.com\/fr\/125301\/","title":{"rendered":"la Riviera s&rsquo;ouvre \u00e0 la capitale am\u00e9ricaine"},"content":{"rendered":"<p><strong>Le vol inaugural a marqu\u00e9 l\u2019entr\u00e9e de la C\u00f4te d\u2019Azur dans une nouvelle \u00e8re de connectivit\u00e9 transatlantique.<\/strong><\/p>\n<p>Depuis le 23 mai, les voyageurs de la Riviera fran\u00e7aise peuvent rejoindre Washington D.C. sans escale, gr\u00e2ce \u00e0 la nouvelle liaison saisonni\u00e8re d\u2019United Airlines. Cette route in\u00e9dite, op\u00e9r\u00e9e quatre fois par semaine en Boeing 767-300, consacre l\u2019attractivit\u00e9 croissante de Nice aupr\u00e8s de la client\u00e8le am\u00e9ricaine fortun\u00e9e.<\/p>\n<p>L\u2019inauguration de cette desserte s\u2019inscrit dans la plus vaste expansion internationale de l\u2019histoire de la compagnie a\u00e9rienne. Avec cette nouvelle ligne, United augmente de plus de 30% le nombre de si\u00e8ges propos\u00e9s au d\u00e9part de Nice vers les \u00c9tats-Unis pour l\u2019\u00e9t\u00e9 2025, t\u00e9moignant de l\u2019app\u00e9tit grandissant des Am\u00e9ricains pour les charmes azur\u00e9ens.<\/p>\n<p><img loading=\"lazy\" decoding=\"async\" width=\"1024\" height=\"576\" src=\"https:\/\/www.europesays.com\/fr\/wp-content\/uploads\/2025\/05\/nice-washignton-flight-1024x576.jpg\" alt=\"\" class=\"wp-image-294328\"  \/>@ A\u00e9roports de la C\u00f4te d\u2019Azur \/ J. Kelagopian<\/p>\n<p>\u00ab Ce vol sans escale offre encore plus de possibilit\u00e9s de voyage \u00e0 nos clients de Nice, de Monaco et de toute la C\u00f4te d\u2019Azur \u00bb, souligne Gr\u00e9goire Dutoit, directeur commercial France d\u2019United Airlines. La liaison ouvre \u00e9galement l\u2019acc\u00e8s \u00e0 plus de 130 destinations am\u00e9ricaines via les hubs de Washington D.C. et New York\/Newark.<\/p>\n<p>\u00c0 bord du Boeing 767-300, l\u2019exp\u00e9rience voyage se d\u00e9cline en trois classes : 30 suites United Polaris en classe affaires avec acc\u00e8s direct \u00e0 l\u2019all\u00e9e, 24 si\u00e8ges Premium Plus et 149 places en \u00e9conomique. La classe affaires propose une gastronomie raffin\u00e9e et des produits de bien-\u00eatre Therabody, tandis que les partenariats avec Saks Fifth Avenue rehaussent l\u2019exp\u00e9rience de vol.<\/p>\n<p class=\"related\"><a href=\"https:\/\/www.monaco-tribune.com\/2025\/03\/deux-nouveaux-restaurants-ouvrent-a-laeroport-nice-cote-dazur\/\" target=\"_blank\" rel=\"noopener\">Deux nouveaux restaurants ouvrent \u00e0 l\u2019A\u00e9roport Nice C\u00f4te d\u2019Azur<\/a><\/p>\n<p>Cette nouvelle route compl\u00e8te l\u2019offre existante Nice-New York\/Newark et s\u2019ajoute aux vols quotidiens Paris-\u00c9tats-Unis. Pour Franck Goldnadel, Pr\u00e9sident du Directoire d\u2019A\u00e9roports de la C\u00f4te d\u2019Azur, cette liaison \u00ab illustre l\u2019attractivit\u00e9 croissante de notre territoire \u00bb et r\u00e9pond \u00e0 la volont\u00e9 de \u00ab mieux connecter notre r\u00e9gion aux grandes m\u00e9tropoles mondiales \u00bb.<\/p>\n<p>Un pont a\u00e9rien de luxe qui transforme la g\u00e9ographie des voyages entre l\u2019Europe m\u00e9diterran\u00e9enne et l\u2019Am\u00e9rique.<\/p>\n","protected":false},"excerpt":{"rendered":"Le vol inaugural a marqu\u00e9 l\u2019entr\u00e9e de la C\u00f4te d\u2019Azur dans une nouvelle \u00e8re de connectivit\u00e9 transatlantique. Depuis&hellip;\n","protected":false},"author":2,"featured_media":125302,"comment_status":"","ping_status":"","sticky":false,"template":"","format":"standard","meta":{"footnotes":""},"categories":[2819],"tags":[1111,11,24841,1777,674,1011,27,12,2401,882,25],"class_list":{"0":"post-125301","1":"post","2":"type-post","3":"status-publish","4":"format-standard","5":"has-post-thumbnail","7":"category-nice","8":"tag-actu","9":"tag-actualites","10":"tag-aeroport-de-nice","11":"tag-eu","12":"tag-europe","13":"tag-fr","14":"tag-france","15":"tag-news","16":"tag-nice","17":"tag-provence-alpes-cote-dazur","18":"tag-republique-francaise"},"share_on_mastodon":{"url":"https:\/\/pubeurope.com\/@fr\/114564594666526728","error":""},"_links":{"self":[{"href":"https:\/\/www.europesays.com\/fr\/wp-json\/wp\/v2\/posts\/125301","targetHints":{"allow":["GET"]}}],"collection":[{"href":"https:\/\/www.europesays.com\/fr\/wp-json\/wp\/v2\/posts"}],"about":[{"href":"https:\/\/www.europesays.com\/fr\/wp-json\/wp\/v2\/types\/post"}],"author":[{"embeddable":true,"href":"https:\/\/www.europesays.com\/fr\/wp-json\/wp\/v2\/users\/2"}],"replies":[{"embeddable":true,"href":"https:\/\/www.europesays.com\/fr\/wp-json\/wp\/v2\/comments?post=125301"}],"version-history":[{"count":0,"href":"https:\/\/www.europesays.com\/fr\/wp-json\/wp\/v2\/posts\/125301\/revisions"}],"wp:featuredmedia":[{"embeddable":true,"href":"https:\/\/www.europesays.com\/fr\/wp-json\/wp\/v2\/media\/125302"}],"wp:attachment":[{"href":"https:\/\/www.europesays.com\/fr\/wp-json\/wp\/v2\/media?parent=125301"}],"wp:term":[{"taxonomy":"category","embeddable":true,"href":"https:\/\/www.europesays.com\/fr\/wp-json\/wp\/v2\/categories?post=125301"},{"taxonomy":"post_tag","embeddable":true,"href":"https:\/\/www.europesays.com\/fr\/wp-json\/wp\/v2\/tags?post=125301"}],"curies":[{"name":"wp","href":"https:\/\/api.w.org\/{rel}","templated":true}]}}