{"id":125303,"date":"2025-05-24T20:02:15","date_gmt":"2025-05-24T20:02:15","guid":{"rendered":"https:\/\/www.europesays.com\/fr\/125303\/"},"modified":"2025-05-24T20:02:15","modified_gmt":"2025-05-24T20:02:15","slug":"concerts-table-ronde-banquet-une-journee-de-fete-pour-les-communistes-pres-de-nantes","status":"publish","type":"post","link":"https:\/\/www.europesays.com\/fr\/125303\/","title":{"rendered":"Concerts, table ronde, banquet\u2026 une journ\u00e9e de f\u00eate pour les communistes pr\u00e8s de Nantes"},"content":{"rendered":"<p><a href=\"http:\/\/www.saint-nazaire.maville.com\/actu\/actudet_-didier-wampas-a-la-fete-du-parti-communiste-a-saint-nazaire_52719-2976093_actu.Htm?utm_source=troove&amp;utm_medium=site\" target=\"_self\" rel=\"noopener\">Longtemps organis\u00e9e \u00e0 Saint-Nazaire, la f\u00eate annuelle du parti communiste<\/a> (PC) revient cette ann\u00e9e. Mais cette fois, elle a pris ses quartiers d\u2019\u00e9t\u00e9 \u00e0 Saint-Herblain (Loire-Atlantique), dans la salle de la Carri\u00e8re. Au menu de la journ\u00e9e\u00a0: de la politique \u00e9videmment, mais pas que.<\/p>\n<p>D\u00e8s 10\u00a0h\u00a030, ce samedi 24\u00a0mai, Robin Salecroix, le patron du PC en Loire-Atlantique participait \u00e0 une table ronde avec le socialiste Bassem Asseh, l\u2019\u00e9cologiste Marie Vitoux et Marl\u00e8ne Collineau (l\u2019Apr\u00e8s) sur un sujet qui pr\u00e9occupe actuellement beaucoup des \u00e9lus\u00a0: la fermeture de bureaux de Poste, \u00ab\u00a0Services publics en danger\u00a0\u00bb.<\/p>\n<p>L\u2019apr\u00e8s-midi, ils causeront de la crise industrielle avec des syndicalistes. \u00c0 18\u00a0h, place \u00e0 la musique (pour 10\u00a0\u20ac) avec Simone d\u2019Opale, la ruse du P\u00e8re la Feinte. Et les punks rockeurs Tagada Jones qui rugiront peut-\u00eatre <strong>\u00ab\u00a0Gazoline, le dernier baril. Il est venu l\u2019heure du dernier baril\u00a0\u00bb.<\/strong><\/p>\n<p>\u00a0<\/p>\n","protected":false},"excerpt":{"rendered":"Longtemps organis\u00e9e \u00e0 Saint-Nazaire, la f\u00eate annuelle du parti communiste (PC) revient cette ann\u00e9e. Mais cette fois, elle&hellip;\n","protected":false},"author":2,"featured_media":125304,"comment_status":"","ping_status":"","sticky":false,"template":"","format":"standard","meta":{"footnotes":""},"categories":[2818],"tags":[1111,11,24842,13150,4156,1777,674,4768,1011,27,3465,766,12,2636,3762,25,4978,4611],"class_list":{"0":"post-125303","1":"post","2":"type-post","3":"status-publish","4":"format-standard","5":"has-post-thumbnail","7":"category-nantes","8":"tag-actu","9":"tag-actualites","10":"tag-banquet","11":"tag-communistes","12":"tag-concerts","13":"tag-eu","14":"tag-europe","15":"tag-fete","16":"tag-fr","17":"tag-france","18":"tag-journee","19":"tag-nantes","20":"tag-news","21":"tag-pays-de-la-loire","22":"tag-pres","23":"tag-republique-francaise","24":"tag-ronde","25":"tag-table"},"share_on_mastodon":{"url":"https:\/\/pubeurope.com\/@fr\/114564598542355985","error":""},"_links":{"self":[{"href":"https:\/\/www.europesays.com\/fr\/wp-json\/wp\/v2\/posts\/125303","targetHints":{"allow":["GET"]}}],"collection":[{"href":"https:\/\/www.europesays.com\/fr\/wp-json\/wp\/v2\/posts"}],"about":[{"href":"https:\/\/www.europesays.com\/fr\/wp-json\/wp\/v2\/types\/post"}],"author":[{"embeddable":true,"href":"https:\/\/www.europesays.com\/fr\/wp-json\/wp\/v2\/users\/2"}],"replies":[{"embeddable":true,"href":"https:\/\/www.europesays.com\/fr\/wp-json\/wp\/v2\/comments?post=125303"}],"version-history":[{"count":0,"href":"https:\/\/www.europesays.com\/fr\/wp-json\/wp\/v2\/posts\/125303\/revisions"}],"wp:featuredmedia":[{"embeddable":true,"href":"https:\/\/www.europesays.com\/fr\/wp-json\/wp\/v2\/media\/125304"}],"wp:attachment":[{"href":"https:\/\/www.europesays.com\/fr\/wp-json\/wp\/v2\/media?parent=125303"}],"wp:term":[{"taxonomy":"category","embeddable":true,"href":"https:\/\/www.europesays.com\/fr\/wp-json\/wp\/v2\/categories?post=125303"},{"taxonomy":"post_tag","embeddable":true,"href":"https:\/\/www.europesays.com\/fr\/wp-json\/wp\/v2\/tags?post=125303"}],"curies":[{"name":"wp","href":"https:\/\/api.w.org\/{rel}","templated":true}]}}