{"id":125305,"date":"2025-05-24T20:03:19","date_gmt":"2025-05-24T20:03:19","guid":{"rendered":"https:\/\/www.europesays.com\/fr\/125305\/"},"modified":"2025-05-24T20:03:19","modified_gmt":"2025-05-24T20:03:19","slug":"deux-incendies-de-voitures-dans-deux-quartiers-de-nantes-au-meme-moment","status":"publish","type":"post","link":"https:\/\/www.europesays.com\/fr\/125305\/","title":{"rendered":"Deux incendies de voitures dans deux quartiers de Nantes, au m\u00eame moment"},"content":{"rendered":"<tr wp_automatic_readability=\"3.8823529411765\">\n<td valign=\"middle\" align=\"center\" class=\"col-logo\">\n    <img decoding=\"async\" src=\"https:\/\/www.europesays.com\/fr\/wp-content\/uploads\/2025\/04\/presse-ocean.gif\" alt=\"logo Presse-Oc\u00e9an\" height=\"66\"\/><\/p>\n<\/td>\n<td class=\"col-titre\">\n\t\t\tSamedi 24 mai 2025 20:27<br \/>\n\t\t\t<a class=\"icon-bulle sizeL count\" href=\"#ancreAvis\"><br \/>\n\t&#8230;<br \/>\n<\/a><\/td>\n<\/tr>\n<p>\t\t<a class=\"mavillebox2 elmt-photo\" href=\"https:\/\/maville.com\/photosmvi\/2025\/05\/24\/P35249036D6823409G.jpg\" title=\" Trois v\u00e9hicules ont pris feu sur le parking du gymnase de la No\u00eb Lambert \u00e0 Nantes, samedi 24\u00a0mai  \u00a9  Photo Presse Oc\u00e9an-EP  &lt;!--TAG-BLC credit--&gt;\" rel=\"galerie_actu noopener\" target=\"_blank\"><br \/>\n\t<img decoding=\"async\" src=\"https:\/\/www.europesays.com\/fr\/wp-content\/uploads\/2025\/05\/P35249036D6823409G_crop_640-330_.jpg\" alt=\"photo  trois v\u00e9hicules ont pris feu sur le parking du gymnase de la no\u00eb lambert \u00e0 nantes, samedi 24\u00a0mai  \u00a9  photo presse oc\u00e9an-ep \"\/><br \/>\n\t1<br \/>\n<\/a><\/p>\n<p class=\"elmt-legende\"> Trois v\u00e9hicules ont pris feu sur le parking du gymnase de la No\u00eb Lambert \u00e0 Nantes, samedi 24\u00a0mai  \u00a9  Photo Presse Oc\u00e9an-EP  <\/p>\n<p>\t\tLes faits ne sont pas li\u00e9s mais quatre v\u00e9hicules ont pris feu dans la nuit de vendredi\u00a023 \u00e0 samedi 24\u00a0mai 2025, vers 1h du matin, dans deux quartiers de Nantes. Deux enqu\u00eates ont \u00e9t\u00e9 ouvertes.<\/p>\n<p><b>Cet article est r\u00e9serv\u00e9 aux abonn\u00e9s<\/b><\/p>\n<p>Pour un acc\u00e8s imm\u00e9diat, abonnez-vous<\/p>\n<p><b>1\u00e8re semaine offerte<\/b><\/p>\n<p>\t\t Emilie Plantard \u00a0\u00a0<br \/>\n\t\tPresse-Oc\u00e9an<\/p>\n<p>Retrouvez d&rsquo;autres actus sur la commune de :<\/p>\n<p>\t\t&#13;<\/p>\n","protected":false},"excerpt":{"rendered":"Samedi 24 mai 2025 20:27 &#8230; 1 Trois v\u00e9hicules ont pris feu sur le parking du gymnase de&hellip;\n","protected":false},"author":2,"featured_media":125306,"comment_status":"","ping_status":"","sticky":false,"template":"","format":"standard","meta":{"footnotes":""},"categories":[2818],"tags":[1111,11,1777,674,1011,27,5383,3133,9862,766,12,2636,5116,25,3888],"class_list":{"0":"post-125305","1":"post","2":"type-post","3":"status-publish","4":"format-standard","5":"has-post-thumbnail","7":"category-nantes","8":"tag-actu","9":"tag-actualites","10":"tag-eu","11":"tag-europe","12":"tag-fr","13":"tag-france","14":"tag-incendies","15":"tag-meme","16":"tag-moment","17":"tag-nantes","18":"tag-news","19":"tag-pays-de-la-loire","20":"tag-quartiers","21":"tag-republique-francaise","22":"tag-voitures"},"share_on_mastodon":{"url":"https:\/\/pubeurope.com\/@fr\/114564602662470860","error":""},"_links":{"self":[{"href":"https:\/\/www.europesays.com\/fr\/wp-json\/wp\/v2\/posts\/125305","targetHints":{"allow":["GET"]}}],"collection":[{"href":"https:\/\/www.europesays.com\/fr\/wp-json\/wp\/v2\/posts"}],"about":[{"href":"https:\/\/www.europesays.com\/fr\/wp-json\/wp\/v2\/types\/post"}],"author":[{"embeddable":true,"href":"https:\/\/www.europesays.com\/fr\/wp-json\/wp\/v2\/users\/2"}],"replies":[{"embeddable":true,"href":"https:\/\/www.europesays.com\/fr\/wp-json\/wp\/v2\/comments?post=125305"}],"version-history":[{"count":0,"href":"https:\/\/www.europesays.com\/fr\/wp-json\/wp\/v2\/posts\/125305\/revisions"}],"wp:featuredmedia":[{"embeddable":true,"href":"https:\/\/www.europesays.com\/fr\/wp-json\/wp\/v2\/media\/125306"}],"wp:attachment":[{"href":"https:\/\/www.europesays.com\/fr\/wp-json\/wp\/v2\/media?parent=125305"}],"wp:term":[{"taxonomy":"category","embeddable":true,"href":"https:\/\/www.europesays.com\/fr\/wp-json\/wp\/v2\/categories?post=125305"},{"taxonomy":"post_tag","embeddable":true,"href":"https:\/\/www.europesays.com\/fr\/wp-json\/wp\/v2\/tags?post=125305"}],"curies":[{"name":"wp","href":"https:\/\/api.w.org\/{rel}","templated":true}]}}