{"id":125317,"date":"2025-05-24T20:10:17","date_gmt":"2025-05-24T20:10:17","guid":{"rendered":"https:\/\/www.europesays.com\/fr\/125317\/"},"modified":"2025-05-24T20:10:17","modified_gmt":"2025-05-24T20:10:17","slug":"qu-est-ce-que-la-course-des-flammes-qui-se-deroule-ce-soir-au-chateau-des-sourires-a-marseille","status":"publish","type":"post","link":"https:\/\/www.europesays.com\/fr\/125317\/","title":{"rendered":"qu-est-ce que la course des Flammes, qui se d\u00e9roule ce soir au Ch\u00e2teau des sourires \u00e0 Marseille ?"},"content":{"rendered":"<p>Une journ\u00e9e pour faire battre les c\u0153urs, bouger les jambes&#8230; et allumer l&rsquo;espoir. Depuis novembre, Fr\u00e9d\u00e9ric Sotteau et Lucile Magnaldi, aux commandes de\u00a0Sourire \u00e0 la Vie, peaufinent une \u00e9dition in\u00e9dite. Pour la premi\u00e8re fois, la course devient une v\u00e9ritable comp\u00e9tition, avec deux trails de 10 et 20 km reconnus par l&rsquo;ACD (association des courses durables). Mais le symbole de l&rsquo;\u00e9v\u00e9nement reste le m\u00eame, celui de l&rsquo;engagement aupr\u00e8s des enfants atteints de cancer.<\/p>\n<p>\u00ab\u00a0Chaque participant court avec une flamme symbolique, pour rappeler que ces enfants sont au centre de nos efforts, souligne Fr\u00e9d\u00e9ric Sotteau. Ce n&rsquo;est pas qu&rsquo;une course : c&rsquo;est une cha\u00eene humaine de solidarit\u00e9.\u00a0\u00bb<\/p>\n<p>Une journ\u00e9e d&rsquo;\u00e9changes, de f\u00eate et de force<\/p>\n<p>Autre grande nouveaut\u00e9 : le tout premier Congr\u00e8s des patients, qui se tiendra de 14h30 \u00e0 17h au ch\u00e2teau des Sourires. Ce sera le premier rassemblement r\u00e9gional d\u00e9di\u00e9 \u00e0 l&rsquo;onco-p\u00e9diatrie (la prise en charge des enfants), r\u00e9unissant jeunes patients, professionnels de sant\u00e9 et familles.\u00a0\u00bbCe moment de parole est essentiel. Il donne aux enfants une place centrale dans la r\u00e9flexion sur leur parcours de soin\u00a0\u00bb, explique Lucile Magnaldi.<\/p>\n<p>En parall\u00e8le, le village sportif d\u00e9ploiera une palette d&rsquo;activit\u00e9s ouvertes \u00e0 tous : boxe, jiu-jitsu, course d&rsquo;orientation, ateliers de pr\u00e9vention solaire et animations \u00e9ducatives. Parmi les soutiens pr\u00e9sents, plusieurs personnalit\u00e9s venues de diff\u00e9rents univers : les m\u00e9decins-influenceurs Dr Never et Mon.gyneco (team Sant\u00e9 Organis\u00e9e) pour la pr\u00e9vention et la p\u00e9dagogie, Alicebruns pour le sport et l&rsquo;esprit d&rsquo;\u00e9quipe, et les humoristes Merwan Sali et Alban Ivanov pour offrir sourires et \u00e9nergie \u00e0 tous. \u00ab\u00a0Voir autant de monde se mobiliser, c&rsquo;est une force incroyable pour les enfants que nous accompagnons\u00a0\u00bb,\u00a0ajoute l&rsquo;organisateur.<\/p>\n<p>D\u00e9j\u00e0 plus de 200\u00a0000 \u20ac ont \u00e9t\u00e9 collect\u00e9s.<\/p>\n<p>D\u00e9parts du ch\u00e2teau des sourires \u00e0 17h50 (20 km) et 18h (10 km).<\/p>\n","protected":false},"excerpt":{"rendered":"Une journ\u00e9e pour faire battre les c\u0153urs, bouger les jambes&#8230; et allumer l&rsquo;espoir. Depuis novembre, Fr\u00e9d\u00e9ric Sotteau et&hellip;\n","protected":false},"author":2,"featured_media":125318,"comment_status":"","ping_status":"","sticky":false,"template":"","format":"standard","meta":{"footnotes":""},"categories":[2814],"tags":[17,1111,11,6466,154,1777,674,14635,1011,27,884,12,16882,882,12470,746,25,60],"class_list":{"0":"post-125317","1":"post","2":"type-post","3":"status-publish","4":"format-standard","5":"has-post-thumbnail","7":"category-marseille","8":"tag-17","9":"tag-actu","10":"tag-actualites","11":"tag-course","12":"tag-des","13":"tag-eu","14":"tag-europe","15":"tag-flammes","16":"tag-fr","17":"tag-france","18":"tag-marseille","19":"tag-news","20":"tag-pedestre","21":"tag-provence-alpes-cote-dazur","22":"tag-quest-ce","23":"tag-que","24":"tag-republique-francaise","25":"tag-sports"},"share_on_mastodon":{"url":"https:\/\/pubeurope.com\/@fr\/114564630083687853","error":""},"_links":{"self":[{"href":"https:\/\/www.europesays.com\/fr\/wp-json\/wp\/v2\/posts\/125317","targetHints":{"allow":["GET"]}}],"collection":[{"href":"https:\/\/www.europesays.com\/fr\/wp-json\/wp\/v2\/posts"}],"about":[{"href":"https:\/\/www.europesays.com\/fr\/wp-json\/wp\/v2\/types\/post"}],"author":[{"embeddable":true,"href":"https:\/\/www.europesays.com\/fr\/wp-json\/wp\/v2\/users\/2"}],"replies":[{"embeddable":true,"href":"https:\/\/www.europesays.com\/fr\/wp-json\/wp\/v2\/comments?post=125317"}],"version-history":[{"count":0,"href":"https:\/\/www.europesays.com\/fr\/wp-json\/wp\/v2\/posts\/125317\/revisions"}],"wp:featuredmedia":[{"embeddable":true,"href":"https:\/\/www.europesays.com\/fr\/wp-json\/wp\/v2\/media\/125318"}],"wp:attachment":[{"href":"https:\/\/www.europesays.com\/fr\/wp-json\/wp\/v2\/media?parent=125317"}],"wp:term":[{"taxonomy":"category","embeddable":true,"href":"https:\/\/www.europesays.com\/fr\/wp-json\/wp\/v2\/categories?post=125317"},{"taxonomy":"post_tag","embeddable":true,"href":"https:\/\/www.europesays.com\/fr\/wp-json\/wp\/v2\/tags?post=125317"}],"curies":[{"name":"wp","href":"https:\/\/api.w.org\/{rel}","templated":true}]}}