{"id":125321,"date":"2025-05-24T20:12:12","date_gmt":"2025-05-24T20:12:12","guid":{"rendered":"https:\/\/www.europesays.com\/fr\/125321\/"},"modified":"2025-05-24T20:12:12","modified_gmt":"2025-05-24T20:12:12","slug":"biennale-de-la-danse-2025-des-danses-recyclees-pour-le-defile","status":"publish","type":"post","link":"https:\/\/www.europesays.com\/fr\/125321\/","title":{"rendered":"Biennale de la Danse 2025 : des \u00ab\u00a0danses recycl\u00e9es\u00a0\u00bb pour le d\u00e9fil\u00e9"},"content":{"rendered":"<p>La Biennale de la danse de Lyon revient du 6 au 28 septembre 2025 et en r\u00e9gion jusqu\u2019au 17 octobre 2025. La Biennale de la danse est reconnue aupr\u00e8s des professionnels, de la presse et du public. Elle compte, avec la Biennale d\u2019art contemporain, parmi les plus grandes manifestations internationales de la cr\u00e9ation contemporaine.<\/p>\n<p>Cr\u00e9\u00e9e en 1984 \u00e0 Lyon, la <strong>Biennale de la danse<\/strong> a donn\u00e9 \u00e0 la ville ainsi qu\u2019\u00e0 la r\u00e9gion une place majeure sur la sc\u00e8ne de la <strong>danse<\/strong> internationale. Elle investit de nombreuses salles de spectacle dans 28 villes de la r\u00e9gion ainsi que les rues. Avec son mythique d\u00e9fil\u00e9 qui, cette ann\u00e9e, sera port\u00e9 sur les \u00ab\u00a0danses recycl\u00e9es\u00a0\u00bb. Tiago Guedes, directeur artistique de la <strong>Biennale de la danse,<\/strong> nous en parle.<\/p>\n<p>Un d\u00e9fil\u00e9 sur le th\u00e8me des danses recycl\u00e9es\u2026<\/p>\n<p>\u00ab Le th\u00e8me du <strong>d\u00e9fil\u00e9<\/strong>, ce sont les <strong>danses recycl\u00e9es<\/strong>, avec l\u2019id\u00e9e que l\u2019on peut r\u00e9imaginer les danses de la soci\u00e9t\u00e9. On a invit\u00e9 8 artistes pour r\u00e9\u00e9crire ces danses avec l\u2019id\u00e9e que la danse est partout et que tout le monde danse. Et on a choisi ce th\u00e8me car on a l\u2019impression que la <strong>danse<\/strong>, c\u2019est quelque chose de <strong>tr\u00e8s \u00e9litiste<\/strong>, alors que non. On peut regarder la danse, la transformer pour faire honneur aux danses de soci\u00e9t\u00e9. \u00bb<\/p>\n<p>Ecoutez le podcast<\/p>\n<p>Biennale de la Danse 2025<\/p>\n<p>La grande parade qui sonne l\u2019ouverture de la <strong>Biennale de la danse<\/strong> r\u00e9unit <strong>3 500 participants<\/strong> qui d\u00e9fileront de la place des Terreaux jusqu\u2019\u00e0 Bellecour, le 7 septembre 2025.<\/p>\n<p><img fetchpriority=\"high\" decoding=\"async\" width=\"1200\" height=\"675\" src=\"https:\/\/www.europesays.com\/fr\/wp-content\/uploads\/2025\/05\/Tiago-Guedes.jpg\" alt=\"Tiago Guedes\" class=\"wp-image-249597\"  \/>Tiago Guedes<\/p>\n<p>Ce <strong>d\u00e9fil\u00e9<\/strong> sera constitu\u00e9 de 8 groupes venus de toute la r\u00e9gion et aussi d\u2019un 9\u1d49 groupe in\u00e9dit plac\u00e9 sous la direction de <strong>Diego Dantas<\/strong>, qui marquera la fin du d\u00e9fil\u00e9.<\/p>\n<p>Une explication de Marianne Feder, adjointe \u00e0 la programmation pour la Biennale de la danse de Lyon : \u00ab C\u2019est le groupe de cl\u00f4ture et qui embarquera tous les spectateurs et spectatrices pour continuer la parade en suivant les groupes avec des DJ et pour terminer sur la place Bellecour \u00bb.<\/p>\n<p>Ecoutez aussi : <a href=\"https:\/\/www.lyondemain.fr\/place-hubert-mounier-lyon-inauguration\/\" target=\"_blank\" rel=\"noreferrer noopener\">Place Hubert Mounier : l\u2019univers d\u2019un gone aux 1000 vies<\/a><\/p>\n<p>40 spectacles et beaucoup d\u2019activit\u00e9s gratuites<\/p>\n<p>Cette 21\u1d49 \u00e9dition de la <strong>Biennale de la danse<\/strong> regroupera <strong>40 spectacles<\/strong> avec une soixantaine de <strong>chor\u00e9graphes <\/strong>et plus de 500 <strong>artistes<\/strong>. Afin de permettre \u00e0 tout le monde d\u2019avoir acc\u00e8s \u00e0 la <strong>culture<\/strong> de la <strong>danse<\/strong>, certaines activit\u00e9s seront gratuites. L\u2019adjointe \u00e0 la programmation pour la Biennale de la danse les \u00e9voque : \u00ab Il y a beaucoup d\u2019<strong>activit\u00e9s gratuites<\/strong>. Toute une programmation sur l\u2019espace public, sur diff\u00e9rentes places ou dans des villes de la r\u00e9gion. Le <strong>d\u00e9fil\u00e9<\/strong>, bien \u00e9videmment. Enfin, une programmation d\u2019<strong>artistes du monde<\/strong> nomm\u00e9e Forum. Ils proposeront des rencontres, des <strong>performances<\/strong>, etc. Ce forum se tiendra \u00e0 l\u2019<strong>H\u00f4tel-Dieu<\/strong>. \u00bb<\/p>\n<blockquote class=\"instagram-media\" data-instgrm-captioned=\"\" data-instgrm-permalink=\"https:\/\/www.instagram.com\/p\/DIlSrKpiCfr\/?utm_source=ig_embed&amp;utm_campaign=loading\" data-instgrm-version=\"14\" style=\" background:#FFF; border:0; border-radius:3px; box-shadow:0 0 1px 0 rgba(0,0,0,0.5),0 1px 10px 0 rgba(0,0,0,0.15); margin: 1px; max-width:540px; min-width:326px; padding:0; width:99.375%; width:-webkit-calc(100% - 2px); width:calc(100% - 2px);\"\/>\n<p>Pour m\u00ealer <strong>activit\u00e9s<\/strong> et <strong>spectacles<\/strong>, la <strong>Biennale de la Danse<\/strong> ne l\u00e9sine pas. Il sera notamment possible de rejoindre le fameux <strong>9\u1d49 groupe<\/strong> qui ex\u00e9cutera <strong>la plus grande parade chor\u00e9graphi\u00e9e<\/strong>. Un meeting point se tiendra \u00e0 la <strong>Cit\u00e9 Internationale de la Gastronomie<\/strong> afin de rencontrer les <strong>chor\u00e9graphes<\/strong> ou de d\u00e9couvrir les <strong>installations visuelles<\/strong>.<\/p>\n<p>Ecoutez aussi : <a href=\"https:\/\/www.lyondemain.fr\/every-bodies-defile-mode-handicap\/\" target=\"_blank\" rel=\"noreferrer noopener\">Every Bodies : \u00ab\u00a0Plus on parle du handicap, plus on le banalise\u00a0\u00bb<\/a><\/p>\n<p>Club Bingo : la Biennale de nuit<\/p>\n<p>Une autre activit\u00e9 nocturne est expliqu\u00e9e par Marianne Feder. \u00ab La programmation <strong>Club Bingo<\/strong>, c\u2019est le <strong>programme nuit de la Biennale de la Danse<\/strong>. On invite des <strong>artistes<\/strong> et des <strong>collectifs<\/strong> issus de la <strong>sc\u00e8ne underground<\/strong> \u00e0 venir performer et faire des soir\u00e9es. Elles se d\u00e9rouleront en fin de semaine : vendredi et samedi. Ce <strong>club Bingo<\/strong> est nomade car il sera dans plusieurs lieux de Lyon. \u00bb<\/p>\n<p>La billetterie ouverte \u00e0 partir du 23 mai \u00e0 13h avec des r\u00e9ductions jusqu\u2019\u00e0 -30 % selon le nombre de spectacles choisis. Tarifs r\u00e9duits pour les \u00e9tudiants, demandeurs d\u2019emploi ou abonn\u00e9s TCL. Billets disponibles en ligne et aussi \u00e0 la Cit\u00e9 Internationale de la Gastronomie.<\/p>\n<p>Ecoutez aussi : <a href=\"https:\/\/www.lyondemain.fr\/dignes-spectacle-compagnie-albert-claquemure\/\" target=\"_blank\" rel=\"noreferrer noopener\">\u00ab\u00a0Dignes !\u00a0\u00bb : dernier spectacle de la Compagnie Albert Claquemur\u00e9<\/a><\/p>\n<p><img loading=\"lazy\" decoding=\"async\" width=\"1200\" height=\"675\" src=\"https:\/\/www.europesays.com\/fr\/wp-content\/uploads\/2025\/05\/danses-recyclees.jpg\" alt=\"danses recycl\u00e9es\" class=\"wp-image-249596\"  \/><br \/>\nJ\u2019aime \u00e7a\u00a0:<\/p>\n<p>J\u2019aime chargement\u2026<\/p>\n<p><a class=\"sd-link-color\"\/><\/p>\n<p>\n\tArticles similaires\n<\/p>\n<p>\t\t\t\t<img decoding=\"async\" src=\"https:\/\/www.europesays.com\/fr\/wp-content\/uploads\/2025\/05\/1748117532_162_7866158698e17e8ed633c05e8f8e7fe5d9e057ad78661c4dc34e413abb6b9f19\" alt=\"G\u00e9rald Bouchon\"\/><\/p>\n<p>Pionnier des radios libres, passionn\u00e9 de radio, journaliste et dirigeant de m\u00e9dias \u00e9co-responsables..<\/p>\n<p>\t\t\t<script async src=\"\/\/www.instagram.com\/embed.js\"><\/script><\/p>\n","protected":false},"excerpt":{"rendered":"La Biennale de la danse de Lyon revient du 6 au 28 septembre 2025 et en r\u00e9gion jusqu\u2019au&hellip;\n","protected":false},"author":2,"featured_media":125322,"comment_status":"","ping_status":"","sticky":false,"template":"","format":"standard","meta":{"footnotes":""},"categories":[1889],"tags":[1111,11,2430,24843,24844,5972,24845,1777,674,1011,27,2428,12,25,24846],"class_list":{"0":"post-125321","1":"post","2":"type-post","3":"status-publish","4":"format-standard","5":"has-post-thumbnail","7":"category-lyon","8":"tag-actu","9":"tag-actualites","10":"tag-auvergne-rhone-alpes","11":"tag-biennale-de-la-danse","12":"tag-club-bingo","13":"tag-danse","14":"tag-defile-de-la-biennale","15":"tag-eu","16":"tag-europe","17":"tag-fr","18":"tag-france","19":"tag-lyon","20":"tag-news","21":"tag-republique-francaise","22":"tag-tiago-guedes"},"share_on_mastodon":{"url":"https:\/\/pubeurope.com\/@fr\/114564637970652827","error":""},"_links":{"self":[{"href":"https:\/\/www.europesays.com\/fr\/wp-json\/wp\/v2\/posts\/125321","targetHints":{"allow":["GET"]}}],"collection":[{"href":"https:\/\/www.europesays.com\/fr\/wp-json\/wp\/v2\/posts"}],"about":[{"href":"https:\/\/www.europesays.com\/fr\/wp-json\/wp\/v2\/types\/post"}],"author":[{"embeddable":true,"href":"https:\/\/www.europesays.com\/fr\/wp-json\/wp\/v2\/users\/2"}],"replies":[{"embeddable":true,"href":"https:\/\/www.europesays.com\/fr\/wp-json\/wp\/v2\/comments?post=125321"}],"version-history":[{"count":0,"href":"https:\/\/www.europesays.com\/fr\/wp-json\/wp\/v2\/posts\/125321\/revisions"}],"wp:featuredmedia":[{"embeddable":true,"href":"https:\/\/www.europesays.com\/fr\/wp-json\/wp\/v2\/media\/125322"}],"wp:attachment":[{"href":"https:\/\/www.europesays.com\/fr\/wp-json\/wp\/v2\/media?parent=125321"}],"wp:term":[{"taxonomy":"category","embeddable":true,"href":"https:\/\/www.europesays.com\/fr\/wp-json\/wp\/v2\/categories?post=125321"},{"taxonomy":"post_tag","embeddable":true,"href":"https:\/\/www.europesays.com\/fr\/wp-json\/wp\/v2\/tags?post=125321"}],"curies":[{"name":"wp","href":"https:\/\/api.w.org\/{rel}","templated":true}]}}